{"id":6460,"date":"2026-02-19T02:43:13","date_gmt":"2026-02-19T05:43:13","guid":{"rendered":"https:\/\/prensahoy.com\/index.php\/2026\/02\/19\/la-agencia-efe-la-primera-agencia-de-noticias-en-espanol-en-el-mundo-recibe-a-los-alumnos-de-periodismo-de-la-ue-europea-media\/"},"modified":"2026-02-19T02:43:13","modified_gmt":"2026-02-19T05:43:13","slug":"la-agencia-efe-la-primera-agencia-de-noticias-en-espanol-en-el-mundo-recibe-a-los-alumnos-de-periodismo-de-la-ue-europea-media","status":"publish","type":"post","link":"https:\/\/prensahoy.com\/index.php\/2026\/02\/19\/la-agencia-efe-la-primera-agencia-de-noticias-en-espanol-en-el-mundo-recibe-a-los-alumnos-de-periodismo-de-la-ue-europea-media\/","title":{"rendered":"La Agencia EFE, la primera agencia de noticias en espa\u00f1ol en el mundo, recibe a los alumnos de periodismo de la UE \u2013 Europea Media"},"content":{"rendered":"<div>\n<p>Nicol\u00e1s Morata y Diego Ruiz<\/p>\n<p>El mi\u00e9rcoles 18de febrero, la Agencia EFE abri\u00f3 sus puertas a los alumnos de periodismo de la Universidad Europea de Madrid, donde Juan Lara (adjunto al director de la escuela de periodismo EFE) aport\u00f3 sus conocimientos y experiencia a los alumnos y les explic\u00f3 c\u00f3mo funciona una de las mejores agencias de noticias del mundo.<\/p>\n<figure class=\"wp-block-image size-full\"><figcaption class=\"wp-element-caption\">Charla de Juan Lara. FOTO: Manuela Chica.<\/figcaption><\/figure>\n<p>Fundada en 1939 en Burgos, en plena Guerra Civil espa\u00f1ola, la agencia EFE naci\u00f3 de la uni\u00f3n de varias agencias previas, y aunque no se conoce con certeza el significado de sus siglas, es la primera agencia de noticias en espa\u00f1ol y la cuarta a nivel global. Su sede central se encuentra en Madrid, en la Avenida de Burgos, adem\u00e1s de en Barcelona pero su presencia se extiende a 180 pa\u00edses de todo el mundo.<\/p>\n<p>Juan Lara, durante la visita a la Escuela de Periodismo EFE, destac\u00f3 que es una empresa p\u00fablica sin ideolog\u00eda ni l\u00ednea editorial, cuya misi\u00f3n es \u201ccontar todo lo que ocurre en Espa\u00f1a y en el mundo\u201d , con especial atenci\u00f3n a Am\u00e9rica Latina. El espa\u00f1ol es su idioma principal, aunque tambi\u00e9n produce contenidos en ingl\u00e9s, \u00e1rabe, portugu\u00e9s y catal\u00e1n. \u201cSi los que hablamos espa\u00f1ol no lo defendemos, los que hablan ingl\u00e9s no lo van a defender\u201d, afirm\u00f3.<\/p>\n<figure class=\"wp-block-image size-large is-resized\"><img loading=\"lazy\" loading=\"lazy\" decoding=\"async\" width=\"1024\" height=\"576\" src=\"https:\/\/europeamedia.es\/wp-content\/uploads\/2026\/02\/49CC085C-FC94-44CA-ADA6-DEB7974EA891-39940-00000D0C8567A057-1024x576.png\" alt=\"\" class=\"wp-image-49951\" style=\"width:1200px;height:auto\" srcset=\"https:\/\/europeamedia.es\/wp-content\/uploads\/2026\/02\/49CC085C-FC94-44CA-ADA6-DEB7974EA891-39940-00000D0C8567A057-1024x576.png 1024w, https:\/\/europeamedia.es\/wp-content\/uploads\/2026\/02\/49CC085C-FC94-44CA-ADA6-DEB7974EA891-39940-00000D0C8567A057-300x169.png 300w, https:\/\/europeamedia.es\/wp-content\/uploads\/2026\/02\/49CC085C-FC94-44CA-ADA6-DEB7974EA891-39940-00000D0C8567A057-768x432.png 768w, https:\/\/europeamedia.es\/wp-content\/uploads\/2026\/02\/49CC085C-FC94-44CA-ADA6-DEB7974EA891-39940-00000D0C8567A057-1536x864.png 1536w, https:\/\/europeamedia.es\/wp-content\/uploads\/2026\/02\/49CC085C-FC94-44CA-ADA6-DEB7974EA891-39940-00000D0C8567A057-2048x1152.png 2048w\" sizes=\"auto, (max-width: 1024px) 100vw, 1024px\"\/><\/figure>\n<p>Alumnos UEM en la charla de la Agencia EFE. Foto: Manuela Chica.<\/p>\n<p>La agencia funciona las 24 horas del d\u00eda. Cuando Madrid cierra, entra en acci\u00f3n la mesa de Am\u00e9rica, y operan tambi\u00e9n las mesas de Bogot\u00e1 y Bangkok (esta \u00faltima en ingl\u00e9s). La redacci\u00f3n se organiza en grandes \u00e1reas: Nacional, Internacional, Econom\u00eda, Deportes, Audiovisual y Contenidos Digitales, sin dejar de lado \u00e1mbitos como la sanidad o el feminismo, con proyectos espec\u00edficos como EFEMINISTA y EFEverde.<\/p>\n<p>En total, cerca de 3.000 profesionales trabajan para la agencia, alrededor de 600 en Espa\u00f1a, entre periodistas, fot\u00f3grafos y personal t\u00e9cnico. EFE distribuye anualmente tres millones de noticias, 600.000 v\u00eddeos y un mill\u00f3n de fotograf\u00edas. Su departamento de fotograf\u00eda es considerado \u201cla joya de la agencia\u201d, con im\u00e1genes \u00fanicas y premiadas que han marcado la historia.<\/p>\n<p>Uno de los ejemplos que se mencionaron, fu\u00e9 la im\u00e1gen del encuentro Francisco Franco y Adolf Hitler en 1940: la fotograf\u00eda publicada en su d\u00eda fu\u00e9 manipulada, ya que la original mostraba a Franco con los ojos cerrados y sin elementos militares que despu\u00e9s se a\u00f1adieron. Este caso sirvi\u00f3 para subrayar la importancia de la verificaci\u00f3n. En la actualidad, la agencia cuenta con un departamento espec\u00edfico, EFE Verifica, dedicado a combatir la desinformaci\u00f3n y las \u201cfake news\u201d.<\/p>\n<p>Juan Lara insisti\u00f3 en los cuatro principios inamovibles del periodista de EFE: veracidad, rigor, independencia e inmediatez. \u201cLas fuentes son vitales\u201d, recalc\u00f3 y record\u00f3 que el periodista debe \u201cfiscalizar el poder, no halagar\u201d. En una agencia, adem\u00e1s, la noticia debe ser clara, con frases cortas y comprensibles, pero siempre ver\u00eddicas: \u201cla rapidez nunca puede imponerse a la verdad\u201d.<\/p>\n<p>Otro rasgo distintivo de EFE es su sistema de edici\u00f3n. Todas las informaciones pasan por editores, \u201cnuestras cabezas pensantes\u201d, que corrigen y pulen cada detalle antes de su publicaci\u00f3n, en la cual la mayor\u00eda de los redactores no firman sus piezas \u201cla gran mayor\u00eda somos an\u00f3nimos\u201d salvo en an\u00e1lisis u opiniones.<\/p>\n<p>Para concluir, Juan Lara, aport\u00f3 la siguiente frase \u201cPara ser periodista hay que leer y preguntar mucho\u201d, subrayando que el profesional debe tener cultura, contexto y fuentes propias, porque como se repiti\u00f3 durante la charla, sin esos elementos no hay periodista que valga.<\/p>\n<figure class=\"wp-block-image size-large is-resized\"><img loading=\"lazy\" loading=\"lazy\" decoding=\"async\" width=\"1024\" height=\"841\" src=\"https:\/\/europeamedia.es\/wp-content\/uploads\/2026\/02\/IMG_6786-_1_-1024x841.png\" alt=\"\" class=\"wp-image-49953\" style=\"width:1200px;height:auto\" srcset=\"https:\/\/europeamedia.es\/wp-content\/uploads\/2026\/02\/IMG_6786-_1_-1024x841.png 1024w, https:\/\/europeamedia.es\/wp-content\/uploads\/2026\/02\/IMG_6786-_1_-300x247.png 300w, https:\/\/europeamedia.es\/wp-content\/uploads\/2026\/02\/IMG_6786-_1_-768x631.png 768w, https:\/\/europeamedia.es\/wp-content\/uploads\/2026\/02\/IMG_6786-_1_-1536x1262.png 1536w, https:\/\/europeamedia.es\/wp-content\/uploads\/2026\/02\/IMG_6786-_1_-2048x1683.png 2048w\" sizes=\"auto, (max-width: 1024px) 100vw, 1024px\"\/><\/figure>\n<p>Redacci\u00f3n de la Agencia EFE. Foto: Manuela Chica<\/p>\n<\/p><\/div>\n","protected":false},"excerpt":{"rendered":"<p>Nicol\u00e1s Morata y Diego Ruiz El mi\u00e9rcoles 18de febrero, la Agencia EFE abri\u00f3 sus puertas a los alumnos de periodismo de la Universidad Europea de Madrid, donde Juan Lara (adjunto al director de la escuela de periodismo EFE) aport\u00f3 sus conocimientos y experiencia a los alumnos y les explic\u00f3 c\u00f3mo funciona una de las mejores [&hellip;]<\/p>\n","protected":false},"author":1,"featured_media":6461,"comment_status":"open","ping_status":"open","sticky":false,"template":"","format":"standard","meta":{"slim_seo":{"title":"La Agencia EFE, la primera agencia de noticias en espa\u00f1ol en el mundo, recibe a los alumnos de periodismo de la UE \u2013 Europea Media - PrensaHoy.com- Noticias de Chile y el Mundo","description":"Nicol\u00e1s Morata y Diego Ruiz El mi\u00e9rcoles 18de febrero, la Agencia EFE abri\u00f3 sus puertas a los alumnos de periodismo de la Universidad Europea de Madrid, donde J"},"footnotes":""},"categories":[32],"tags":[1121,4353,2985,763,1436,87,1254,395,100,2512,653,225],"class_list":["post-6460","post","type-post","status-publish","format-standard","has-post-thumbnail","hentry","category-noticias-del-mundo","tag-agencia","tag-alumnos","tag-efe","tag-espanol","tag-europea","tag-los","tag-media","tag-mundo","tag-noticias","tag-periodismo","tag-primera","tag-recibe"],"_links":{"self":[{"href":"https:\/\/prensahoy.com\/index.php\/wp-json\/wp\/v2\/posts\/6460","targetHints":{"allow":["GET"]}}],"collection":[{"href":"https:\/\/prensahoy.com\/index.php\/wp-json\/wp\/v2\/posts"}],"about":[{"href":"https:\/\/prensahoy.com\/index.php\/wp-json\/wp\/v2\/types\/post"}],"author":[{"embeddable":true,"href":"https:\/\/prensahoy.com\/index.php\/wp-json\/wp\/v2\/users\/1"}],"replies":[{"embeddable":true,"href":"https:\/\/prensahoy.com\/index.php\/wp-json\/wp\/v2\/comments?post=6460"}],"version-history":[{"count":0,"href":"https:\/\/prensahoy.com\/index.php\/wp-json\/wp\/v2\/posts\/6460\/revisions"}],"wp:featuredmedia":[{"embeddable":true,"href":"https:\/\/prensahoy.com\/index.php\/wp-json\/wp\/v2\/media\/6461"}],"wp:attachment":[{"href":"https:\/\/prensahoy.com\/index.php\/wp-json\/wp\/v2\/media?parent=6460"}],"wp:term":[{"taxonomy":"category","embeddable":true,"href":"https:\/\/prensahoy.com\/index.php\/wp-json\/wp\/v2\/categories?post=6460"},{"taxonomy":"post_tag","embeddable":true,"href":"https:\/\/prensahoy.com\/index.php\/wp-json\/wp\/v2\/tags?post=6460"}],"curies":[{"name":"wp","href":"https:\/\/api.w.org\/{rel}","templated":true}]}}