{"id":6443,"date":"2026-02-15T14:34:01","date_gmt":"2026-02-15T17:34:01","guid":{"rendered":"https:\/\/prensahoy.com\/index.php\/2026\/02\/15\/alberto-nunez-feijoo-hare-una-ley-de-nacionalidad-con-los-requisitos-para-ostentar-el-honor-de-ser-espanol\/"},"modified":"2026-02-15T14:34:01","modified_gmt":"2026-02-15T17:34:01","slug":"alberto-nunez-feijoo-hare-una-ley-de-nacionalidad-con-los-requisitos-para-ostentar-el-honor-de-ser-espanol","status":"publish","type":"post","link":"https:\/\/prensahoy.com\/index.php\/2026\/02\/15\/alberto-nunez-feijoo-hare-una-ley-de-nacionalidad-con-los-requisitos-para-ostentar-el-honor-de-ser-espanol\/","title":{"rendered":"Alberto N\u00fa\u00f1ez Feij\u00f3o: &#8220;Har\u00e9 una ley de nacionalidad con los requisitos para ostentar el honor de ser espa\u00f1ol&#8221;"},"content":{"rendered":"<div>\n<div class=\"ue-c-article__bar-body\">\n<div class=\"ue-c-article__author ue-c-article__author--horizontal-from-tablet\" aria-label=\"Redacci\u00f3n:\">\n<div class=\"ue-c-article__author-avatar\">\n<div class=\"ue-c-article__author-avatar-item\">\n<figure class=\"ue-c-author-profile__photo\">\n<div class=\"ue-c-author-profile__photo-container\"><\/div>\n<\/figure>\n<\/div>\n<div class=\"ue-c-article__author-avatar-item\">\n<figure class=\"ue-c-author-profile__photo\">\n<div class=\"ue-c-author-profile__photo-container\"><img decoding=\"async\" width=\"80\" height=\"80\" class=\"ue-c-author-profile__photo-img\" alt=\"Juanma Lamet\" src=\"https:\/\/e01-phantom-elmundo.uecdn.es\/fb6d7adbccce048b370208c8b955a7b8\/crop\/2x0\/1024x1022\/f\/image\/jpeg\/assets\/multimedia\/imagenes\/2024\/01\/15\/17053356313045.jpg\"\/><\/div>\n<\/figure>\n<\/div>\n<\/div>\n<\/div>\n<\/div>\n<div class=\"ue-c-article__bar-footer\">\n<p><span>Actualizado <\/span> Domingo,<br \/>\n15<br \/>\nfebrero<br \/>\n2026<br \/>\n&#8211;<br \/>\n<span>02:10<\/span><\/p>\n<\/div>\n<\/div>\n<div data-section=\"articleBody\">\n<p class=\"ue-c-article__paragraph\">Lo que m\u00e1s llama la atenci\u00f3n al entrar en el despacho de Alberto N\u00fa\u00f1ez Feij\u00f3o, en la s\u00e9ptima planta de G\u00e9nova, 13, es una foto de Rafa Nadal con una dedicatoria muy afectuosa. Tambi\u00e9n hay im\u00e1genes del l\u00edder del PP con Felipe VI o con Manuel Fraga, y muchos motivos gallegos -sobre todo, cer\u00e1micas de Sargadelos- y un dibujo de su hijo Alberto, de ocho a\u00f1os. Pero la joya de la corona -por algo ocupa el espacio central que hay tras su mesa de trabajo- es un bomb\u00edn que le regal\u00f3 Joaqu\u00edn Sabina a trav\u00e9s de Borja S\u00e9mper, del que es amigo el cantautor ubetense, y que se ha recuperado con \u00e9xito del c\u00e1ncer que lo apart\u00f3 de la pol\u00edtica en julio de 2025. Tras analizar el resultado de las elecciones y el futuro del centroderecha en Espa\u00f1a, Feij\u00f3o anuncia en su entrevista con EL MUNDO que se volcar\u00e1 a\u00fan m\u00e1s en las medidas migratorias con una nueva proposici\u00f3n de ley que impondr\u00e1 m\u00e1s requisitos para acceder a la nacionalidad espa\u00f1ola. Y defiende a capa y espada tanto sus propuestas inmobiliarias como a su equipo de G\u00e9nova, que no tiene intenci\u00f3n de renovar de cara al \u00faltimo a\u00f1o de legislatura.<\/p>\n<h2 class=\"ue-c-article__subheadline\"\/>La inmigraci\u00f3n est\u00e1 siendo un vector de voto importante. \u00bfCu\u00e1l va a ser la propuesta del PP en este contexto?A Espa\u00f1a se viene a trabajar, se viene a aportar. En Espa\u00f1a se entra legalmente. En Espa\u00f1a, cualquier persona que conviva con nosotros ha de cumplir las leyes que nosotros tambi\u00e9n tenemos que cumplir y ha de integrarse en la sociedad. La nacionalidad espa\u00f1ola no se regala, ni el permiso legal de residencia se regala. Por tanto, el que pueda venir con un contrato de trabajo, el que no tenga ning\u00fan tipo de antecedente penal o policial y el que se integre socialmente en Espa\u00f1a tiene posibilidades de convivir con los espa\u00f1oles. Desde luego, yo no ser\u00e9 el que regale la nacionalidad espa\u00f1ola ni el que d\u00e9 permisos para todos. No lo voy a hacer. Este presidente de Gobierno tiene una enmienda a la totalidad a todos los primeros ministros socialdem\u00f3cratas de derechas o del PP que est\u00e1n en Europa. No hay un solo ministro europeo que est\u00e9 de acuerdo con la regularizaci\u00f3n demag\u00f3gica de S\u00e1nchez. Confundir humanidad con oportunismo es doblemente inmoral.\u00bfPrepara alguna medida adicional?Les voy a anticipar: estoy trabajando en un proyecto de ley org\u00e1nica sobre la nacionalidad espa\u00f1ola. Ah\u00ed vamos a dejar muy claro cu\u00e1les son los principios y cu\u00e1les son los requisitos que se han de cumplir para ostentar el honor de ser espa\u00f1ol.\u00bfCu\u00e1les ser\u00e1n los requisitos adicionales para obtener la nacionalidad?Cuando lo tengamos, lo haremos p\u00fablico.Otro de los asuntos qu\u00e9 m\u00e1s preocupa a los espa\u00f1oles es la vivienda, singularmente a los j\u00f3venes. \u00bfQu\u00e9 soluciones les propone a corto y medio plazo, m\u00e1s all\u00e1 de construir m\u00e1s viviendas a largo plazo?Cuando t\u00fa tienes una patolog\u00eda muy compleja lo que tienes es que ver c\u00f3mo con distintos tratamientos la vas disminuyendo. Hay que modificar la Ley del Suelo y considerar silencio positivo a los 90 d\u00edas para empezar una obra. Eso desbloquea miles y miles de viviendas. Segundo, cuando invitas a dar un marco de seguridad jur\u00eddica para construir en tu pa\u00eds, eso conlleva un movimiento de inversi\u00f3n adicional para hacerlo. En 2005, 2006 y 2007, la vivienda nueva en Espa\u00f1a estaba alrededor de 500.000 o 600.000 anuales. \u00bfPor qu\u00e9 no se puede volver ahora a hacerlo? \u00bfQu\u00e9 ocurre? Entonces las hac\u00edamos cuando no deb\u00edamos, por la burbuja, y ahora no las estamos haciendo cuando debemos, por un problema de planteamiento ideol\u00f3gico de este Gobierno. Por lo tanto, facilitar todos los permisos y activar toda la capacidad urban\u00edstica. Decir muy claramente que los j\u00f3venes tendr\u00e1n cuenta de ahorro vivienda, tendr\u00e1n un aval de hasta el 100% del valor de la hipoteca y se les eximir\u00e1 del IRPF durante dos a\u00f1os, siempre que lo destinen a vivienda o a su negocio. Y despu\u00e9s, claro, restaurar la legalidad: los 80.000 ciudadanos que no est\u00e1n cobrando la renta la cobrar\u00e1n. Y en las m\u00e1s de 50.000 okupaciones ilegales en Espa\u00f1a, esos ciudadanos recuperar\u00e1n la propiedad. En los 100 primeros d\u00edas de Gobierno vamos a dotar el plan de vivienda, el plan de inmigraci\u00f3n y un Plan Nacional del Agua que ya tenemos redactado.\u00bfY por qu\u00e9 no lo presentan?Pues por razones obvias, porque en Espa\u00f1a hablar hoy de propuestas es imposible. Me preocupa la situaci\u00f3n de las presas. En mi pa\u00eds hay m\u00e1s de un 70% de agua embalsada. Llevamos d\u00e9cadas sin este porcentaje. Tenemos que revisar las presas. Somos el pa\u00eds de la Uni\u00f3n Europea con m\u00e1s presas, 2.400, de las cuales 1.000 son grandes presas. Las tenemos que revisar.<\/p>\n<figure class=\"ue-c-article__media ue-c-article__media--image\">\n<div class=\"ue-c-article__media-img-container ue-l-article--expand-edge-right-until-tablet ue-l-article--expand-edge-left-until-tablet\"><img loading=\"lazy\" decoding=\"async\" width=\"1024\" height=\"682\" class=\"ue-c-article__image lazyload\" alt=\"Alberto N\u00fa\u00f1ez Feij\u00f3o, durante la entrevista.\" loading=\"lazy\" src=\"https:\/\/e01-elmundo.uecdn.es\/assets\/multimedia\/imagenes\/2026\/02\/14\/17711008867708.jpg\"\/><\/div><figcaption class=\"ue-c-article__media-caption\">\n<p><span class=\"ue-c-article__media-description\">Alberto N\u00fa\u00f1ez Feij\u00f3o, durante la entrevista.<\/span><span class=\"ue-c-article__media-source\"><span class=\"ue-c-article__media-author\">Alberto di Lolli<\/span><\/span><\/p>\n<\/figcaption><\/figure>\n<h2 class=\"ue-c-article__subheadline\"\/>Los j\u00f3venes de entre 16 y 24 a\u00f1os tienen un salario medio de 1.372 euros. Es imposible emanciparse con ese salario. Muchos j\u00f3venes votan a Vox porque piensan que han dejado de estar en el centro de la pol\u00edtica, que la pol\u00edtica prioriza a las generaciones mayores, a los pensionistas, por su peso demogr\u00e1fico. Y hay aut\u00f3nomos, j\u00f3venes, profesionales que piensan lo mismo. \u00bfQu\u00e9 va a hacer el PP para incentivar la inversi\u00f3n y la productividad y el progreso de las generaciones j\u00f3venes?Lo primero, trasladar una convicci\u00f3n: en Espa\u00f1a tiene que volver a merecer la pena trabajar. Segundo, un porcentaje de absentismo como el que tenemos en Espa\u00f1a, donde un mill\u00f3n de personas no va a trabajar todos los d\u00edas, es incompatible con una pol\u00edtica seria y con una pol\u00edtica que reconozca al que trabaja y perjudique al que no lo hace. La pol\u00edtica fiscal del Partido Popular tiene que hacer un apartado muy espec\u00edfico para las personas de menos de 40. Yo acabo de decir que un joven en su primer trabajo no pagar\u00e1 el Impuesto de la Renta el primer a\u00f1o, tendr\u00e1 una exenci\u00f3n del 75% en el segundo, del 50% en el tercero y del 25% en el cuarto. No hay ning\u00fan antecedente en 47 a\u00f1os de nuestro pa\u00eds de una propuesta de esta naturaleza. No existe. Lo que pasa es que, como estamos tan metidos en nuestros propios problemas de crispaci\u00f3n, de visceralidad, de polarizaci\u00f3n, de tensi\u00f3n, de una Espa\u00f1a con un fallo multiorg\u00e1nico&#8230; pues casi no apreciamos cosas que creo que tienen mucho sentido.A poco m\u00e1s de un a\u00f1o de las elecciones generales, en principio, \u00bfusted tiene plena seguridad de que tiene un equipo que funciona, que lee adecuadamente y estrat\u00e9gicamente el momento pol\u00edtico?Pues miren, yo tengo la seguridad de que tengo un equipo que ha ganado todas las elecciones, salvo cuando gan\u00f3 el PSC en Catalu\u00f1a y cuando gan\u00f3 el PNV en el Pa\u00eds Vasco. Segundo, puedo acreditar que, junto con los griegos, tenemos el mejor resultado del PP en Europa. Tercero, puedo acreditar que, cuando yo me sent\u00e9 aqu\u00ed por primera vez, en Extremadura ten\u00eda mayor\u00eda absoluta el PSOE, y en Arag\u00f3n gobernaba Lamb\u00e1n. Si ustedes me preguntan si estoy completamente satisfecho, como l\u00edder del PP Europeo les dir\u00eda que s\u00ed. Si les contesto como Alberto N\u00fa\u00f1ez Feij\u00f3o, presidente del Partido Popular de Espa\u00f1a, les dir\u00eda que no. \u00bfPor qu\u00e9? Porque creo que el PP tiene que conseguir unas mayor\u00edas m\u00e1s holgada de las que hemos conseguido ahora. Uno no elige el momento pol\u00edtico en el que le toca actuar, y esta es una situaci\u00f3n [de auge del populismo] que vivimos en todos los pa\u00edses de la Uni\u00f3n Europea, no s\u00f3lo en Espa\u00f1a. Ahora bien, en Croacia se felicitan por un 29% y el canciller alem\u00e1n, Fiedrich Merz, tiene el 28%. Nosotros estamos aguantando una ola de populismo en Europa. Si ustedes me dicen si prefiero ser presidente del Gobierno de mi pa\u00eds perdiendo las elecciones o estar de jefe de la oposici\u00f3n gan\u00e1ndolas, lo tengo clar\u00edsimo: yo prefiero ser jefe de la oposici\u00f3n ganando las elecciones. \u00a1Pero claro!<\/div>\n","protected":false},"excerpt":{"rendered":"<p>Actualizado Domingo, 15 febrero 2026 &#8211; 02:10 Lo que m\u00e1s llama la atenci\u00f3n al entrar en el despacho de Alberto N\u00fa\u00f1ez Feij\u00f3o, en la s\u00e9ptima planta de G\u00e9nova, 13, es una foto de Rafa Nadal con una dedicatoria muy afectuosa. Tambi\u00e9n hay im\u00e1genes del l\u00edder del PP con Felipe VI o con Manuel Fraga, y [&hellip;]<\/p>\n","protected":false},"author":1,"featured_media":6444,"comment_status":"open","ping_status":"open","sticky":false,"template":"","format":"standard","meta":{"slim_seo":{"title":"Alberto N\u00fa\u00f1ez Feij\u00f3o: \"Har\u00e9 una ley de nacionalidad con los requisitos para ostentar el honor de ser espa\u00f1ol\" - PrensaHoy.com- Noticias de Chile y el Mundo","description":"Actualizado Domingo, 15 febrero 2026 - 02:10 Lo que m\u00e1s llama la atenci\u00f3n al entrar en el despacho de Alberto N\u00fa\u00f1ez Feij\u00f3o, en la s\u00e9ptima planta de G\u00e9nova, 13,"},"footnotes":""},"categories":[32],"tags":[1586,62,763,4318,4319,302,444,87,1708,4317,4321,171,4320,517,128],"class_list":["post-6443","post","type-post","status-publish","format-standard","has-post-thumbnail","hentry","category-noticias-del-mundo","tag-alberto","tag-con","tag-espanol","tag-feijoo","tag-hare","tag-honor","tag-ley","tag-los","tag-nacionalidad","tag-nunez","tag-ostentar","tag-para","tag-requisitos","tag-ser","tag-una"],"_links":{"self":[{"href":"https:\/\/prensahoy.com\/index.php\/wp-json\/wp\/v2\/posts\/6443","targetHints":{"allow":["GET"]}}],"collection":[{"href":"https:\/\/prensahoy.com\/index.php\/wp-json\/wp\/v2\/posts"}],"about":[{"href":"https:\/\/prensahoy.com\/index.php\/wp-json\/wp\/v2\/types\/post"}],"author":[{"embeddable":true,"href":"https:\/\/prensahoy.com\/index.php\/wp-json\/wp\/v2\/users\/1"}],"replies":[{"embeddable":true,"href":"https:\/\/prensahoy.com\/index.php\/wp-json\/wp\/v2\/comments?post=6443"}],"version-history":[{"count":0,"href":"https:\/\/prensahoy.com\/index.php\/wp-json\/wp\/v2\/posts\/6443\/revisions"}],"wp:featuredmedia":[{"embeddable":true,"href":"https:\/\/prensahoy.com\/index.php\/wp-json\/wp\/v2\/media\/6444"}],"wp:attachment":[{"href":"https:\/\/prensahoy.com\/index.php\/wp-json\/wp\/v2\/media?parent=6443"}],"wp:term":[{"taxonomy":"category","embeddable":true,"href":"https:\/\/prensahoy.com\/index.php\/wp-json\/wp\/v2\/categories?post=6443"},{"taxonomy":"post_tag","embeddable":true,"href":"https:\/\/prensahoy.com\/index.php\/wp-json\/wp\/v2\/tags?post=6443"}],"curies":[{"name":"wp","href":"https:\/\/api.w.org\/{rel}","templated":true}]}}