{"id":6431,"date":"2026-02-13T02:17:32","date_gmt":"2026-02-13T05:17:32","guid":{"rendered":"https:\/\/prensahoy.com\/index.php\/2026\/02\/13\/reportan-fuerte-sismo-en-regiones-de-tarapaca-y-de-arica-y-parinacota-shoa-descarta-tsunami-nacional\/"},"modified":"2026-02-13T02:17:32","modified_gmt":"2026-02-13T05:17:32","slug":"reportan-fuerte-sismo-en-regiones-de-tarapaca-y-de-arica-y-parinacota-shoa-descarta-tsunami-nacional","status":"publish","type":"post","link":"https:\/\/prensahoy.com\/index.php\/2026\/02\/13\/reportan-fuerte-sismo-en-regiones-de-tarapaca-y-de-arica-y-parinacota-shoa-descarta-tsunami-nacional\/","title":{"rendered":"Reportan fuerte sismo en regiones de Tarapac\u00e1 y de Arica y Parinacota: SHOA descarta tsunami | Nacional"},"content":{"rendered":"<div>\n<p>Un fuerte temblor se registr\u00f3 durante la tarde de este domingo en las regiones de Tarapac\u00e1 y de Arica y Parinacota. Seg\u00fan informaci\u00f3n de SENAPRED, el sismo la intensidad fue de 5,8 y el <span class=\"destacador\">SHOA, por su parte, descart\u00f3 la posibilidad de tsunami en las costas chilenas.<\/span><\/p>\n<p>Seg\u00fan datos del Centro Sismol\u00f3gico Nacional, el epicentro se registr\u00f3 a 56 Kms. al Noreste de Pica, en la regi\u00f3n de Tarapac\u00e1, aunque tambi\u00e9n se percibi\u00f3 en las regiones de Arica y Parinacota y Antofagasta. El sismo fue a las 13:25 horas.<\/p>\n<p>\u201cSHOA indica que las caracter\u00edsticas del sismo NO re\u00fanen las condiciones necesarias para generar un tsunami en las costas de Chile\u201d, informaron desde Senapred.<\/p>\n<p>En la regi\u00f3n de Tarapac\u00e1, donde se percibi\u00f3 con mayor intensidad, se registr\u00f3 una intensidad de V en la escala de Mercalli en las siguientes ciudades: Iquique, Alto Hospicio, Pica, Pozo Almonte. En tanto, en Huara, La Tirana, Mami\u00f1a y Pisagua tuvo una intensidad de IV.<\/p>\n<p>Por su parte, en la regi\u00f3n de Arica y Parinacota se sinti\u00f3 en Pocon Chile, Cuya, San Miguel de Azapa y Arica, con menor intensidad que en Tarapac\u00e1. En la regi\u00f3n de Antofagasta, en tanto, solo se percibi\u00f3 en Tocopilla. <\/p>\n<blockquote class=\"twitter-tweet\">\n<p lang=\"es\" dir=\"ltr\">#Ahora Se registra #sismo en las regiones de Arica y Parinacota y Tarapac\u00e1. Se inicia monitoreo con Red de Informantes Mercalli.<\/p>\n<p>\u2014 SENAPRED (@Senapred) February 8, 2026<\/p>\n<\/blockquote><\/div>\n","protected":false},"excerpt":{"rendered":"<p>Un fuerte temblor se registr\u00f3 durante la tarde de este domingo en las regiones de Tarapac\u00e1 y de Arica y Parinacota. Seg\u00fan informaci\u00f3n de SENAPRED, el sismo la intensidad fue de 5,8 y el SHOA, por su parte, descart\u00f3 la posibilidad de tsunami en las costas chilenas. Seg\u00fan datos del Centro Sismol\u00f3gico Nacional, el epicentro [&hellip;]<\/p>\n","protected":false},"author":1,"featured_media":6432,"comment_status":"open","ping_status":"open","sticky":false,"template":"","format":"standard","meta":{"slim_seo":{"title":"Reportan fuerte sismo en regiones de Tarapac\u00e1 y de Arica y Parinacota: SHOA descarta tsunami | Nacional - PrensaHoy.com- Noticias de Chile y el Mundo","description":"Un fuerte temblor se registr\u00f3 durante la tarde de este domingo en las regiones de Tarapac\u00e1 y de Arica y Parinacota. Seg\u00fan informaci\u00f3n de SENAPRED, el sismo la i"},"footnotes":""},"categories":[1],"tags":[2793,832,4277,369,4279,2619,3900,2603,778,4278,2561],"class_list":["post-6431","post","type-post","status-publish","format-standard","has-post-thumbnail","hentry","category-sin-categoria","tag-arica","tag-descarta","tag-fuerte","tag-nacional","tag-parinacota","tag-regiones","tag-reportan","tag-shoa","tag-sismo","tag-tarapaca","tag-tsunami"],"_links":{"self":[{"href":"https:\/\/prensahoy.com\/index.php\/wp-json\/wp\/v2\/posts\/6431","targetHints":{"allow":["GET"]}}],"collection":[{"href":"https:\/\/prensahoy.com\/index.php\/wp-json\/wp\/v2\/posts"}],"about":[{"href":"https:\/\/prensahoy.com\/index.php\/wp-json\/wp\/v2\/types\/post"}],"author":[{"embeddable":true,"href":"https:\/\/prensahoy.com\/index.php\/wp-json\/wp\/v2\/users\/1"}],"replies":[{"embeddable":true,"href":"https:\/\/prensahoy.com\/index.php\/wp-json\/wp\/v2\/comments?post=6431"}],"version-history":[{"count":0,"href":"https:\/\/prensahoy.com\/index.php\/wp-json\/wp\/v2\/posts\/6431\/revisions"}],"wp:featuredmedia":[{"embeddable":true,"href":"https:\/\/prensahoy.com\/index.php\/wp-json\/wp\/v2\/media\/6432"}],"wp:attachment":[{"href":"https:\/\/prensahoy.com\/index.php\/wp-json\/wp\/v2\/media?parent=6431"}],"wp:term":[{"taxonomy":"category","embeddable":true,"href":"https:\/\/prensahoy.com\/index.php\/wp-json\/wp\/v2\/categories?post=6431"},{"taxonomy":"post_tag","embeddable":true,"href":"https:\/\/prensahoy.com\/index.php\/wp-json\/wp\/v2\/tags?post=6431"}],"curies":[{"name":"wp","href":"https:\/\/api.w.org\/{rel}","templated":true}]}}