{"id":6427,"date":"2026-02-12T02:23:13","date_gmt":"2026-02-12T05:23:13","guid":{"rendered":"https:\/\/prensahoy.com\/index.php\/2026\/02\/12\/el-mundomuere-en-almeria-el-padre-de-david-bisbal-leyenda-del-boxeo-espanol-seguiras-siendo-un-luchadorel-padre-de-david-bisbal-jose-bisbal-carrillo-ha-fallecido-a-los-84-anos-en-su-ci\/"},"modified":"2026-02-12T02:23:13","modified_gmt":"2026-02-12T05:23:13","slug":"el-mundomuere-en-almeria-el-padre-de-david-bisbal-leyenda-del-boxeo-espanol-seguiras-siendo-un-luchadorel-padre-de-david-bisbal-jose-bisbal-carrillo-ha-fallecido-a-los-84-anos-en-su-ci","status":"publish","type":"post","link":"https:\/\/prensahoy.com\/index.php\/2026\/02\/12\/el-mundomuere-en-almeria-el-padre-de-david-bisbal-leyenda-del-boxeo-espanol-seguiras-siendo-un-luchadorel-padre-de-david-bisbal-jose-bisbal-carrillo-ha-fallecido-a-los-84-anos-en-su-ci\/","title":{"rendered":"El MundoMuere en Almer\u00eda el padre de David Bisbal, leyenda del boxeo espa\u00f1ol: &quot;Seguir\u00e1s siendo un luchador&quot;El padre de David Bisbal, Jos\u00e9 Bisbal Carrillo, ha fallecido a los 84 a\u00f1os en su ciudad natal, Almer\u00eda. Tal y como relata el peri\u00f3dico local&#8230;.Il y a 1\u00a0jour"},"content":{"rendered":"<p>El MundoMuere en Almer\u00eda el padre de David Bisbal, leyenda del boxeo espa\u00f1ol: &#8220;Seguir\u00e1s siendo un luchador&#8221;El padre de David Bisbal, Jos\u00e9 Bisbal Carrillo, ha fallecido a los 84 a\u00f1os en su ciudad natal, Almer\u00eda. Tal y como relata el peri\u00f3dico local&#8230;.Il y a 1\u00a0jour<\/p>\n","protected":false},"excerpt":{"rendered":"<p>El MundoMuere en Almer\u00eda el padre de David Bisbal, leyenda del boxeo espa\u00f1ol: &#8220;Seguir\u00e1s siendo un luchador&#8221;El padre de David Bisbal, Jos\u00e9 Bisbal Carrillo, ha fallecido a los 84 a\u00f1os en su ciudad natal, Almer\u00eda. Tal y como relata el peri\u00f3dico local&#8230;.Il y a 1\u00a0jour<\/p>\n","protected":false},"author":1,"featured_media":6428,"comment_status":"open","ping_status":"open","sticky":false,"template":"","format":"standard","meta":{"slim_seo":{"title":"El MundoMuere en Almer\u00eda el padre de David Bisbal, leyenda del boxeo espa\u00f1ol: &quot;Seguir\u00e1s siendo un luchador&quot;El padre de David Bisbal, Jos\u00e9 Bisbal Carrillo, ha fallecido a los 84 a\u00f1os en su ciudad natal, Almer\u00eda. Tal y como relata el peri\u00f3dico local....Il y a 1\u00a0jour - PrensaHoy.com- Noticias de Chile y el Mundo","description":"El MundoMuere en Almer\u00eda el padre de David Bisbal, leyenda del boxeo espa\u00f1ol: \"Seguir\u00e1s siendo un luchador\"El padre de David Bisbal, Jos\u00e9 Bisbal Carrillo, ha fa"},"footnotes":""},"categories":[32],"tags":[1010,4258,931,4260,4262,4265,910,229,4259,51,763,4266,1186,4261,4271,87,4264,3795,4267,2120,4270,4263,4269,3293,4268],"class_list":["post-6427","post","type-post","status-publish","format-standard","has-post-thumbnail","hentry","category-noticias-del-mundo","tag-1jour","tag-almeria","tag-anos","tag-bisbal","tag-boxeo","tag-carrillo","tag-ciudad","tag-como","tag-david","tag-del","tag-espanol","tag-fallecido","tag-jose","tag-leyenda","tag-local-il","tag-los","tag-luchadorquotel","tag-mundomuere","tag-natal","tag-padre","tag-periodico","tag-quotseguiras","tag-relata","tag-siendo","tag-tal"],"_links":{"self":[{"href":"https:\/\/prensahoy.com\/index.php\/wp-json\/wp\/v2\/posts\/6427","targetHints":{"allow":["GET"]}}],"collection":[{"href":"https:\/\/prensahoy.com\/index.php\/wp-json\/wp\/v2\/posts"}],"about":[{"href":"https:\/\/prensahoy.com\/index.php\/wp-json\/wp\/v2\/types\/post"}],"author":[{"embeddable":true,"href":"https:\/\/prensahoy.com\/index.php\/wp-json\/wp\/v2\/users\/1"}],"replies":[{"embeddable":true,"href":"https:\/\/prensahoy.com\/index.php\/wp-json\/wp\/v2\/comments?post=6427"}],"version-history":[{"count":0,"href":"https:\/\/prensahoy.com\/index.php\/wp-json\/wp\/v2\/posts\/6427\/revisions"}],"wp:featuredmedia":[{"embeddable":true,"href":"https:\/\/prensahoy.com\/index.php\/wp-json\/wp\/v2\/media\/6428"}],"wp:attachment":[{"href":"https:\/\/prensahoy.com\/index.php\/wp-json\/wp\/v2\/media?parent=6427"}],"wp:term":[{"taxonomy":"category","embeddable":true,"href":"https:\/\/prensahoy.com\/index.php\/wp-json\/wp\/v2\/categories?post=6427"},{"taxonomy":"post_tag","embeddable":true,"href":"https:\/\/prensahoy.com\/index.php\/wp-json\/wp\/v2\/tags?post=6427"}],"curies":[{"name":"wp","href":"https:\/\/api.w.org\/{rel}","templated":true}]}}