{"id":6384,"date":"2026-02-03T13:35:00","date_gmt":"2026-02-03T16:35:00","guid":{"rendered":"https:\/\/prensahoy.com\/index.php\/2026\/02\/03\/paz-y-kast-se-reunen-en-panama-para-construir-futuro-en-beneficio-de-bolivia-y-chile\/"},"modified":"2026-02-03T13:35:00","modified_gmt":"2026-02-03T16:35:00","slug":"paz-y-kast-se-reunen-en-panama-para-construir-futuro-en-beneficio-de-bolivia-y-chile","status":"publish","type":"post","link":"https:\/\/prensahoy.com\/index.php\/2026\/02\/03\/paz-y-kast-se-reunen-en-panama-para-construir-futuro-en-beneficio-de-bolivia-y-chile\/","title":{"rendered":"Paz y Kast se re\u00fanen en Panam\u00e1 para &#8220;construir futuro&#8221; en beneficio de Bolivia y Chile"},"content":{"rendered":"<div data-article-body=\"true\">\n<p class=\"mb-4 text-lg md:leading-8 break-words\">Ciudad de Panam\u00e1, 29 ene (EFE).- El presidente de Bolivia, Rodrigo Paz, se reuni\u00f3 este jueves con el mandatario electo de Chile, Jos\u00e9 Antonio Kast, en Ciudad de Panam\u00e1, y dialogaron sobre la construcci\u00f3n de un &#8220;futuro&#8221; para mejorar en conjunto la calidad de vida de los ciudadanos de ambos pa\u00edses.<\/p>\n<p class=\"mb-4 text-lg md:leading-8 break-words\">Paz, Kast y sus respectivos equipos conversaron en el marco del Foro Econ\u00f3mico Internacional de Am\u00e9rica Latina y el Caribe que se celebra en Panam\u00e1.<\/p>\n<p class=\"mb-4 text-lg md:leading-8 break-words\">&#8220;Aqu\u00ed en la reuni\u00f3n bilateral que hemos tenido con el equipo del presidente Rodrigo Paz y los equipos que me va a acompa\u00f1ar en el futuro Gobierno queremos construir futuro&#8221;, sostuvo Kast tras el encuentro.<\/p>\n<p class=\"mb-4 text-lg md:leading-8 break-words\">El gobernante electo de Chile mencion\u00f3 que ambos pa\u00edses tienen &#8220;una relaci\u00f3n de a\u00f1os&#8221; y comparten una frontera com\u00fan, &#8220;donde chilenos han visitado permanentemente Bolivia, bolivianos han ido a Chile a aportar con su trabajo, con su esfuerzo al desarrollo&#8221; de su naci\u00f3n.<\/p>\n<p class=\"mb-4 text-lg md:leading-8 break-words\">&#8220;El comercio que existe entre Bolivia y Chile es muy, muy fuerte y eso queremos potenciarlo. Eso es construir futuro, eso es mejorar la calidad de vida de nuestros compatriotas y tambi\u00e9n, estoy seguro, de los compatriotas del presidente Paz&#8221;, manifest\u00f3 el pol\u00edtico chileno.<\/p>\n<p class=\"mb-4 text-lg md:leading-8 break-words\">Tambi\u00e9n asegur\u00f3 que esto &#8220;abre una nueva manera&#8221; de encuentro &#8220;en torno a la calidad de vida&#8221; de los ciudadanos y expres\u00f3 su voluntad de hacer &#8220;todo lo necesario&#8221; para mejorar las relaciones &#8220;diplom\u00e1ticas, comerciales, culturales, sociales con Bolivia&#8221;.<\/p>\n<figure class=\"relative mb-4\">\n<div class=\"relative\"><span class=\"absolute bottom-3 right-3 rounded-full bg-white p-3 opacity-100 shadow-elevation-3 transition-opacity duration-300 group-hover:block group-hover:opacity-100 md:p-[17px] lg:bottom-6 lg:right-6 lg:bg-white\/90 lg:p-5 lg:opacity-0 lg:shadow-none\"><\/span><\/div>\n<\/figure>\n<p class=\"mb-4 text-lg md:leading-8 break-words\">A su turno, Paz ratific\u00f3 sus felicitaciones a Kast por su triunfo en la segunda vuelta presidencial en Chile y se\u00f1al\u00f3 que, en consecuencia, hoy puede tener &#8220;un di\u00e1logo franco, fraterno&#8221; con el mandatario electo.<\/p>\n<p class=\"mb-4 text-lg md:leading-8 break-words\">&#8220;Entendemos nuestros factores hist\u00f3ricos que hay en la relaci\u00f3n chileno-boliviana, pero tambi\u00e9n entendemos que nuestros pueblos tienen que progresar y la realidad que se genera sobre una mejor vida para nuestros hombres y mujeres de Bolivia y de Chile hace un momento superior&#8221;, afirm\u00f3 Paz.<\/p>\n<p class=\"mb-4 text-lg md:leading-8 break-words\">El mandatario boliviano asegur\u00f3 que la prioridad es &#8220;crecer&#8221;, &#8220;dar salud, educaci\u00f3n&#8221; y &#8220;un mejor futuro a nuestros habitantes&#8221;.<\/p>\n<p class=\"mb-4 text-lg md:leading-8 break-words\">&#8220;Eso nos conlleva a entender que nuestro reto no es resolver problemas del pasado, sino resolver los problemas del presente y del futuro y llevar adelante un esfuerzo conjunto para que tanto Bolivia-Chile, Chile-Bolivia, tengan una mejor perspectiva junto al contexto sudamericano, una visi\u00f3n de desarrollo y de beneficio para nuestras naciones&#8221;, a\u00f1adi\u00f3.<\/p>\n<p class=\"mb-4 text-lg md:leading-8 break-words\">Bolivia y Chile no tienen relaciones diplom\u00e1ticas a nivel de embajadores desde 1962, salvo un par\u00e9ntesis de 1975 a 1978, por la falta de soluci\u00f3n a la centenaria reclamaci\u00f3n mar\u00edtima boliviana, aunque mantienen consulados generales en La Paz y Santiago.<\/p>\n<p class=\"mb-4 text-lg md:leading-8 break-words\">El pasado 8 de noviembre, el presidente saliente de Chile, Gabriel Boric, asisti\u00f3 a la investidura de Paz, con quien, adem\u00e1s, se reuni\u00f3 en un hist\u00f3rico primer encuentro entre mandatarios de ambos pa\u00edses en 19 a\u00f1os.<\/p>\n<p class=\"mb-4 text-lg md:leading-8 break-words\">(c) Agencia EFE<\/p>\n<\/div>\n","protected":false},"excerpt":{"rendered":"<p>Ciudad de Panam\u00e1, 29 ene (EFE).- El presidente de Bolivia, Rodrigo Paz, se reuni\u00f3 este jueves con el mandatario electo de Chile, Jos\u00e9 Antonio Kast, en Ciudad de Panam\u00e1, y dialogaron sobre la construcci\u00f3n de un &#8220;futuro&#8221; para mejorar en conjunto la calidad de vida de los ciudadanos de ambos pa\u00edses. Paz, Kast y sus [&hellip;]<\/p>\n","protected":false},"author":1,"featured_media":6385,"comment_status":"open","ping_status":"open","sticky":false,"template":"","format":"standard","meta":{"slim_seo":{"title":"Paz y Kast se re\u00fanen en Panam\u00e1 para \"construir futuro\" en beneficio de Bolivia y Chile - PrensaHoy.com- Noticias de Chile y el Mundo","description":"Ciudad de Panam\u00e1, 29 ene (EFE).- El presidente de Bolivia, Rodrigo Paz, se reuni\u00f3 este jueves con el mandatario electo de Chile, Jos\u00e9 Antonio Kast, en Ciudad de"},"footnotes":""},"categories":[1],"tags":[4191,1372,38,4177,195,3594,545,171,2156,4190],"class_list":["post-6384","post","type-post","status-publish","format-standard","has-post-thumbnail","hentry","category-sin-categoria","tag-beneficio","tag-bolivia","tag-chile","tag-construir","tag-futuro","tag-kast","tag-panama","tag-para","tag-paz","tag-reunen"],"_links":{"self":[{"href":"https:\/\/prensahoy.com\/index.php\/wp-json\/wp\/v2\/posts\/6384","targetHints":{"allow":["GET"]}}],"collection":[{"href":"https:\/\/prensahoy.com\/index.php\/wp-json\/wp\/v2\/posts"}],"about":[{"href":"https:\/\/prensahoy.com\/index.php\/wp-json\/wp\/v2\/types\/post"}],"author":[{"embeddable":true,"href":"https:\/\/prensahoy.com\/index.php\/wp-json\/wp\/v2\/users\/1"}],"replies":[{"embeddable":true,"href":"https:\/\/prensahoy.com\/index.php\/wp-json\/wp\/v2\/comments?post=6384"}],"version-history":[{"count":0,"href":"https:\/\/prensahoy.com\/index.php\/wp-json\/wp\/v2\/posts\/6384\/revisions"}],"wp:featuredmedia":[{"embeddable":true,"href":"https:\/\/prensahoy.com\/index.php\/wp-json\/wp\/v2\/media\/6385"}],"wp:attachment":[{"href":"https:\/\/prensahoy.com\/index.php\/wp-json\/wp\/v2\/media?parent=6384"}],"wp:term":[{"taxonomy":"category","embeddable":true,"href":"https:\/\/prensahoy.com\/index.php\/wp-json\/wp\/v2\/categories?post=6384"},{"taxonomy":"post_tag","embeddable":true,"href":"https:\/\/prensahoy.com\/index.php\/wp-json\/wp\/v2\/tags?post=6384"}],"curies":[{"name":"wp","href":"https:\/\/api.w.org\/{rel}","templated":true}]}}