{"id":6366,"date":"2026-01-31T01:22:50","date_gmt":"2026-01-31T04:22:50","guid":{"rendered":"https:\/\/prensahoy.com\/index.php\/2026\/01\/31\/petro-volvio-a-criticar-a-chile-y-se-jacto-de-su-habilidad-sexual-hago-cosas-muy-buenas-en-la-cama\/"},"modified":"2026-01-31T01:22:50","modified_gmt":"2026-01-31T04:22:50","slug":"petro-volvio-a-criticar-a-chile-y-se-jacto-de-su-habilidad-sexual-hago-cosas-muy-buenas-en-la-cama","status":"publish","type":"post","link":"https:\/\/prensahoy.com\/index.php\/2026\/01\/31\/petro-volvio-a-criticar-a-chile-y-se-jacto-de-su-habilidad-sexual-hago-cosas-muy-buenas-en-la-cama\/","title":{"rendered":"Petro volvi\u00f3 a criticar a Chile y se jact\u00f3 de su habilidad sexual: &#8220;Hago cosas muy buenas en la cama&#8221;"},"content":{"rendered":"<div id=\"cuerpo-ad\">\n<p>El presidente de Colombia, Gustavo Petro, volvi\u00f3 a criticar a Chile al pedir que sus compatriotas regresen debido a que all\u00ed son tratados &#8220;como esclavos y perros perseguidos por las calles&#8221;, al tiempo que se jact\u00f3 de sus supuestos poderes sexuales durante un anuncio de reapertura de un hospital, exponiendo su obsesi\u00f3n con ese tipo de discursos en el \u00faltimo tiempo.<\/p>\n<p>Seg\u00fan consign\u00f3 el diario\u00a0El Colombiano, el mandatario cafetero deb\u00eda liderar el anuncio conjunto -entre la Presidencia y la Alcald\u00eda de Bogot\u00e1- de un convenio de cooperaci\u00f3n para poner nuevamente en funcionamiento el Hospital San Juan de Dios.<\/p>\n<p>Sin embargo, la instancia que deb\u00eda ser de toda seriedad e importancia para la salud del pa\u00eds,\u00a0termin\u00f3 en un discurso que -seg\u00fan el medio- evidenci\u00f3 su aparente fijaci\u00f3n con la sexualidad y el sexo.<\/p>\n<p>En un pasaje de su intervenci\u00f3n, Petro critic\u00f3 que supuestamente Colombia dejar\u00eda caer ese hospital y que \u00e9l, junto al alcalde de Bogot\u00e1, se opuso e intentaron recuperarlo. No obstante, su reflexi\u00f3n posterior dej\u00f3 at\u00f3nitos a los presentes:\u00a0&#8220;\u00bfCu\u00e1nta enfermera y m\u00e9dico por aqu\u00ed entre estos \u00e1rboles no hizo el amor? Porque as\u00ed es, esa es la ley de la vida: enamorarse. Y gracias a eso, atend\u00edan con amor a sus pacientes. Y era un hospital de guerra, yo lo alcanc\u00e9 a conocer. Cuando entr\u00e9, yo ve\u00eda todas esas camillas y los m\u00e9dicos&#8221;.<\/p>\n<p>Luego, el jefe de Estado colombiano se refiri\u00f3 a la figura de Jes\u00fas, de su vida como &#8220;revolucionario&#8221; y su supuesta actividad sexual: &#8220;Fue hombre de luz, de verdad y revolucionario. Por eso lo mataron. Y su mensaje por eso est\u00e1 hoy, porque ten\u00eda raz\u00f3n. Y yo creo que Jes\u00fas hizo el amor, s\u00ed. A lo mejor con Mar\u00eda Magdalena, porque un hombre as\u00ed, sin amor, no pod\u00eda existir&#8221;, asegur\u00f3.<\/p>\n<p>Esa \u00faltima frase la conect\u00f3 con su visi\u00f3n de que las mujeres latinas &#8220;son m\u00e1s hermosas&#8221; que las europeas. Posteriormente, se jact\u00f3 de ser un &#8220;buen polvo&#8221; y lanz\u00f3 una cr\u00edtica a los medios de comunicaci\u00f3n: &#8220;A ning\u00fan periodista chismoso le debe interesar qu\u00e9 hago yo en la cama. Hago cosas muy buenas y pienso que\u00a0nadie se olvidar\u00e1 de m\u00ed porque ser\u00e9 inolvidable ah\u00ed (en la cama)&#8221;, sostuvo.<\/p>\n<h2><span style=\"text-decoration: underline;\">Advertencia sobre Chile: &#8220;Los van tratar como esclavos&#8221;<\/span><\/h2>\n<p>En la misma actividad, Gustavo Petro pidi\u00f3 a los colombianos que residen en Estados Unidos, Chile y Argentina que regresen, al asegurar que en esos pa\u00edses son tratados &#8220;como esclavos y perros&#8221;.<\/p>\n<p>&#8220;Yo les pido a todos los colombianos que regresen ya de Chile, Argentina y Estados Unidos porque los van a tratar como esclavos y como perros perseguidos por las calles&#8221;, afirm\u00f3 el mandatario.<\/p>\n<p>Petro sostuvo que la promesa de prosperidad en el exterior suele ser un &#8220;error&#8221; y afirm\u00f3 que los migrantes terminan enfrentando condiciones laborales precarias, con riesgos para su salud y su integridad f\u00edsica.<\/p>\n<p>&#8220;Uno se cae de un andamio, otro termina con los pulmones destruidos por qu\u00edmicos&#8221;, agreg\u00f3.<\/p>\n<p>Estas nuevas cr\u00edticas del presidente colombiano se suman a las que emiti\u00f3 en diciembre \u00faltimo, cuando afirm\u00f3 que los cambios pol\u00edticos en Chile, Argentina y EE.UU. &#8220;van a coger la colombianidad como enemigos, porque montaron sus votos sobre destruir las familias migrantes. Prevengamos, no nos quedemos all\u00e1 que van a vivir peor, en Colombia hoy se vive mejor&#8221;.<\/p>\n<h2><span style=\"text-decoration: underline;\">Reacciones en Chile<\/span><\/h2>\n<p>En La Moneda fue consultada sobre el asunto la ministra vocera de Gobierno, Camila Vallejo, quien hizo un llamado al respeto por la pol\u00edtica interna de nuestro pa\u00eds.<\/p>\n<p>&#8220;Desconozco las declaraciones de Gustavo Petro. No me voy a pronunciar, porque no las he escuchado en particular, as\u00ed que ser\u00eda irresponsable de mi parte. Pero, obviamente, nuestra pol\u00edtica interior es nuestra pol\u00edtica interior, y en eso siempre hemos pedido respeto a los distintos gobiernos de aquello, tras declaraciones que puedan afectar o cuestionar nuestra pol\u00edtica interna&#8221;, se\u00f1al\u00f3 Vallejo.<\/p>\n<p>Otras reacciones las levantaron los diputados del Partido Republicano que integran la Comisi\u00f3n de Relaciones Exteriores de la C\u00e1mara Baja: Stephan Schubert y Catalina del Real\u00a0exigieron que la Canciller\u00eda emita una nota de protesta debido a lo que calificaron como &#8220;ataque ideol\u00f3gico injustificado a la soberan\u00eda nacional y a la imagen del pa\u00eds&#8221;.<\/p>\n<\/div>\n","protected":false},"excerpt":{"rendered":"<p>El presidente de Colombia, Gustavo Petro, volvi\u00f3 a criticar a Chile al pedir que sus compatriotas regresen debido a que all\u00ed son tratados &#8220;como esclavos y perros perseguidos por las calles&#8221;, al tiempo que se jact\u00f3 de sus supuestos poderes sexuales durante un anuncio de reapertura de un hospital, exponiendo su obsesi\u00f3n con ese tipo [&hellip;]<\/p>\n","protected":false},"author":1,"featured_media":6367,"comment_status":"open","ping_status":"open","sticky":false,"template":"","format":"standard","meta":{"slim_seo":{"title":"Petro volvi\u00f3 a criticar a Chile y se jact\u00f3 de su habilidad sexual: \"Hago cosas muy buenas en la cama\" - PrensaHoy.com- Noticias de Chile y el Mundo","description":"El presidente de Colombia, Gustavo Petro, volvi\u00f3 a criticar a Chile al pedir que sus compatriotas regresen debido a que all\u00ed son tratados \"como esclavos y perro"},"footnotes":""},"categories":[1],"tags":[1088,4166,38,508,4162,4164,4165,4163,1386,4160,1801,4161],"class_list":["post-6366","post","type-post","status-publish","format-standard","has-post-thumbnail","hentry","category-sin-categoria","tag-buenas","tag-cama","tag-chile","tag-cosas","tag-criticar","tag-habilidad","tag-hago","tag-jacto","tag-muy","tag-petro","tag-sexual","tag-volvio"],"_links":{"self":[{"href":"https:\/\/prensahoy.com\/index.php\/wp-json\/wp\/v2\/posts\/6366","targetHints":{"allow":["GET"]}}],"collection":[{"href":"https:\/\/prensahoy.com\/index.php\/wp-json\/wp\/v2\/posts"}],"about":[{"href":"https:\/\/prensahoy.com\/index.php\/wp-json\/wp\/v2\/types\/post"}],"author":[{"embeddable":true,"href":"https:\/\/prensahoy.com\/index.php\/wp-json\/wp\/v2\/users\/1"}],"replies":[{"embeddable":true,"href":"https:\/\/prensahoy.com\/index.php\/wp-json\/wp\/v2\/comments?post=6366"}],"version-history":[{"count":0,"href":"https:\/\/prensahoy.com\/index.php\/wp-json\/wp\/v2\/posts\/6366\/revisions"}],"wp:featuredmedia":[{"embeddable":true,"href":"https:\/\/prensahoy.com\/index.php\/wp-json\/wp\/v2\/media\/6367"}],"wp:attachment":[{"href":"https:\/\/prensahoy.com\/index.php\/wp-json\/wp\/v2\/media?parent=6366"}],"wp:term":[{"taxonomy":"category","embeddable":true,"href":"https:\/\/prensahoy.com\/index.php\/wp-json\/wp\/v2\/categories?post=6366"},{"taxonomy":"post_tag","embeddable":true,"href":"https:\/\/prensahoy.com\/index.php\/wp-json\/wp\/v2\/tags?post=6366"}],"curies":[{"name":"wp","href":"https:\/\/api.w.org\/{rel}","templated":true}]}}