{"id":6334,"date":"2026-01-24T13:02:13","date_gmt":"2026-01-24T16:02:13","guid":{"rendered":"https:\/\/prensahoy.com\/index.php\/2026\/01\/24\/chile-continuan-los-trabajos-para-contener-voraces-incendios-cifra-de-fallecidos-asciende-a-19\/"},"modified":"2026-01-24T13:02:13","modified_gmt":"2026-01-24T16:02:13","slug":"chile-continuan-los-trabajos-para-contener-voraces-incendios-cifra-de-fallecidos-asciende-a-19","status":"publish","type":"post","link":"https:\/\/prensahoy.com\/index.php\/2026\/01\/24\/chile-continuan-los-trabajos-para-contener-voraces-incendios-cifra-de-fallecidos-asciende-a-19\/","title":{"rendered":"Chile: contin\u00faan los trabajos para contener voraces incendios; cifra de fallecidos asciende a 19"},"content":{"rendered":"<div data-article-body=\"true\">\n<p class=\"mb-4 text-lg md:leading-8 break-words\">SANTIAGO (AP) \u2014 Los equipos de bomberos intentaban el lunes contener los voraces incendios que ya han devorado m\u00e1s de 30.000 hect\u00e1reas en el centro y sur de Chile y han dejado hasta el momento 19 fallecidos, 75 heridos y unos 1.500 damnificados.<\/p>\n<p class=\"mb-4 text-lg md:leading-8 break-words\">El presidente Gabriel Boric decret\u00f3 la v\u00edspera el estado de cat\u00e1strofe en dos regiones del pa\u00eds \u2014\u00d1uble y B\u00edo B\u00edo\u2014 debido a los m\u00faltiples focos que que han obligado adem\u00e1s a la evacuaci\u00f3n de unas 50.000 personas.<\/p>\n<p class=\"mb-4 text-lg md:leading-8 break-words\">De acuerdo con el \u00faltimo balance divulgado el lunes por el Servicio Nacional de Prevenci\u00f3n y Respuesta ante Desastres (Senapred), hay al menos una quincena de incendios que siguen activos y que han consumido vegetaci\u00f3n adem\u00e1s de haber alcanzado viviendas, destruido veh\u00edculos y afectado infraestructuras.<\/p>\n<p class=\"mb-4 text-lg md:leading-8 break-words\">Adem\u00e1s de \u00d1uble y B\u00edo B\u00edo, hay focos de fuego tambi\u00e9n en la regi\u00f3n Metropolitana y La Araucan\u00eda, en el sur del pa\u00eds, y donde las autoridades han decretado alerta roja.<\/p>\n<p class=\"mb-4 text-lg md:leading-8 break-words\">El ministro de Seguridad, Luis Cordero, inform\u00f3 en una rueda de prensa que en la madrugada se registr\u00f3 un nuevo fallecimiento producto de los incendios, por lo que la cifra total de muertos ascendi\u00f3 a 19.<\/p>\n<p class=\"mb-4 text-lg md:leading-8 break-words\">Por su parte, Boric indic\u00f3 a trav\u00e9s de su cuenta de X que la noche de combate a las llamas \u201cfue mejor que lo proyectado\u201d, pero advirti\u00f3 de que \u201clas condiciones clim\u00e1ticas durante el d\u00eda no ser\u00e1n buenas por lo que es posible que se reactiven focos\u201d.<\/p>\n<p class=\"mb-4 text-lg md:leading-8 break-words\">\u201cEstamos trabajando con los alcaldes y gobernadores en terreno con todas las instituciones del Estado desplegadas\u201d, agreg\u00f3 el mandatario.<\/p>\n<p class=\"mb-4 text-lg md:leading-8 break-words\">El jefe de Estado volvi\u00f3 a mantener una reuni\u00f3n con el presidente electo Jos\u00e9 Antonio Kast donde detall\u00f3 que las llamas ya han consumido m\u00e1s de 30.000 hect\u00e1reas.<\/p>\n<p class=\"mb-4 text-lg md:leading-8 break-words\">\u201cControlar incendios de esta magnitud y con condiciones del tiempo que son desfavorables, producto del alto calor, del viento, de la falta de humedad, es un trabajo tremendamente dif\u00edcil\u201d, dijo Boric en una rueda de prensa.<\/p>\n<p class=\"mb-4 text-lg md:leading-8 break-words\">En ese sentido, el presidente agradeci\u00f3 a los diversos pa\u00edses que brindar\u00e1n auxilio al combate del fuego, sea con el env\u00edo de brigadistas, herramientas de trabajo o suministros. En particular, destac\u00f3 el apoyo de Brasil, Argentina, Estados Unidos, M\u00e9xico, Canad\u00e1, Paraguay y Uruguay.<\/p>\n<p class=\"mb-4 text-lg md:leading-8 break-words\">En ese marco, la presidenta mexicana Claudia Sheinbaum dijo durante su conferencia matutina que M\u00e9xico va a enviar apoyo a Chile por los incendios aunque no especific\u00f3 cu\u00e1l ser\u00eda. \u201cEst\u00e1n sufriendo una situaci\u00f3n dif\u00edcil\u201d, coment\u00f3.<\/p>\n<p class=\"mb-4 text-lg md:leading-8 break-words\">Las causas de los incendios a\u00fan son desconocidas y tanto la fiscal\u00eda como la Polic\u00eda de Investigaciones (PDI) investigan sus razones. No obstante, los fuegos son habituales durante la temporada del verano austral en Chile debido a la combinaci\u00f3n de altas temperaturas y sequedad del aire.<\/p>\n<p class=\"mb-4 text-lg md:leading-8 break-words\">En ese marco, Boric record\u00f3 que \u201cel 99% de los incendios son por causa humana, ya sea por intenci\u00f3n o por negligencia\u201d e hizo un llamado a la poblaci\u00f3n para tener \u201cm\u00e1s responsabilidad\u201d.<\/p>\n<p class=\"mb-4 text-lg md:leading-8 break-words\">\u201cComo es evidente y pueden todos haber visto, es mucho m\u00e1s f\u00e1cil prevenir un incendio que combatirlo\u201d, enfatiz\u00f3.<\/p>\n<p class=\"mb-4 text-lg md:leading-8 break-words\">En la misma l\u00ednea se manifest\u00f3 el presidente electo, quien por lo que hizo un llamado a los trabajadores rurales que realicen acciones preventivas, como la creaci\u00f3n de cortafuegos y la limpieza de pastizales. \u201cLa prevenci\u00f3n es nuestra mejor herramienta\u201d, enfatiz\u00f3 Kast.<\/p>\n<p class=\"mb-4 text-lg md:leading-8 break-words\">Seg\u00fan el m\u00e1s reciente bolet\u00edn de Senapred, al menos 325 viviendas quedaron completamente destruidas por el fuego a nivel nacional, mientras que se eval\u00faan los da\u00f1os provocados en otras 1.140.<\/p>\n<p class=\"mb-4 text-lg md:leading-8 break-words\">Asimismo, cerca de 50.000 personas han tenido que evacuar preventivamente. Al menos 630 personas se han refugiado en los 19 albergues dispuestos por las autoridades y voluntarios, mientras que casi 30.000 viviendas permanec\u00edan sin suministro el\u00e9ctrico en horas de la tarde.<\/p>\n<p class=\"mb-4 text-lg md:leading-8 break-words\">Las autoridades igualmente han decretado un toque de queda nocturno decretado la v\u00edspera en las zonas m\u00e1s afectadas mientras dure la emergencia, que se concentra sobre todo en B\u00edo B\u00edo, a unos 500 kil\u00f3metros al sur de Santiago.<\/p>\n<p class=\"mb-4 text-lg md:leading-8 break-words\">Estos incendios ya son unos de los peores registrados en los \u00faltimos a\u00f1os en Chile, donde en febrero de 2024 las llamas segaron la vida de 131 personas en lo que se considera la peor tragedia en el pa\u00eds desde el terremoto de 2010.<\/p>\n<\/div>\n","protected":false},"excerpt":{"rendered":"<p>SANTIAGO (AP) \u2014 Los equipos de bomberos intentaban el lunes contener los voraces incendios que ya han devorado m\u00e1s de 30.000 hect\u00e1reas en el centro y sur de Chile y han dejado hasta el momento 19 fallecidos, 75 heridos y unos 1.500 damnificados. El presidente Gabriel Boric decret\u00f3 la v\u00edspera el estado de cat\u00e1strofe en [&hellip;]<\/p>\n","protected":false},"author":1,"featured_media":6335,"comment_status":"open","ping_status":"open","sticky":false,"template":"","format":"standard","meta":{"slim_seo":{"title":"Chile: contin\u00faan los trabajos para contener voraces incendios; cifra de fallecidos asciende a 19 - PrensaHoy.com- Noticias de Chile y el Mundo","description":"SANTIAGO (AP) \u2014 Los equipos de bomberos intentaban el lunes contener los voraces incendios que ya han devorado m\u00e1s de 30.000 hect\u00e1reas en el centro y sur de Chi"},"footnotes":""},"categories":[1],"tags":[4081,38,4080,4078,4076,4070,4049,87,171,4077,4079],"class_list":["post-6334","post","type-post","status-publish","format-standard","has-post-thumbnail","hentry","category-sin-categoria","tag-asciende","tag-chile","tag-cifra","tag-contener","tag-continuan","tag-fallecidos","tag-incendios","tag-los","tag-para","tag-trabajos","tag-voraces"],"_links":{"self":[{"href":"https:\/\/prensahoy.com\/index.php\/wp-json\/wp\/v2\/posts\/6334","targetHints":{"allow":["GET"]}}],"collection":[{"href":"https:\/\/prensahoy.com\/index.php\/wp-json\/wp\/v2\/posts"}],"about":[{"href":"https:\/\/prensahoy.com\/index.php\/wp-json\/wp\/v2\/types\/post"}],"author":[{"embeddable":true,"href":"https:\/\/prensahoy.com\/index.php\/wp-json\/wp\/v2\/users\/1"}],"replies":[{"embeddable":true,"href":"https:\/\/prensahoy.com\/index.php\/wp-json\/wp\/v2\/comments?post=6334"}],"version-history":[{"count":0,"href":"https:\/\/prensahoy.com\/index.php\/wp-json\/wp\/v2\/posts\/6334\/revisions"}],"wp:featuredmedia":[{"embeddable":true,"href":"https:\/\/prensahoy.com\/index.php\/wp-json\/wp\/v2\/media\/6335"}],"wp:attachment":[{"href":"https:\/\/prensahoy.com\/index.php\/wp-json\/wp\/v2\/media?parent=6334"}],"wp:term":[{"taxonomy":"category","embeddable":true,"href":"https:\/\/prensahoy.com\/index.php\/wp-json\/wp\/v2\/categories?post=6334"},{"taxonomy":"post_tag","embeddable":true,"href":"https:\/\/prensahoy.com\/index.php\/wp-json\/wp\/v2\/tags?post=6334"}],"curies":[{"name":"wp","href":"https:\/\/api.w.org\/{rel}","templated":true}]}}