{"id":6330,"date":"2026-01-23T12:57:40","date_gmt":"2026-01-23T15:57:40","guid":{"rendered":"https:\/\/prensahoy.com\/index.php\/2026\/01\/23\/adn-radioincendios-forestales-en-chile-en-vivo-horario-toque-de-queda-fallecidos-y-ultimas-noticias-de-nuble-y-biobiosigue-las-ultimas-noticias-sobre-la-catastrofe-que-afecta-a-la-zona-centro-sur-de\/"},"modified":"2026-01-23T12:57:40","modified_gmt":"2026-01-23T15:57:40","slug":"adn-radioincendios-forestales-en-chile-en-vivo-horario-toque-de-queda-fallecidos-y-ultimas-noticias-de-nuble-y-biobiosigue-las-ultimas-noticias-sobre-la-catastrofe-que-afecta-a-la-zona-centro-sur-de","status":"publish","type":"post","link":"https:\/\/prensahoy.com\/index.php\/2026\/01\/23\/adn-radioincendios-forestales-en-chile-en-vivo-horario-toque-de-queda-fallecidos-y-ultimas-noticias-de-nuble-y-biobiosigue-las-ultimas-noticias-sobre-la-catastrofe-que-afecta-a-la-zona-centro-sur-de\/","title":{"rendered":"ADN RadioIncendios forestales en Chile en vivo: horario toque de queda, fallecidos y \u00faltimas noticias de \u00d1uble y Biob\u00edoSigue las \u00faltimas noticias sobre la cat\u00e1strofe que afecta a la zona centro sur del pa\u00eds..EN DIRECTil y a 23 minutes"},"content":{"rendered":"<p>ADN RadioIncendios forestales en Chile en vivo: horario toque de queda, fallecidos y \u00faltimas noticias de \u00d1uble y Biob\u00edoSigue las \u00faltimas noticias sobre la cat\u00e1strofe que afecta a la zona centro sur del pa\u00eds..EN DIRECTil y a 23 minutes<\/p>\n","protected":false},"excerpt":{"rendered":"<p>ADN RadioIncendios forestales en Chile en vivo: horario toque de queda, fallecidos y \u00faltimas noticias de \u00d1uble y Biob\u00edoSigue las \u00faltimas noticias sobre la cat\u00e1strofe que afecta a la zona centro sur del pa\u00eds..EN DIRECTil y a 23 minutes<\/p>\n","protected":false},"author":1,"featured_media":6331,"comment_status":"open","ping_status":"open","sticky":false,"template":"","format":"standard","meta":{"slim_seo":{"title":"ADN RadioIncendios forestales en Chile en vivo: horario toque de queda, fallecidos y \u00faltimas noticias de \u00d1uble y Biob\u00edoSigue las \u00faltimas noticias sobre la cat\u00e1strofe que afecta a la zona centro sur del pa\u00eds..EN DIRECTil y a 23 minutes - PrensaHoy.com- Noticias de Chile y el Mundo","description":"ADN RadioIncendios forestales en Chile en vivo: horario toque de queda, fallecidos y \u00faltimas noticias de \u00d1uble y Biob\u00edoSigue las \u00faltimas noticias sobre la cat\u00e1s"},"footnotes":""},"categories":[1],"tags":[4067,1675,4072,4053,1056,38,51,4074,4070,4050,744,102,950,100,4071,4073,550,4068,159,512,4069,535,253,785],"class_list":["post-6330","post","type-post","status-publish","format-standard","has-post-thumbnail","hentry","category-sin-categoria","tag-adn","tag-afecta","tag-biobiosigue","tag-catastrofe","tag-centro","tag-chile","tag-del","tag-directil","tag-fallecidos","tag-forestales","tag-horario","tag-las","tag-minutes","tag-noticias","tag-nuble","tag-pais-en","tag-queda","tag-radioincendios","tag-sobre","tag-sur","tag-toque","tag-ultimas","tag-vivo","tag-zona"],"_links":{"self":[{"href":"https:\/\/prensahoy.com\/index.php\/wp-json\/wp\/v2\/posts\/6330","targetHints":{"allow":["GET"]}}],"collection":[{"href":"https:\/\/prensahoy.com\/index.php\/wp-json\/wp\/v2\/posts"}],"about":[{"href":"https:\/\/prensahoy.com\/index.php\/wp-json\/wp\/v2\/types\/post"}],"author":[{"embeddable":true,"href":"https:\/\/prensahoy.com\/index.php\/wp-json\/wp\/v2\/users\/1"}],"replies":[{"embeddable":true,"href":"https:\/\/prensahoy.com\/index.php\/wp-json\/wp\/v2\/comments?post=6330"}],"version-history":[{"count":0,"href":"https:\/\/prensahoy.com\/index.php\/wp-json\/wp\/v2\/posts\/6330\/revisions"}],"wp:featuredmedia":[{"embeddable":true,"href":"https:\/\/prensahoy.com\/index.php\/wp-json\/wp\/v2\/media\/6331"}],"wp:attachment":[{"href":"https:\/\/prensahoy.com\/index.php\/wp-json\/wp\/v2\/media?parent=6330"}],"wp:term":[{"taxonomy":"category","embeddable":true,"href":"https:\/\/prensahoy.com\/index.php\/wp-json\/wp\/v2\/categories?post=6330"},{"taxonomy":"post_tag","embeddable":true,"href":"https:\/\/prensahoy.com\/index.php\/wp-json\/wp\/v2\/tags?post=6330"}],"curies":[{"name":"wp","href":"https:\/\/api.w.org\/{rel}","templated":true}]}}