{"id":6303,"date":"2026-01-16T03:19:09","date_gmt":"2026-01-16T06:19:09","guid":{"rendered":"https:\/\/prensahoy.com\/index.php\/2026\/01\/16\/banco-mundial-mantiene-baja-proyeccion-de-crecimiento-en-chile\/"},"modified":"2026-01-16T03:19:09","modified_gmt":"2026-01-16T06:19:09","slug":"banco-mundial-mantiene-baja-proyeccion-de-crecimiento-en-chile","status":"publish","type":"post","link":"https:\/\/prensahoy.com\/index.php\/2026\/01\/16\/banco-mundial-mantiene-baja-proyeccion-de-crecimiento-en-chile\/","title":{"rendered":"Banco Mundial mantiene baja proyecci\u00f3n de crecimiento en Chile"},"content":{"rendered":"<div xmlns:default=\"http:\/\/www.w3.org\/2000\/svg\">\n<p>   En su informe Perspectivas Econ\u00f3micas Mundiales, la entidad puso pa\u00f1os fr\u00edos al optimismo del presidente electo, Jos\u00e9 Antonio Kast, quien espera dinamizar este sector con una serie de medidas, incluido un recorte del gasto fiscal de seis mil millones de d\u00f3lares.<\/p>\n<p>   Incluso la figura que m\u00e1s posibilidades tiene de ser el titular de Hacienda en el pr\u00f3ximo ejecutivo, Jorge Quiroz, dijo recientemente so\u00f1ar con un indicador Mensual de Actividad Econ\u00f3mica de dos d\u00edgitos, algo realmente improbable.<\/p>\n<p>   Seg\u00fan Quiroz, el pa\u00eds tiene un potencial de crecimiento enorme, criterio compartido tambi\u00e9n por sectores del mundo empresarial.<\/p>\n<p>   No obstante, el Banco Mundial mantuvo para Chile la previsi\u00f3n de octubre pasado, con una advertencia sobre los riesgos por el eventual aumento de las barreras comerciales, la menor demanda externa y una posible ca\u00edda de los mercados globales de materias primas. <\/p>\n<p>   En el caso de la miner\u00eda del cobre y el litio, se\u00f1al\u00f3 que la inversi\u00f3n puede impulsar el crecimiento y aprovechar mejor las necesidades de las industrias centradas en las energ\u00edas renovables, particularmente en China.<\/p>\n<p>ac\/car\/eam<\/p>\n<\/p><\/div>\n","protected":false},"excerpt":{"rendered":"<p>En su informe Perspectivas Econ\u00f3micas Mundiales, la entidad puso pa\u00f1os fr\u00edos al optimismo del presidente electo, Jos\u00e9 Antonio Kast, quien espera dinamizar este sector con una serie de medidas, incluido un recorte del gasto fiscal de seis mil millones de d\u00f3lares. Incluso la figura que m\u00e1s posibilidades tiene de ser el titular de Hacienda en [&hellip;]<\/p>\n","protected":false},"author":1,"featured_media":6304,"comment_status":"open","ping_status":"open","sticky":false,"template":"","format":"standard","meta":{"slim_seo":{"title":"Banco Mundial mantiene baja proyecci\u00f3n de crecimiento en Chile - PrensaHoy.com- Noticias de Chile y el Mundo","description":"En su informe Perspectivas Econ\u00f3micas Mundiales, la entidad puso pa\u00f1os fr\u00edos al optimismo del presidente electo, Jos\u00e9 Antonio Kast, quien espera dinamizar este"},"footnotes":""},"categories":[1],"tags":[1100,4031,38,344,1520,608,1521],"class_list":["post-6303","post","type-post","status-publish","format-standard","has-post-thumbnail","hentry","category-sin-categoria","tag-baja","tag-banco","tag-chile","tag-crecimiento","tag-mantiene","tag-mundial","tag-proyeccion"],"_links":{"self":[{"href":"https:\/\/prensahoy.com\/index.php\/wp-json\/wp\/v2\/posts\/6303","targetHints":{"allow":["GET"]}}],"collection":[{"href":"https:\/\/prensahoy.com\/index.php\/wp-json\/wp\/v2\/posts"}],"about":[{"href":"https:\/\/prensahoy.com\/index.php\/wp-json\/wp\/v2\/types\/post"}],"author":[{"embeddable":true,"href":"https:\/\/prensahoy.com\/index.php\/wp-json\/wp\/v2\/users\/1"}],"replies":[{"embeddable":true,"href":"https:\/\/prensahoy.com\/index.php\/wp-json\/wp\/v2\/comments?post=6303"}],"version-history":[{"count":0,"href":"https:\/\/prensahoy.com\/index.php\/wp-json\/wp\/v2\/posts\/6303\/revisions"}],"wp:featuredmedia":[{"embeddable":true,"href":"https:\/\/prensahoy.com\/index.php\/wp-json\/wp\/v2\/media\/6304"}],"wp:attachment":[{"href":"https:\/\/prensahoy.com\/index.php\/wp-json\/wp\/v2\/media?parent=6303"}],"wp:term":[{"taxonomy":"category","embeddable":true,"href":"https:\/\/prensahoy.com\/index.php\/wp-json\/wp\/v2\/categories?post=6303"},{"taxonomy":"post_tag","embeddable":true,"href":"https:\/\/prensahoy.com\/index.php\/wp-json\/wp\/v2\/tags?post=6303"}],"curies":[{"name":"wp","href":"https:\/\/api.w.org\/{rel}","templated":true}]}}