{"id":6272,"date":"2026-01-08T15:03:04","date_gmt":"2026-01-08T18:03:04","guid":{"rendered":"https:\/\/prensahoy.com\/index.php\/2026\/01\/08\/noticias-chile-hijos-de-cristian-campos-lanzan-grave-acusacion-contra-su-padre-desde-nino-vi-un-patron-noticias-chile-informadorchile\/"},"modified":"2026-01-08T15:03:04","modified_gmt":"2026-01-08T18:03:04","slug":"noticias-chile-hijos-de-cristian-campos-lanzan-grave-acusacion-contra-su-padre-desde-nino-vi-un-patron-noticias-chile-informadorchile","status":"publish","type":"post","link":"https:\/\/prensahoy.com\/index.php\/2026\/01\/08\/noticias-chile-hijos-de-cristian-campos-lanzan-grave-acusacion-contra-su-padre-desde-nino-vi-un-patron-noticias-chile-informadorchile\/","title":{"rendered":"Noticias Chile | Hijos de Cristi\u00e1n Campos lanzan grave acusaci\u00f3n contra su padre: \u201cDesde ni\u00f1o vi un patr\u00f3n\u201d \u2013 Noticias Chile | Informadorchile"},"content":{"rendered":"<div>\n<div class=\"adsb30\" style=\" margin:12px; text-align:center\"><\/p>\n<\/div>\n<p style=\"text-align: justify;\"><img fetchpriority=\"high\" decoding=\"async\" class=\"aligncenter size-full wp-image-207359\" src=\"https:\/\/www.elinformadorchile.cl\/wp-content\/uploads\/2026\/01\/TZWMF7RVYBAJ3NRBSPNBNJ4LM4.webp\" alt=\"\" width=\"1325\" height=\"745\" srcset=\"https:\/\/www.elinformadorchile.cl\/wp-content\/uploads\/2026\/01\/TZWMF7RVYBAJ3NRBSPNBNJ4LM4.webp 1325w, https:\/\/www.elinformadorchile.cl\/wp-content\/uploads\/2026\/01\/TZWMF7RVYBAJ3NRBSPNBNJ4LM4-300x169.webp 300w, https:\/\/www.elinformadorchile.cl\/wp-content\/uploads\/2026\/01\/TZWMF7RVYBAJ3NRBSPNBNJ4LM4-1024x576.webp 1024w, https:\/\/www.elinformadorchile.cl\/wp-content\/uploads\/2026\/01\/TZWMF7RVYBAJ3NRBSPNBNJ4LM4-768x432.webp 768w, https:\/\/www.elinformadorchile.cl\/wp-content\/uploads\/2026\/01\/TZWMF7RVYBAJ3NRBSPNBNJ4LM4-500x280.webp 500w, https:\/\/www.elinformadorchile.cl\/wp-content\/uploads\/2026\/01\/TZWMF7RVYBAJ3NRBSPNBNJ4LM4-356x200.webp 356w, https:\/\/www.elinformadorchile.cl\/wp-content\/uploads\/2026\/01\/TZWMF7RVYBAJ3NRBSPNBNJ4LM4-470x264.webp 470w, https:\/\/www.elinformadorchile.cl\/wp-content\/uploads\/2026\/01\/TZWMF7RVYBAJ3NRBSPNBNJ4LM4-70x39.webp 70w, https:\/\/www.elinformadorchile.cl\/wp-content\/uploads\/2026\/01\/TZWMF7RVYBAJ3NRBSPNBNJ4LM4-100x56.webp 100w\" sizes=\"(max-width: 1325px) 100vw, 1325px\"\/><\/p>\n<p style=\"text-align: justify;\">La denuncia de Raffaella di Girolamo en contra de Cristi\u00e1n Campos gener\u00f3 un esc\u00e1ndalo medi\u00e1tico, que no solo dividi\u00f3 a la opini\u00f3n p\u00fablica, sino que tambi\u00e9n a la familia involucrada.<\/p>\n<div class=\"adsb30\" style=\" margin:12px; text-align:center\">\n<p><img loading=\"lazy\" loading=\"lazy\" decoding=\"async\" class=\"aligncenter wp-image-157138 size-full\" src=\"https:\/\/www.elinformadorchile.cl\/wp-content\/uploads\/2024\/03\/Screenshot_2024-03-23-09-10-57-28_40deb401b9ffe8e1df2f1cc5ba480b12.jpg\" alt=\"\" width=\"1080\" height=\"217\" srcset=\"https:\/\/www.elinformadorchile.cl\/wp-content\/uploads\/2024\/03\/Screenshot_2024-03-23-09-10-57-28_40deb401b9ffe8e1df2f1cc5ba480b12.jpg 1080w, https:\/\/www.elinformadorchile.cl\/wp-content\/uploads\/2024\/03\/Screenshot_2024-03-23-09-10-57-28_40deb401b9ffe8e1df2f1cc5ba480b12-300x60.jpg 300w, https:\/\/www.elinformadorchile.cl\/wp-content\/uploads\/2024\/03\/Screenshot_2024-03-23-09-10-57-28_40deb401b9ffe8e1df2f1cc5ba480b12-1024x206.jpg 1024w, https:\/\/www.elinformadorchile.cl\/wp-content\/uploads\/2024\/03\/Screenshot_2024-03-23-09-10-57-28_40deb401b9ffe8e1df2f1cc5ba480b12-768x154.jpg 768w, https:\/\/www.elinformadorchile.cl\/wp-content\/uploads\/2024\/03\/Screenshot_2024-03-23-09-10-57-28_40deb401b9ffe8e1df2f1cc5ba480b12-356x72.jpg 356w, https:\/\/www.elinformadorchile.cl\/wp-content\/uploads\/2024\/03\/Screenshot_2024-03-23-09-10-57-28_40deb401b9ffe8e1df2f1cc5ba480b12-470x94.jpg 470w, https:\/\/www.elinformadorchile.cl\/wp-content\/uploads\/2024\/03\/Screenshot_2024-03-23-09-10-57-28_40deb401b9ffe8e1df2f1cc5ba480b12-70x14.jpg 70w, https:\/\/www.elinformadorchile.cl\/wp-content\/uploads\/2024\/03\/Screenshot_2024-03-23-09-10-57-28_40deb401b9ffe8e1df2f1cc5ba480b12-100x20.jpg 100w\" sizes=\"auto, (max-width: 1080px) 100vw, 1080px\"\/><\/div>\n<p style=\"text-align: justify;\">Tras un largo proceso judicial, el actor fue sobrese\u00eddo e inici\u00f3 una demanda en contra de la denunciante para limpiar su imagen, pero la querella no asegura que el int\u00e9rprete recuperar\u00e1 la relaci\u00f3n con sus hijos.<\/p>\n<p style=\"text-align: justify;\">Te puede interesar :<span style=\"color: #0000ff;\">Noticias Chile | Dos fallecidos en Am\u00e9rico Vespucio: veh\u00edculo realiz\u00f3 maniobra marcha atr\u00e1s y fue alcanzado por un cami\u00f3n<\/span><\/p>\n<p style=\"text-align: justify;\">\nY es que Antonio y Pedro Campos, en m\u00e1s de una oportunidad han se\u00f1alado que apoyan a Raffaella, y le dieron la espalda a su padre, incluso despu\u00e9s de los fallos en tribunales.<\/p>\n<p style=\"text-align: justify;\">En conversaci\u00f3n <span style=\"color: #ff0000;\">con El Mercurio<\/span>, los hijos de Cristi\u00e1n entregaron sus motivaciones para alejarse de su padre, relatando c\u00f3mo se enteraron de la denuncia de su hermana.<\/p>\n<p style=\"text-align: justify;\">\u201cNos enteramos del abuso sexual perpetrado hacia mi hermana grande en diciembre de 2022. Mi madre nos convoc\u00f3 a una reuni\u00f3n familiar a los cuatro\u201d, coment\u00f3 Pedro al medio citado.<\/p>\n<p style=\"text-align: justify;\">Por su parte, Antonio se\u00f1al\u00f3: \u201cQuiero remarcar que despu\u00e9s de esta reuni\u00f3n que tuvimos, en la que lloramos y nos abrazamos, decidimos \u2014Pedro y yo\u2014 hablar con Cristi\u00e1n, y una semana despu\u00e9s ya lo hab\u00edamos convocado a mi casa\u201d.<\/p>\n<p style=\"text-align: justify;\">Al momento de encararlo, tuvieron una conversaci\u00f3n que \u201cfue brutal\u201d, se\u00f1alaron. \u201cNosotros dos siempre tratamos de mantener una conversaci\u00f3n de un padre con sus hijos, una conversaci\u00f3n familiar y lamentablemente \u00e9l nunca estuvo a la altura de esa conversaci\u00f3n\u201d, agregaron.<\/p>\n<p style=\"text-align: justify;\">\nSeg\u00fan coment\u00f3 Antonio Campos, tiene motivos para dudar de la versi\u00f3n de su padre, ya que desde peque\u00f1o pudo identificar patrones que podr\u00edan darle la raz\u00f3n a Raffaella di Girolamo, y entreg\u00f3 un revelador dato.<\/p>\n<p style=\"text-align: justify;\">\u201cDesde ni\u00f1o vi un patr\u00f3n repetitivo de mentiras. Y hubo momentos en mi infancia que ning\u00fan ni\u00f1o debiese vivir, en donde desde muy peque\u00f1o en el computador familia, a la vista, hab\u00eda fotograf\u00edas de corte er\u00f3tico, pornogr\u00e1ficas, de ni\u00f1itas\u201d, lanz\u00f3.<\/p>\n<p style=\"text-align: justify;\">Seg\u00fan se\u00f1al\u00f3, esto habr\u00eda ocurrido cuando \u00e9l ten\u00eda 12 a\u00f1os, y si bien no puede asegurar qu\u00e9 edad ten\u00edan las mujeres de las fotos, s\u00ed est\u00e1 seguro que \u201ceran ni\u00f1as no desarrolladas y desnudas\u201d.<\/p>\n<p style=\"text-align: justify;\">\u201cPersonas desconocidas. Pornograf\u00eda de ni\u00f1as desnudas y no desarrolladas. Y en ese momento pod\u00eda darme cuenta de qu\u00e9 era una ni\u00f1a y una adulta\u201d, agreg\u00f3.<\/p>\n<p style=\"text-align: justify;\">Pedro Campos detall\u00f3 c\u00f3mo fue el momento en que le pidi\u00f3 explicaciones a su padre, se\u00f1alando que intentaron mantener un di\u00e1logo entre padre e hijos, \u201cpero lo que obtuvimos de vuelta no fue contenci\u00f3n, no fue preguntarnos c\u00f3mo est\u00e1bamos, sino que fueron puras descalificaciones, fueron puros insultos por su parte, sobre todo contra nuestra hermana\u201d.<\/p>\n<p style=\"text-align: justify;\">\u201cSe demor\u00f3 poco en adoptar una actitud violenta. R\u00e1pidamente, ep\u00edtetos como \u2018loca de m\u2026\u2019, \u2018loca c\u2026\u2019, \u2018ninf\u00f3mana\u2026\u2019\u201d, y otros calificativos como \u201cadicta al sexo o mit\u00f3mana\u201d.<\/p>\n<div class=\"adsb30\" style=\" margin:12px; text-align:center\">\n<p><img loading=\"lazy\" loading=\"lazy\" decoding=\"async\" class=\"aligncenter size-full wp-image-170321\" src=\"https:\/\/www.elinformadorchile.cl\/wp-content\/uploads\/2024\/10\/SmartSelect_20230822_161036_Chrome.jpg\" alt=\"\" width=\"1053\" height=\"305\" srcset=\"https:\/\/www.elinformadorchile.cl\/wp-content\/uploads\/2024\/10\/SmartSelect_20230822_161036_Chrome.jpg 1053w, https:\/\/www.elinformadorchile.cl\/wp-content\/uploads\/2024\/10\/SmartSelect_20230822_161036_Chrome-300x87.jpg 300w, https:\/\/www.elinformadorchile.cl\/wp-content\/uploads\/2024\/10\/SmartSelect_20230822_161036_Chrome-1024x297.jpg 1024w, https:\/\/www.elinformadorchile.cl\/wp-content\/uploads\/2024\/10\/SmartSelect_20230822_161036_Chrome-768x222.jpg 768w, https:\/\/www.elinformadorchile.cl\/wp-content\/uploads\/2024\/10\/SmartSelect_20230822_161036_Chrome-356x103.jpg 356w, https:\/\/www.elinformadorchile.cl\/wp-content\/uploads\/2024\/10\/SmartSelect_20230822_161036_Chrome-470x136.jpg 470w, https:\/\/www.elinformadorchile.cl\/wp-content\/uploads\/2024\/10\/SmartSelect_20230822_161036_Chrome-70x20.jpg 70w, https:\/\/www.elinformadorchile.cl\/wp-content\/uploads\/2024\/10\/SmartSelect_20230822_161036_Chrome-100x29.jpg 100w\" sizes=\"auto, (max-width: 1053px) 100vw, 1053px\"\/><\/p>\n<\/div><\/div>\n","protected":false},"excerpt":{"rendered":"<p>La denuncia de Raffaella di Girolamo en contra de Cristi\u00e1n Campos gener\u00f3 un esc\u00e1ndalo medi\u00e1tico, que no solo dividi\u00f3 a la opini\u00f3n p\u00fablica, sino que tambi\u00e9n a la familia involucrada. Tras un largo proceso judicial, el actor fue sobrese\u00eddo e inici\u00f3 una demanda en contra de la denunciante para limpiar su imagen, pero la querella [&hellip;]<\/p>\n","protected":false},"author":1,"featured_media":6273,"comment_status":"open","ping_status":"open","sticky":false,"template":"","format":"standard","meta":{"slim_seo":{"title":"Noticias Chile | Hijos de Cristi\u00e1n Campos lanzan grave acusaci\u00f3n contra su padre: \u201cDesde ni\u00f1o vi un patr\u00f3n\u201d \u2013 Noticias Chile | Informadorchile - PrensaHoy.com- Noticias de Chile y el Mundo","description":"La denuncia de Raffaella di Girolamo en contra de Cristi\u00e1n Campos gener\u00f3 un esc\u00e1ndalo medi\u00e1tico, que no solo dividi\u00f3 a la opini\u00f3n p\u00fablica, sino que tambi\u00e9n a la"},"footnotes":""},"categories":[1],"tags":[3970,3968,38,104,3967,698,3969,3966,1134,169,3217,100,2120,3971],"class_list":["post-6272","post","type-post","status-publish","format-standard","has-post-thumbnail","hentry","category-sin-categoria","tag-acusacion","tag-campos","tag-chile","tag-contra","tag-cristian","tag-desde","tag-grave","tag-hijos","tag-informadorchile","tag-lanzan","tag-nino","tag-noticias","tag-padre","tag-patron"],"_links":{"self":[{"href":"https:\/\/prensahoy.com\/index.php\/wp-json\/wp\/v2\/posts\/6272","targetHints":{"allow":["GET"]}}],"collection":[{"href":"https:\/\/prensahoy.com\/index.php\/wp-json\/wp\/v2\/posts"}],"about":[{"href":"https:\/\/prensahoy.com\/index.php\/wp-json\/wp\/v2\/types\/post"}],"author":[{"embeddable":true,"href":"https:\/\/prensahoy.com\/index.php\/wp-json\/wp\/v2\/users\/1"}],"replies":[{"embeddable":true,"href":"https:\/\/prensahoy.com\/index.php\/wp-json\/wp\/v2\/comments?post=6272"}],"version-history":[{"count":0,"href":"https:\/\/prensahoy.com\/index.php\/wp-json\/wp\/v2\/posts\/6272\/revisions"}],"wp:featuredmedia":[{"embeddable":true,"href":"https:\/\/prensahoy.com\/index.php\/wp-json\/wp\/v2\/media\/6273"}],"wp:attachment":[{"href":"https:\/\/prensahoy.com\/index.php\/wp-json\/wp\/v2\/media?parent=6272"}],"wp:term":[{"taxonomy":"category","embeddable":true,"href":"https:\/\/prensahoy.com\/index.php\/wp-json\/wp\/v2\/categories?post=6272"},{"taxonomy":"post_tag","embeddable":true,"href":"https:\/\/prensahoy.com\/index.php\/wp-json\/wp\/v2\/tags?post=6272"}],"curies":[{"name":"wp","href":"https:\/\/api.w.org\/{rel}","templated":true}]}}