{"id":6137,"date":"2025-12-07T01:37:21","date_gmt":"2025-12-07T04:37:21","guid":{"rendered":"https:\/\/prensahoy.com\/index.php\/2025\/12\/07\/chile-avanza-a-la-prohibicion-de-moviles-en-las-escuelas\/"},"modified":"2025-12-07T01:37:21","modified_gmt":"2025-12-07T04:37:21","slug":"chile-avanza-a-la-prohibicion-de-moviles-en-las-escuelas","status":"publish","type":"post","link":"https:\/\/prensahoy.com\/index.php\/2025\/12\/07\/chile-avanza-a-la-prohibicion-de-moviles-en-las-escuelas\/","title":{"rendered":"Chile avanza a la prohibici\u00f3n de m\u00f3viles en las escuelas"},"content":{"rendered":"<div data-article-body=\"true\">\n<p class=\"mb-4 text-lg md:leading-8 break-words\">La legislatura chilena aprob\u00f3 el martes una ley que prohibir\u00eda el uso de tel\u00e9fonos inteligentes en las escuelas. Una amplia mayor\u00eda de la C\u00e1mara de Diputados de Chile respald\u00f3 el proyecto.<\/p>\n<p class=\"mb-4 text-lg md:leading-8 break-words\">Ahora pasa al presidente Gabriel Boric, quien ha expresado su apoyo a la pol\u00edtica, para su aprobaci\u00f3n final. La ley entrar\u00eda en vigor en marzo de 2026.<\/p>\n<p class=\"mb-4 text-lg md:leading-8 break-words\">El ministro de Educaci\u00f3n, Nicol\u00e1s Cataldo, afirm\u00f3 que las escuelas chilenas se encuentran actualmente plagadas de tel\u00e9fonos inteligentes, que son &#8220;una plaga que&#8230; constituye una de las principales pandemias que afectan a nuestros ni\u00f1os y j\u00f3venes&#8221;.<\/p>\n<p class=\"mb-4 text-lg md:leading-8 break-words\">El diputado conservador Diego Schalper, uno de los autores del proyecto, celebr\u00f3 la aprobaci\u00f3n de la ley, afirmando que el uso de tel\u00e9fonos m\u00f3viles en ni\u00f1os se asocia con adicciones en l\u00ednea y &#8220;afecta el proceso educativo en las aulas&#8221;.<\/p>\n<p class=\"mb-4 text-lg md:leading-8 break-words\">El pa\u00eds sudamericano es el m\u00e1s reciente en intentar regular el uso de dispositivos m\u00f3viles entre los j\u00f3venes mediante una prohibici\u00f3n escolar.<\/p>\n<p class=\"mb-4 text-lg md:leading-8 break-words\">Alrededor del 40% de las escuelas a nivel mundial hab\u00edan prohibido el uso de tel\u00e9fonos inteligentes en diversos grados hasta 2024, frente al 30% del a\u00f1o anterior, seg\u00fan la UNESCO.<\/p>\n<p class=\"mb-4 text-lg md:leading-8 break-words\">Estos pa\u00edses incluyen Brasil, Finlandia, Corea del Sur, Pa\u00edses Bajos, Italia y Francia.<\/p>\n<h3 class=\"mb-4 text-lg font-bold\">\u00bfC\u00f3mo funcionar\u00eda la ley?<\/h3>\n<p class=\"mb-4 text-lg md:leading-8 break-words\">La diputada Marcia Raphael afirm\u00f3 que el proyecto de ley busca impulsar la concentraci\u00f3n, el rendimiento, la vida en comunidad y la salud emocional de los j\u00f3venes.<\/p>\n<p class=\"mb-4 text-lg md:leading-8 break-words\">Seg\u00fan el proyecto de ley, los estudiantes no podr\u00e1n tener tel\u00e9fonos en las aulas, ni en las escuelas de educaci\u00f3n primaria ni en las de secundaria.<\/p>\n<p class=\"mb-4 text-lg md:leading-8 break-words\">Las excepciones solo est\u00e1n disponibles para estudiantes con necesidades educativas especiales, en caso de emergencia o si un estudiante tiene una condici\u00f3n m\u00e9dica que requiere monitoreo constante a trav\u00e9s de un tel\u00e9fono inteligente.<\/p>\n<p class=\"mb-4 text-lg md:leading-8 break-words\">Salvo la excepci\u00f3n de emergencia, todas las dem\u00e1s excepciones para el uso del tel\u00e9fono celular requerir\u00e1n que el estudiante presente un certificado de una autoridad competente que justifique la solicitud.<\/p>\n<p class=\"mb-4 text-lg md:leading-8 break-words\">El proyecto de ley es el resultado de a\u00f1os de presi\u00f3n por parte de padres y docentes en Chile, quienes argumentaron que el uso de tel\u00e9fonos inteligentes perjudica el aprendizaje y el desarrollo emocional de los estudiantes.<\/p>\n<p class=\"mb-4 text-lg md:leading-8 break-words\">Seg\u00fan un estudio internacional reciente de la Organizaci\u00f3n para la Cooperaci\u00f3n y el Desarrollo Econ\u00f3micos, m\u00e1s de la mitad de los estudiantes chilenos informaron que los dispositivos digitales interrumpieron su proceso de aprendizaje.<\/p>\n<p class=\"mb-4 text-lg md:leading-8 break-words\">&#8220;Estamos impulsando un cambio cultural para ni\u00f1os, ni\u00f1as y adolescentes que hoy, m\u00e1s que nunca, necesitan volver a verse las caras, socializar en los recreos y recuperar la concentraci\u00f3n para potenciar a\u00fan m\u00e1s el aprendizaje\u201d, afirm\u00f3 el ministro de Educaci\u00f3n Cataldo.<\/p>\n<p class=\"mb-4 text-lg md:leading-8 break-words\">(ap, afp\/el)<\/p>\n<\/div>\n","protected":false},"excerpt":{"rendered":"<p>La legislatura chilena aprob\u00f3 el martes una ley que prohibir\u00eda el uso de tel\u00e9fonos inteligentes en las escuelas. Una amplia mayor\u00eda de la C\u00e1mara de Diputados de Chile respald\u00f3 el proyecto. Ahora pasa al presidente Gabriel Boric, quien ha expresado su apoyo a la pol\u00edtica, para su aprobaci\u00f3n final. La ley entrar\u00eda en vigor en [&hellip;]<\/p>\n","protected":false},"author":1,"featured_media":6138,"comment_status":"open","ping_status":"open","sticky":false,"template":"","format":"standard","meta":{"slim_seo":{"title":"Chile avanza a la prohibici\u00f3n de m\u00f3viles en las escuelas - PrensaHoy.com- Noticias de Chile y el Mundo","description":"La legislatura chilena aprob\u00f3 el martes una ley que prohibir\u00eda el uso de tel\u00e9fonos inteligentes en las escuelas. Una amplia mayor\u00eda de la C\u00e1mara de Diputados de"},"footnotes":""},"categories":[1],"tags":[1999,38,3765,102,3764,3763],"class_list":["post-6137","post","type-post","status-publish","format-standard","has-post-thumbnail","hentry","category-sin-categoria","tag-avanza","tag-chile","tag-escuelas","tag-las","tag-moviles","tag-prohibicion"],"_links":{"self":[{"href":"https:\/\/prensahoy.com\/index.php\/wp-json\/wp\/v2\/posts\/6137","targetHints":{"allow":["GET"]}}],"collection":[{"href":"https:\/\/prensahoy.com\/index.php\/wp-json\/wp\/v2\/posts"}],"about":[{"href":"https:\/\/prensahoy.com\/index.php\/wp-json\/wp\/v2\/types\/post"}],"author":[{"embeddable":true,"href":"https:\/\/prensahoy.com\/index.php\/wp-json\/wp\/v2\/users\/1"}],"replies":[{"embeddable":true,"href":"https:\/\/prensahoy.com\/index.php\/wp-json\/wp\/v2\/comments?post=6137"}],"version-history":[{"count":0,"href":"https:\/\/prensahoy.com\/index.php\/wp-json\/wp\/v2\/posts\/6137\/revisions"}],"wp:featuredmedia":[{"embeddable":true,"href":"https:\/\/prensahoy.com\/index.php\/wp-json\/wp\/v2\/media\/6138"}],"wp:attachment":[{"href":"https:\/\/prensahoy.com\/index.php\/wp-json\/wp\/v2\/media?parent=6137"}],"wp:term":[{"taxonomy":"category","embeddable":true,"href":"https:\/\/prensahoy.com\/index.php\/wp-json\/wp\/v2\/categories?post=6137"},{"taxonomy":"post_tag","embeddable":true,"href":"https:\/\/prensahoy.com\/index.php\/wp-json\/wp\/v2\/tags?post=6137"}],"curies":[{"name":"wp","href":"https:\/\/api.w.org\/{rel}","templated":true}]}}