{"id":6120,"date":"2025-12-03T13:09:49","date_gmt":"2025-12-03T16:09:49","guid":{"rendered":"https:\/\/prensahoy.com\/index.php\/2025\/12\/03\/peru-refuerza-vigilancia-en-frontera-tras-ola-de-migrantes-que-huyen-de-chile\/"},"modified":"2025-12-03T13:09:49","modified_gmt":"2025-12-03T16:09:49","slug":"peru-refuerza-vigilancia-en-frontera-tras-ola-de-migrantes-que-huyen-de-chile","status":"publish","type":"post","link":"https:\/\/prensahoy.com\/index.php\/2025\/12\/03\/peru-refuerza-vigilancia-en-frontera-tras-ola-de-migrantes-que-huyen-de-chile\/","title":{"rendered":"Per\u00fa refuerza vigilancia en frontera tras ola de migrantes que huyen de Chile"},"content":{"rendered":"<div data-article-body=\"true\">\n<p class=\"mb-4 text-lg md:leading-8 break-words\">Per\u00fa ha reforzado la vigilancia en su frontera con Chile con el desplazamiento de un nuevo contingente de militares y polic\u00edas, que recorre la zona para evitar el ingreso al pa\u00eds de migrantes en condici\u00f3n irregular, informaron este domingo medios locales.<\/p>\n<p class=\"mb-4 text-lg md:leading-8 break-words\">El contingente de refuerzo comprende a un centenar de miembros del Ej\u00e9rcito peruano, as\u00ed como a otros 100 agentes de la Polic\u00eda Nacional del Per\u00fa (PNP), seg\u00fan report\u00f3 la emisora RPP.<\/p>\n<p class=\"mb-4 text-lg md:leading-8 break-words\">Los militares fueron desplegados en grupos ubicados a unos 500 metros de la carretera Panamericana Sur y a tres kil\u00f3metros de la frontera bilateral, se\u00f1al\u00f3 el medio, que mostr\u00f3 im\u00e1genes de las fuerzas de seguridad.<\/p>\n<p class=\"mb-4 text-lg md:leading-8 break-words\">Este incremento de la presencia de militares y polic\u00edas fue anunciado el pasado viernes por el ministro peruano del Interior, Vicente Tiburcio, quien se\u00f1al\u00f3 que la intenci\u00f3n es reforzar la seguridad en la zona fronteriza ante la presencia de migrantes en aparente condici\u00f3n irregular.<\/p>\n<p class=\"mb-4 text-lg md:leading-8 break-words\">En ese sentido, el Gobierno de Per\u00fa declar\u00f3 el pasado viernes el estado de emergencia en varios distritos de la regi\u00f3n de Tacna, fronteriza con Chile, para que las Fuerzas Armadas puedan apoyar a la Polic\u00eda en el resguardo de la frontera.<\/p>\n<p class=\"mb-4 text-lg md:leading-8 break-words\">Durante la declaraci\u00f3n de emergencia, que tendr\u00e1 una vigencia de 60 d\u00edas, se restringen los derechos constitucionales referidos a inviolabilidad del domicilio, libertad de tr\u00e1nsito por el territorio nacional, libertad de reuni\u00f3n y libertad y seguridad personales.<\/p>\n<figure class=\"relative mb-4\">\n<div class=\"relative\"><span class=\"absolute bottom-0 right-0 rounded-full bg-white p-3 opacity-100 shadow-elevation-3 transition-opacity duration-300 group-hover:block group-hover:opacity-100 md:p-[17px] lg:bottom-6 lg:right-6 lg:bg-white\/90 lg:p-5 lg:opacity-0 lg:shadow-none\"><\/span><\/div><figcaption class=\"relative text-sm mt-1 pr-2.5\">\n<p>Un grupo de inmigrantes regresa a Chile despu\u00e9s de que le negaran la entrada a Per\u00fa, cerca del cruce fronterizo de Cachalluta, a unos 25 km al norte de Arica, Chile, el domingo 30 de noviembre de 2025.<\/p>\n<\/figcaption><\/figure>\n<p class=\"mb-4 text-lg md:leading-8 break-words\">La medida se tom\u00f3 despu\u00e9s de que decenas de migrantes llegaron hasta el punto de frontera de Chile con Per\u00fa con la intenci\u00f3n de ingresar hacia territorio peruano, pero fueron impedidos por agentes de la PNP.<\/p>\n<p class=\"mb-4 text-lg md:leading-8 break-words\">Esto gener\u00f3 que varios de los migrantes, que iban a pie, bloquearan la carretera Panamericana Sur y el paso fronterizo, lo que hizo que se forme una larga fila de camiones y autobuses en ambos lados de la frontera.<\/p>\n<p class=\"mb-4 text-lg md:leading-8 break-words\">Los manifestantes aseguraron a medios peruanos que buscan retornar a sus pa\u00edses de origen, porque se han visto obligados a abandonar Chile ante el endurecimiento de las pol\u00edticas migratorias.<\/p>\n<p class=\"mb-4 text-lg md:leading-8 break-words\">Este s\u00e1bado, el presidente de transici\u00f3n de Per\u00fa, Jos\u00e9 Jer\u00ed, anunci\u00f3 que solicitar\u00e1 al Congreso que d\u00e9 prioridad a una reforma constitucional para permitir que las Fuerzas Armadas asuman el resguardo de las fronteras del pa\u00eds.<\/p>\n<p class=\"mb-4 text-lg md:leading-8 break-words\">Jer\u00ed consider\u00f3 que tambi\u00e9n es \u201cfundamental modificar la Constituci\u00f3n\u201d, porque en el Congreso hay iniciativas que plantean eliminar la restricci\u00f3n para las inversiones privadas hasta 50 kil\u00f3metros de las fronteras del pa\u00eds.<\/p>\n<p class=\"mb-4 text-lg md:leading-8 break-words\">El canciller peruano, Hugo de Zela, anunci\u00f3 el pasado viernes que los Gobiernos de Per\u00fa y Chile han conformado un comit\u00e9 binacional, que se instalar\u00e1 este lunes con el objetivo de colaborar en la soluci\u00f3n de la situaci\u00f3n migratoria en la frontera.<\/p>\n<p class=\"mb-4 text-lg md:leading-8 break-words\">De Zela sostuvo que actualmente \u201cla situaci\u00f3n est\u00e1 controlada\u201d y ratific\u00f3 que el Gobierno de Per\u00fa tiene la \u201cposici\u00f3n clara y firme\u201d de impedir la migraci\u00f3n irregular porque, seg\u00fan enfatiz\u00f3, el pa\u00eds no tiene \u201ccondiciones ni capacidades para recibir m\u00e1s migrantes\u201d.<\/p>\n<\/div>\n","protected":false},"excerpt":{"rendered":"<p>Per\u00fa ha reforzado la vigilancia en su frontera con Chile con el desplazamiento de un nuevo contingente de militares y polic\u00edas, que recorre la zona para evitar el ingreso al pa\u00eds de migrantes en condici\u00f3n irregular, informaron este domingo medios locales. El contingente de refuerzo comprende a un centenar de miembros del Ej\u00e9rcito peruano, as\u00ed [&hellip;]<\/p>\n","protected":false},"author":1,"featured_media":6121,"comment_status":"open","ping_status":"open","sticky":false,"template":"","format":"standard","meta":{"slim_seo":{"title":"Per\u00fa refuerza vigilancia en frontera tras ola de migrantes que huyen de Chile - PrensaHoy.com- Noticias de Chile y el Mundo","description":"Per\u00fa ha reforzado la vigilancia en su frontera con Chile con el desplazamiento de un nuevo contingente de militares y polic\u00edas, que recorre la zona para evitar"},"footnotes":""},"categories":[1],"tags":[38,2549,3721,1055,3720,971,2112,69,927],"class_list":["post-6120","post","type-post","status-publish","format-standard","has-post-thumbnail","hentry","category-sin-categoria","tag-chile","tag-frontera","tag-huyen","tag-migrantes","tag-ola","tag-peru","tag-refuerza","tag-tras","tag-vigilancia"],"_links":{"self":[{"href":"https:\/\/prensahoy.com\/index.php\/wp-json\/wp\/v2\/posts\/6120","targetHints":{"allow":["GET"]}}],"collection":[{"href":"https:\/\/prensahoy.com\/index.php\/wp-json\/wp\/v2\/posts"}],"about":[{"href":"https:\/\/prensahoy.com\/index.php\/wp-json\/wp\/v2\/types\/post"}],"author":[{"embeddable":true,"href":"https:\/\/prensahoy.com\/index.php\/wp-json\/wp\/v2\/users\/1"}],"replies":[{"embeddable":true,"href":"https:\/\/prensahoy.com\/index.php\/wp-json\/wp\/v2\/comments?post=6120"}],"version-history":[{"count":0,"href":"https:\/\/prensahoy.com\/index.php\/wp-json\/wp\/v2\/posts\/6120\/revisions"}],"wp:featuredmedia":[{"embeddable":true,"href":"https:\/\/prensahoy.com\/index.php\/wp-json\/wp\/v2\/media\/6121"}],"wp:attachment":[{"href":"https:\/\/prensahoy.com\/index.php\/wp-json\/wp\/v2\/media?parent=6120"}],"wp:term":[{"taxonomy":"category","embeddable":true,"href":"https:\/\/prensahoy.com\/index.php\/wp-json\/wp\/v2\/categories?post=6120"},{"taxonomy":"post_tag","embeddable":true,"href":"https:\/\/prensahoy.com\/index.php\/wp-json\/wp\/v2\/tags?post=6120"}],"curies":[{"name":"wp","href":"https:\/\/api.w.org\/{rel}","templated":true}]}}