{"id":6092,"date":"2025-11-26T12:17:51","date_gmt":"2025-11-26T15:17:51","guid":{"rendered":"https:\/\/prensahoy.com\/index.php\/2025\/11\/26\/tension-en-la-frontera-entre-chile-y-peru-militares-peruanos-resguardaran-la-zona-y-piden-a-boric-tomar-accion\/"},"modified":"2025-11-26T12:17:51","modified_gmt":"2025-11-26T15:17:51","slug":"tension-en-la-frontera-entre-chile-y-peru-militares-peruanos-resguardaran-la-zona-y-piden-a-boric-tomar-accion","status":"publish","type":"post","link":"https:\/\/prensahoy.com\/index.php\/2025\/11\/26\/tension-en-la-frontera-entre-chile-y-peru-militares-peruanos-resguardaran-la-zona-y-piden-a-boric-tomar-accion\/","title":{"rendered":"\u00bfTensi\u00f3n en la frontera entre Chile y Per\u00fa?: militares peruanos resguardar\u00e1n la zona y piden a Boric tomar acci\u00f3n"},"content":{"rendered":"<div xmlns:default=\"http:\/\/www.w3.org\/2000\/svg\">\n<div class=\"visual__image image-initial-width\"><figcaption class=\"article-figcaption-img\">El gobierno de Per\u00fa militarizar\u00e1 la frontera con Chile para frenar el flujo de migrantes irregulares y decret\u00f3 el estado de emergencia en la zona. (Ministerio de Defensa)<\/figcaption><\/div>\n<p class=\"paragraph\">La frontera que separa a Chile y Per\u00fa enfrenta una nueva situaci\u00f3n despu\u00e9s de que el gobierno peruano anunciara el despliegue de sus fuerzas armadas para que resguardan los m\u00e1s de 100 kil\u00f3metros que componen el l\u00edmite y apoyen al personal de la Polic\u00eda Nacional, buscando frenar el flujo de migrantes irregulares, seg\u00fan inform\u00f3 DNews.<\/p>\n<p class=\"paragraph\">El presidente peruano Jos\u00e9 Jer\u00ed anunci\u00f3 recientemente que decretar\u00e1 el estado de emergencia en las zonas fronterizas, una medida que responde al aumento de migrantes que intentan abandonar territorio chileno tras los anuncios del candidato presidencial chileno Jos\u00e9 Antonio Kast. Este escenario origin\u00f3 reacciones de ambos lados de la frontera y una presi\u00f3n sobre el mandatario chileno, Gabriel Boric.<\/p>\n<p class=\"paragraph\">La determinaci\u00f3n de militarizar la frontera con Chile y otras provincias lim\u00edtrofes fue anunciada por Jer\u00ed, en un mensaje difundido a trav\u00e9s de la plataforma X (antes Twitter).<\/p>\n<p class=\"paragraph\">\u201cVamos a aplicar un programa de intervenci\u00f3n multi sectorial en nuestras fronteras. Comenzaremos en Tacna. Debemos dejar que nuestras fronteras sean consideradas coladeras y que el estado tenga presencial real que genere impacto y desarrollo.Por lo pronto, para pedir apoyo en el resguardo de nuestra frontera en el sur por parte de las FF.AA., decretaremos estado de emergencia en las provincias lim\u00edtrofes\u201d, tuite\u00f3.<\/p>\n<p class=\"paragraph\">La extensi\u00f3n de la frontera entre ambos pa\u00edses es de 169 kil\u00f3metros, detall\u00f3 la cobertura de DNews, y todo ese tramo en cuesti\u00f3n estar\u00eda bajo estricta vigilancia militar. <\/p>\n<p class=\"paragraph\">La preocupaci\u00f3n de las autoridades peruanas reside en el potencial incremento del flujo migratorio, motivado por los mensajes desde Chile que solicitan la salida voluntaria de migrantes irregulares.<\/p>\n<div class=\"visual__image\"><img loading=\"lazy\" alt=\"La extensi\u00f3n de la frontera\" class=\"global-image\" decoding=\"async\" fetchpriority=\"low\" height=\"1292\" loading=\"lazy\" src=\"https:\/\/www.infobae.com\/resizer\/v2\/KCFUXTROWBBMVG5NCDK6DJIUUY.jpg?auth=ef54b5cac7873029784c3ed1bc4b13475b1990868b1e8c1b6768ed9af6c2465e&amp;smart=true&amp;width=350&amp;height=236&amp;quality=85\" width=\"1920\"\/><figcaption class=\"article-figcaption-img\">La extensi\u00f3n de la frontera entre Chile y Per\u00fa alcanza los 168 kil\u00f3metros y se encuentra bajo estricta vigilancia militar tras el aumento migratorio. (Andina)<\/figcaption><\/div>\n<p class=\"paragraph\">Jos\u00e9 Antonio Kast, candidato a la presidencia de Chile, reaviv\u00f3 el debate con declaraciones que propusieron un plazo de 106 d\u00edas para que migrantes en situaci\u00f3n irregular abandonen el pa\u00eds de forma voluntaria antes de que, en caso de resultar electo, asuma la presidencia.<\/p>\n<p class=\"paragraph\">Seg\u00fan el propio Kast: \u201cPer\u00fa tom\u00f3 una terminaci\u00f3n y decret\u00f3 un estado excepcional en su frontera porque hab\u00eda aumentado el flujo migratorio de salida de Chile de personas que, con buen sentido, dicen: \u2018Vamos a escuchar lo que est\u00e1 diciendo un eventual futuro presidente de Chile, que nos est\u00e1 se\u00f1alando que tenemos que tomar nuestras cosas y partir si alguna vez queremos volver a entrar a Chile de manera regular\u2019\u201c.<\/p>\n<p class=\"paragraph\">\u201cEso gener\u00f3 algunos reportes de prensa que fueron evidenciando esta situaci\u00f3n y Per\u00fa tom\u00f3 una decisi\u00f3n dentro de sus atribuciones leg\u00edtimas y es probable que otros pa\u00edses puedan tomar una situaci\u00f3n similar y nosotros lo que le solicitamos a los pa\u00edses vecinos es que act\u00faen con responsabilidad\u201d, a\u00f1adi\u00f3.<\/p>\n<div class=\"visual__image\"><img loading=\"lazy\" alt=\"Las declaraciones del candidato chileno\" class=\"global-image\" decoding=\"async\" fetchpriority=\"low\" height=\"624\" loading=\"lazy\" src=\"https:\/\/www.infobae.com\/resizer\/v2\/QMDEVIP74ZGELPNOXANQSITOAM.jpg?auth=67b4b4f188cac3e0d7042d2d2262889f84f63c0b72a4b1f0469915c39f56c744&amp;smart=true&amp;width=350&amp;height=224&amp;quality=85\" width=\"976\"\/><figcaption class=\"article-figcaption-img\">Las declaraciones del candidato chileno Jos\u00e9 Antonio Kast sobre la salida voluntaria de migrantes generan tensi\u00f3n y reacciones en la regi\u00f3n.<\/figcaption><\/div>\n<p class=\"paragraph\">Kast responsabiliz\u00f3 a Per\u00fa y Bolivia de haber permitido el ingreso irregular de migrantes a Chile, se\u00f1alando que muchas personas ingresaron por pasos no habilitados provenientes de terceros pa\u00edses como Venezuela, Ecuador o Colombia. <\/p>\n<p class=\"paragraph\">Adem\u00e1s, enfatiz\u00f3 que, ante esta coyuntura, espera que se facilite el tr\u00e1nsito de los migrantes hacia sus pa\u00edses de origen. \u201cHoy d\u00eda hay una situaci\u00f3n de conflicto eventual en la zona norte por una situaci\u00f3n migratoria\u201d, expres\u00f3 tras hacer un llamado al presidente chileno Gabriel Boric para que llegue a la regi\u00f3n fronteriza de Arica.<\/p>\n<p class=\"paragraph\">La situaci\u00f3n ha puesto en alerta tanto a autoridades regionales como a la poblaci\u00f3n del norte de Chile. Diego Paco, gobernador de Arica y Parinacota, expres\u00f3: \u201cEstamos la verdad que bastante preocupados con toda la situaci\u00f3n internacional y decisiones que los presidentes, en este caso del Per\u00fa, est\u00e1n tomando en relaci\u00f3n a las fronteras\u201d.<\/p>\n<div class=\"visual__image\"><img loading=\"lazy\" alt=\"Foto de archivo de polic\u00edas\" class=\"global-image\" decoding=\"async\" fetchpriority=\"low\" height=\"3866\" loading=\"lazy\" src=\"https:\/\/www.infobae.com\/resizer\/v2\/AUWYYSAP25GAZDXGHYDW4IGG2Y.jpg?auth=eb2273758b0106718f72d8774ed0bfd098222546ae019325140ef714fa5a2a2a&amp;smart=true&amp;width=350&amp;height=245&amp;quality=85\" width=\"5522\"\/><figcaption class=\"article-figcaption-img\">Foto de archivo de polic\u00edas hablando con migrantes en el paso fronterizo de control entre Santa Rosa (Per\u00fa) y Chacalluta (Chile). EFE\/ Aldair Mej\u00eda&#13;<br \/>\n<\/figcaption><\/div>\n<p class=\"paragraph\">Paco, entrevistado por DNews, reiter\u00f3 la necesidad de que el Ejecutivo chileno enfrente de forma directa la crisis: \u201cLe estamos pidiendo al presidente de la Rep\u00fablica, Gabriel Boric, que venga a la regi\u00f3n de Arica y Parinacota, que venga a tomar decisiones claves y acciones concretas para poder resguardar todo lo que eventualmente se podr\u00eda prevenir\u201d.<\/p>\n<p class=\"paragraph\">El gobernador remarc\u00f3 la relevancia de la regi\u00f3n, ubicada a unos 50 kil\u00f3metros de la ciudad peruana de Tacna, como paso fronterizo estrat\u00e9gico tanto para el ingreso como para la salida de migrantes. <\/p>\n<p class=\"paragraph\">Record\u00f3 que, en a\u00f1os recientes, el flujo migrante ha disminuido en comparaci\u00f3n con la etapa m\u00e1s intensa de la pandemia, aunque la preocupaci\u00f3n por nuevos movimientos masivos se mantiene. <\/p>\n<p class=\"paragraph\">\u201cTenemos que tomar acciones, hacer un protocolo, que venga el presidente de la Rep\u00fablica, que venga a liderar y dirigir esta situaci\u00f3n que se va a venir. Per\u00fa ya se est\u00e1 preparando, Per\u00fa ya est\u00e1 militarizando su frontera. Y bueno, \u00bfy qu\u00e9 est\u00e1 haciendo Chile respecto de aquello?\u201c, cuestion\u00f3 Paco.<\/p>\n<div class=\"visual__image\"><img loading=\"lazy\" alt=\"Agentes de la Polic\u00eda Nacional\" class=\"global-image\" decoding=\"async\" fetchpriority=\"low\" height=\"1080\" loading=\"lazy\" src=\"https:\/\/www.infobae.com\/resizer\/v2\/BXR5FLY2SRHTZAEDIHTI5OWSNE.jpg?auth=6fa1e8f2a34c94e421210d8860fadc201234ec188dd49ad6cb4abf2ebc2eeea4&amp;smart=true&amp;width=350&amp;height=197&amp;quality=85\" width=\"1920\"\/><figcaption class=\"article-figcaption-img\">Agentes de la Polic\u00eda Nacional del Per\u00fa (PNP) vienen custodiando la frontera de Tacna para evitar el ingreso irregular de un sujeto acusado de acabar con la vida de una carabinero chileno.<\/figcaption><\/div>\n<p class=\"paragraph\">La ministra de Defensa de Chile, Adriana Delpiano, aclar\u00f3 que la decisi\u00f3n de Per\u00fa es una medida \u201caut\u00f3noma\u201d y que no responde a ninguna situaci\u00f3n h\u00f3stil. <\/p>\n<p class=\"paragraph\">Adem\u00e1s, sobre el llamado del candidato republicano Jos\u00e9 Antonio Kast al presidente Gabriel Boric para que viaje a Arica, Delpiano respondi\u00f3 tajantemente: \u201cLos tema de frontera no pueden usarse en campa\u00f1as electorales\u201d.<\/p>\n<p class=\"paragraph\">El ministro de Seguridad P\u00fablica de Chile, Luis Cordero, asegur\u00f3 que desde el gobierno ya ven\u00edan anticipando ese panorama y que la frontera chilena se mantienen sin alteraciones.<\/p>\n<div class=\"visual__image\"><img loading=\"lazy\" alt=\"\" class=\"global-image\" decoding=\"async\" fetchpriority=\"low\" height=\"1212\" loading=\"lazy\" src=\"https:\/\/www.infobae.com\/resizer\/v2\/TIU3MERRLBEFDHHP5SXQMKD5VU.jpg?auth=068399becc4acfc210886fe43d93b7ee92f760f60a60a73573e4515998b1ad41&amp;smart=true&amp;width=350&amp;height=236&amp;quality=85\" width=\"1800\"\/><\/div>\n<p class=\"paragraph\">El llamado a Gabriel Boric es m\u00e1s notorio ante la cercan\u00eda del cambio de gobierno en los primeros meses del pr\u00f3ximo a\u00f1o. Tanto Kast como otras autoridades regionales y locales insistieron en la urgencia de \u201crespuestas concretas\u201d. <\/p>\n<p class=\"paragraph\">El \u00faltimo despliegue del mandatario chileno en la zona fronteriza norte ocurri\u00f3 hace m\u00e1s de un a\u00f1o, circunstancia que, seg\u00fan relat\u00f3 Paco, ha generado desconcierto e incertidumbre en la poblaci\u00f3n de Arica y Parinacota por la falta de presencia y directrices claras.<\/p>\n<p class=\"paragraph\">A pesar de que autoridades nacionales han visitado la regi\u00f3n en semanas recientes, Paco expres\u00f3 que esas visitas no incluyeron reuniones ni coordinaci\u00f3n efectiva con las instancias regionales. <\/p>\n<p class=\"paragraph\">\u201cLo que pedimos y lo que quiere la ciudadan\u00eda que vivimos aqu\u00ed en el extremo norte, es que tengamos clara la informaci\u00f3n de c\u00f3mo el Gobierno va a enfrentar la posible crisis que podr\u00eda llegar ahora ya pronto\u201d, puntualiz\u00f3 el gobernador.<\/p>\n<div class=\"visual__image\"><img loading=\"lazy\" alt=\"Entre los ciudadanos que han\" class=\"global-image\" decoding=\"async\" fetchpriority=\"low\" height=\"713\" loading=\"lazy\" src=\"https:\/\/www.infobae.com\/resizer\/v2\/Z3C474YV2RDNTP3YL7MTEA6VOY.png?auth=c7cb0889b13fdbcc837ee190a84feb525ecf48e47f925dfa6089a196d19124e9&amp;smart=true&amp;width=350&amp;height=259&amp;quality=85\" width=\"962\"\/><figcaption class=\"article-figcaption-img\">Entre los ciudadanos que han llegado a la frontera se encuentran venezolanos, colombianos y haitianos.<\/figcaption><\/div>\n<p class=\"paragraph\">El actual escenario deja interrogantes sobre c\u00f3mo proceder\u00e1n los gobiernos de Chile y Per\u00fa frente a la potencial salida de decenas de miles de migrantes, muchos de ellos de nacionalidad venezolana, ecuatoriana o colombiana, que buscan retornar a sus pa\u00edses o trasladarse a otros destinos de la regi\u00f3n.<\/p>\n<p class=\"paragraph\">DNews inform\u00f3 que una alternativa que estudia Kast ser\u00eda promover la salida a\u00e9rea de migrantes directamente desde ciudades chilenas hacia sus pa\u00edses de origen, eludiendo el paso terrestre por la frontera militarizada, una propuesta igualmente sujeta a negociaciones bilaterales.<\/p>\n<p class=\"paragraph\">El inminente refuerzo militar en la frontera peruana, las dudas en el norte chileno y la presi\u00f3n pol\u00edtica a las m\u00e1ximas autoridades mantienen a ambos pa\u00edses frente a un nuevo episodio.<\/p>\n<div class=\"visual__image\"><img loading=\"lazy\" alt=\"Casi un centenar de migrantes\" class=\"global-image\" decoding=\"async\" fetchpriority=\"low\" height=\"809\" loading=\"lazy\" src=\"https:\/\/www.infobae.com\/resizer\/v2\/ALNN5ZC75NHQ3E7QWXOHFYWTAE.jpg?auth=41cf3ea37eaa91c25ad3c66ffcf65225f8baa319195b10645c6a942940fa8836&amp;smart=true&amp;width=350&amp;height=197&amp;quality=85\" width=\"1440\"\/><figcaption class=\"article-figcaption-img\">Casi un centenar de migrantes bloquearon el tr\u00e1nsito en la frontera de Chile y Per\u00fa en septiembre pasado. (Hans Gotterbarm \/ Cooperativa de Chile)<\/figcaption><\/div>\n<p class=\"paragraph\">Frente a esta situaci\u00f3n, el gobernador regional de Tacna, Luis Torres Robledo, sostuvo que la principal prioridad es adelantarse a posibles eventualidades en los l\u00edmites fronterizos. <\/p>\n<p class=\"paragraph\">Se\u00f1al\u00f3 que ya se han realizado reuniones con el presidente de transici\u00f3n, Jos\u00e9 Jer\u00ed, con el objetivo de analizar una eventual declaratoria de emergencia en las fronteras con Chile y Bolivia. Esta propuesta busca facilitar la acci\u00f3n coordinada de todas las entidades involucradas ante el posible aumento de ingresos no autorizados.<\/p>\n<p class=\"paragraph\">Torres Robledo reconoci\u00f3 que existe una limitada capacidad de vigilancia en el sector, debido a que la Polic\u00eda Nacional del Per\u00fa carece de suficiente personal y unidades para cubrir toda la extensi\u00f3n fronteriza. Por ello, mencion\u00f3 que el plan inicial incluye la adquisici\u00f3n de m\u00e1s veh\u00edculos para el patrullaje, el incremento de agentes y el fortalecimiento de operativos preventivos. El objetivo es evitar situaciones de desborde migratorio como las que se dieron en a\u00f1os pasados.<\/p>\n<p class=\"paragraph\">El gobernador advirti\u00f3 que, en caso de que Chile ponga en marcha expulsiones masivas, la presi\u00f3n migratoria podr\u00eda dirigirse hacia Per\u00fa y otros pa\u00edses vecinos, lo que complicar\u00eda el panorama regional.<\/p>\n<div class=\"visual__image\"><img loading=\"lazy\" alt=\"Migrantes que bloquean la carretera\" class=\"global-image\" decoding=\"async\" fetchpriority=\"low\" height=\"3118\" loading=\"lazy\" src=\"https:\/\/www.infobae.com\/resizer\/v2\/L55QUK3KFTC6ZE4DFRIBKG3UZY.jpg?auth=8042d977f0d8d22df41f4305299bfc28a005c62c01734ade0bfbd47744a40b47&amp;smart=true&amp;width=350&amp;height=238&amp;quality=85\" width=\"4582\"\/><figcaption class=\"article-figcaption-img\">Migrantes que bloquean la carretera en la frontera entre Chile y Per\u00fa son dispersados por la polic\u00eda chilena cerca de Arica, Chile, el martes 2 de mayo de 2023. (AP Foto\/Agust\u00edn Mercado)<\/figcaption><\/div>\n<p class=\"paragraph\">La frontera entre Per\u00fa y Chile ha sido escenario de una crisis migratoria persistente durante los \u00faltimos a\u00f1os. El paso de extranjeros en situaci\u00f3n irregular se ha incrementado a ra\u00edz de distintas restricciones migratorias impuestas en ambos pa\u00edses y de la compleja situaci\u00f3n pol\u00edtica y econ\u00f3mica que atraviesan naciones como Venezuela. <\/p>\n<p class=\"paragraph\">En 2019, un fuerte aumento en la llegada de migrantes llev\u00f3 a la implementaci\u00f3n de controles fronterizos m\u00e1s estrictos y a la exigencia de visas humanitarias para ciudadanos venezolanos. Estas medidas, en lugar de reducir el flujo, provocaron que numerosos grupos optaran por rutas informales o por permanecer durante semanas en zonas fronterizas, generando serios desaf\u00edos humanitarios.<\/p>\n<p class=\"paragraph\">En los \u00faltimos meses, tanto las autoridades peruanas como las chilenas han mostrado dificultades para gestionar la cantidad de personas que permanecen en condiciones precarias en los puntos lim\u00edtrofes. <\/p>\n<p class=\"paragraph\">Testimonios de organismos internacionales se\u00f1alan que, a menudo, los migrantes enfrentan falta de acceso a servicios b\u00e1sicos, exposici\u00f3n a situaciones de vulnerabilidad y riesgos de trata. Las ciudades fronterizas, como Tacna y Arica, han debido responder con albergues temporales y operativos conjuntos, aunque la capacidad siempre resulta insuficiente para la magnitud del problema.<\/p>\n<\/div>\n","protected":false},"excerpt":{"rendered":"<p>El gobierno de Per\u00fa militarizar\u00e1 la frontera con Chile para frenar el flujo de migrantes irregulares y decret\u00f3 el estado de emergencia en la zona. (Ministerio de Defensa) La frontera que separa a Chile y Per\u00fa enfrenta una nueva situaci\u00f3n despu\u00e9s de que el gobierno peruano anunciara el despliegue de sus fuerzas armadas para que [&hellip;]<\/p>\n","protected":false},"author":1,"featured_media":6093,"comment_status":"open","ping_status":"open","sticky":false,"template":"","format":"standard","meta":{"slim_seo":{"title":"\u00bfTensi\u00f3n en la frontera entre Chile y Per\u00fa?: militares peruanos resguardar\u00e1n la zona y piden a Boric tomar acci\u00f3n - PrensaHoy.com- Noticias de Chile y el Mundo","description":"El gobierno de Per\u00fa militarizar\u00e1 la frontera con Chile para frenar el flujo de migrantes irregulares y decret\u00f3 el estado de emergencia en la zona. (Ministerio d"},"footnotes":""},"categories":[1],"tags":[640,453,38,313,2549,2489,971,3677,3679,3678,3676,3680,785],"class_list":["post-6092","post","type-post","status-publish","format-standard","has-post-thumbnail","hentry","category-sin-categoria","tag-accion","tag-boric","tag-chile","tag-entre","tag-frontera","tag-militares","tag-peru","tag-peruanos","tag-piden","tag-resguardaran","tag-tension","tag-tomar","tag-zona"],"_links":{"self":[{"href":"https:\/\/prensahoy.com\/index.php\/wp-json\/wp\/v2\/posts\/6092","targetHints":{"allow":["GET"]}}],"collection":[{"href":"https:\/\/prensahoy.com\/index.php\/wp-json\/wp\/v2\/posts"}],"about":[{"href":"https:\/\/prensahoy.com\/index.php\/wp-json\/wp\/v2\/types\/post"}],"author":[{"embeddable":true,"href":"https:\/\/prensahoy.com\/index.php\/wp-json\/wp\/v2\/users\/1"}],"replies":[{"embeddable":true,"href":"https:\/\/prensahoy.com\/index.php\/wp-json\/wp\/v2\/comments?post=6092"}],"version-history":[{"count":0,"href":"https:\/\/prensahoy.com\/index.php\/wp-json\/wp\/v2\/posts\/6092\/revisions"}],"wp:featuredmedia":[{"embeddable":true,"href":"https:\/\/prensahoy.com\/index.php\/wp-json\/wp\/v2\/media\/6093"}],"wp:attachment":[{"href":"https:\/\/prensahoy.com\/index.php\/wp-json\/wp\/v2\/media?parent=6092"}],"wp:term":[{"taxonomy":"category","embeddable":true,"href":"https:\/\/prensahoy.com\/index.php\/wp-json\/wp\/v2\/categories?post=6092"},{"taxonomy":"post_tag","embeddable":true,"href":"https:\/\/prensahoy.com\/index.php\/wp-json\/wp\/v2\/tags?post=6092"}],"curies":[{"name":"wp","href":"https:\/\/api.w.org\/{rel}","templated":true}]}}