{"id":6015,"date":"2025-11-10T10:59:21","date_gmt":"2025-11-10T13:59:21","guid":{"rendered":"https:\/\/prensahoy.com\/index.php\/2025\/11\/10\/elecciones-y-auge-de-la-extrema-derecha-temas-presentes-en-la-marcha-del-orgullo-lgbtiq-en-chile\/"},"modified":"2025-11-10T10:59:21","modified_gmt":"2025-11-10T13:59:21","slug":"elecciones-y-auge-de-la-extrema-derecha-temas-presentes-en-la-marcha-del-orgullo-lgbtiq-en-chile","status":"publish","type":"post","link":"https:\/\/prensahoy.com\/index.php\/2025\/11\/10\/elecciones-y-auge-de-la-extrema-derecha-temas-presentes-en-la-marcha-del-orgullo-lgbtiq-en-chile\/","title":{"rendered":"Elecciones y auge de la extrema derecha, temas presentes en la marcha del orgullo LGBTIQ+ en Chile"},"content":{"rendered":"<div data-article-body=\"true\">\n<p class=\"mb-4 text-lg md:leading-8 break-words\">Miles de personas inundaron las calles de Santiago de Chile en una vibrante y colorida marcha para celebrar el orgullo LGBTQ+ y exigir mayor igualdad social. Ondeando banderas arco\u00edris y bailando al ritmo de m\u00fasica tecno, el evento adquiri\u00f3 un tono m\u00e1s pol\u00edtico este a\u00f1o, coincidiendo con las pr\u00f3ximas elecciones presidenciales y parlamentarias. La preocupaci\u00f3n por el auge de la extrema derecha y su posible impacto en los derechos LGBTQ+ fue un tema central en las manifestaciones.<\/p>\n<\/div>\n","protected":false},"excerpt":{"rendered":"<p>Miles de personas inundaron las calles de Santiago de Chile en una vibrante y colorida marcha para celebrar el orgullo LGBTQ+ y exigir mayor igualdad social. Ondeando banderas arco\u00edris y bailando al ritmo de m\u00fasica tecno, el evento adquiri\u00f3 un tono m\u00e1s pol\u00edtico este a\u00f1o, coincidiendo con las pr\u00f3ximas elecciones presidenciales y parlamentarias. La preocupaci\u00f3n [&hellip;]<\/p>\n","protected":false},"author":1,"featured_media":6016,"comment_status":"open","ping_status":"open","sticky":false,"template":"","format":"standard","meta":{"slim_seo":{"title":"Elecciones y auge de la extrema derecha, temas presentes en la marcha del orgullo LGBTIQ+ en Chile - PrensaHoy.com- Noticias de Chile y el Mundo","description":"Miles de personas inundaron las calles de Santiago de Chile en una vibrante y colorida marcha para celebrar el orgullo LGBTQ+ y exigir mayor igualdad social. On"},"footnotes":""},"categories":[1],"tags":[3558,38,51,2495,264,3559,3563,3088,3562,3561,3560],"class_list":["post-6015","post","type-post","status-publish","format-standard","has-post-thumbnail","hentry","category-sin-categoria","tag-auge","tag-chile","tag-del","tag-derecha","tag-elecciones","tag-extrema","tag-lgbtiq","tag-marcha","tag-orgullo","tag-presentes","tag-temas"],"_links":{"self":[{"href":"https:\/\/prensahoy.com\/index.php\/wp-json\/wp\/v2\/posts\/6015","targetHints":{"allow":["GET"]}}],"collection":[{"href":"https:\/\/prensahoy.com\/index.php\/wp-json\/wp\/v2\/posts"}],"about":[{"href":"https:\/\/prensahoy.com\/index.php\/wp-json\/wp\/v2\/types\/post"}],"author":[{"embeddable":true,"href":"https:\/\/prensahoy.com\/index.php\/wp-json\/wp\/v2\/users\/1"}],"replies":[{"embeddable":true,"href":"https:\/\/prensahoy.com\/index.php\/wp-json\/wp\/v2\/comments?post=6015"}],"version-history":[{"count":0,"href":"https:\/\/prensahoy.com\/index.php\/wp-json\/wp\/v2\/posts\/6015\/revisions"}],"wp:featuredmedia":[{"embeddable":true,"href":"https:\/\/prensahoy.com\/index.php\/wp-json\/wp\/v2\/media\/6016"}],"wp:attachment":[{"href":"https:\/\/prensahoy.com\/index.php\/wp-json\/wp\/v2\/media?parent=6015"}],"wp:term":[{"taxonomy":"category","embeddable":true,"href":"https:\/\/prensahoy.com\/index.php\/wp-json\/wp\/v2\/categories?post=6015"},{"taxonomy":"post_tag","embeddable":true,"href":"https:\/\/prensahoy.com\/index.php\/wp-json\/wp\/v2\/tags?post=6015"}],"curies":[{"name":"wp","href":"https:\/\/api.w.org\/{rel}","templated":true}]}}