{"id":6009,"date":"2025-11-08T22:49:26","date_gmt":"2025-11-09T01:49:26","guid":{"rendered":"https:\/\/prensahoy.com\/index.php\/2025\/11\/08\/u-de-chile-liderara-proyecto-para-el-monitoreo-de-la-actividad-climatica-y-atmosferica-del-pais\/"},"modified":"2025-11-08T22:49:26","modified_gmt":"2025-11-09T01:49:26","slug":"u-de-chile-liderara-proyecto-para-el-monitoreo-de-la-actividad-climatica-y-atmosferica-del-pais","status":"publish","type":"post","link":"https:\/\/prensahoy.com\/index.php\/2025\/11\/08\/u-de-chile-liderara-proyecto-para-el-monitoreo-de-la-actividad-climatica-y-atmosferica-del-pais\/","title":{"rendered":"U. de Chile liderar\u00e1 proyecto para el monitoreo de la actividad clim\u00e1tica y atmosf\u00e9rica del pa\u00eds"},"content":{"rendered":"<p>Tras la adjudicaci\u00f3n del Concurso de Equipamiento Cient\u00edfico y Tecnol\u00f3gico Mayor 2025 (Fondequip), la Universidad de Chile, a trav\u00e9s de su Facultad de Ciencias F\u00edsicas y Matem\u00e1ticas (FCFM), desarrollar\u00e1 una plataforma cient\u00edfica de vanguardia que permitir\u00e1 el estudio en tiempo real de los gases reactivos presentes en la atm\u00f3sfera. El proyecto fortalecer\u00e1 la capacidad nacional, posicionando a Chile como un referente global en investigaci\u00f3n ambiental. <\/p>\n<div itemprop=\"articleBody\">\n<p>Seg\u00fan la\u00a0Organizaci\u00f3n de las Naciones Unidas (ONU), la contaminaci\u00f3n del aire ambiental y dom\u00e9stico\u00a0provoca alrededor de siete millones de muertes al a\u00f1o, cifra que podr\u00eda incrementar en un 50 % para 2050 si no se implementan medidas de intervenci\u00f3n efectivas. En Chile, este escenario no es diferente; en 2018, cerca de 10 millones de personas estuvieron expuestas a altas\u00a0concentraciones\u00a0de\u00a0MP2,5, ocasionando m\u00e1s de 3.600 muertes prematuras, seg\u00fan datos del Ministerio del Medio Ambiente.<\/p>\n<p>Buscando abordar este desaf\u00edo, la Universidad de Chile implementar\u00e1 una infraestructura de \u00faltima generaci\u00f3n para el estudio del sistema\u00a0atmosf\u00e9rico y clim\u00e1tico, a escala local, regional y hemisf\u00e9rica, para contribuir a la resoluci\u00f3n de esta problem\u00e1tica.<\/p>\n<p>El proyecto titulado \u201cIonizaci\u00f3n qu\u00edmica selectiva con espectrometr\u00eda de masas para la especiaci\u00f3n org\u00e1nica e inorg\u00e1nica en ambientes atmosf\u00e9ricos de Chile\u201d, ser\u00e1 alojado en las dependencias del Departamento de Astronom\u00eda en Cerro Cal\u00e1n, y tendr\u00e1 una inversi\u00f3n superior a los\u00a0$909 millones de pesos, tras la adjudicaci\u00f3n del VI Concurso Fondequip Mayor 2025 de la Agencia Nacional de Investigaci\u00f3n y Desarrollo (ANID).<\/p>\n<p>Seg\u00fan el acad\u00e9mico del Departamento de Geof\u00edsica U. de Chile, investigador del\u00a0Centro de Ciencia del Clima y la Resiliencia (CR2) y director del proyecto, Rodrigo Seguel,\u00a0esta\u00a0iniciativa\u00a0surge a partir de la experiencia de un proyecto Fondequip Mediano adjudicado en 2019. \u201cFue la base para proponer la plataforma de medici\u00f3n adjudicada, considerada actualmente el estado del arte en materia de medici\u00f3n in situ de especies atmosf\u00e9ricas reactivas\u201d, explic\u00f3, destacando que esta nueva adjudicaci\u00f3n es \u201cuna oportunidad de consolidar a nuestro grupo de investigaci\u00f3n a nivel global debido a que nos permitir\u00e1 abordar preguntas de frontera en igualdad de condiciones con grupos de pa\u00edses desarrollados del hemisferio norte\u201d.<\/p>\n<p>Este proyecto ser\u00e1 desarrollado por ocho acad\u00e9micos\/as de la Universidad de Chile, tres acad\u00e9micos\/as de la Universidad de Concepci\u00f3n, un acad\u00e9mico\/a de la Universidad T\u00e9cnica Federico Santa Mar\u00eda y un acad\u00e9mico\/a de la Universidad de O\u2019Higgins. Asimismo, contar\u00e1 con el apoyo de diversos laboratorios especializados para asegurar la calidad y trazabilidad de las mediciones.<\/p>\n<h2>Una infraestructura de vanguardia<\/h2>\n<p>La infraestructura contar\u00e1 con un\u00a0espectr\u00f3metro de masas de alta resoluci\u00f3n con ionizaci\u00f3n qu\u00edmica selectiva y un cromat\u00f3grafo gaseoso\u00a0capaz de detectar cantidades peque\u00f1as de contaminantes en el aire, tanto de sustancias org\u00e1nicas, como el carbono, e inorg\u00e1nicas, como gases, en zonas urbanas y rurales. Adem\u00e1s, permitir\u00e1 medir los impactos de la actividad portuaria y de la descarbonizaci\u00f3n en la calidad del aire, as\u00ed como otros factores que influyen en el clima en todo el pa\u00eds, tales como las tendencias de forzantes clim\u00e1ticos y gases reactivos en zonas remotas del oc\u00e9ano Pac\u00edfico sur y la Polinesia chilena.<\/p>\n<p>Con un plazo de ejecuci\u00f3n de\u00a0cuatro a\u00f1os, la iniciativa contemplar\u00e1 la calibraci\u00f3n y el control de calidad de las\u00a0mediciones, as\u00ed como la generaci\u00f3n de cifras de monitoreo en tiempo real, y la\u00a0formaci\u00f3n de capital humano especializado, mediante talleres pr\u00e1cticos en Santiago, Valpara\u00edso, Concepci\u00f3n y Rapa Nui. Adem\u00e1s, gracias a su pol\u00edtica de\u00a0datos abiertos, la informaci\u00f3n generada estar\u00e1 disponible para la comunidad cient\u00edfica a nivel nacional e internacional.<\/p>\n<p>\u201cCada una de estas campa\u00f1as integrar\u00e1 instrumentaci\u00f3n complementaria a la Plataforma de Medici\u00f3n y contribuir\u00e1 a un repositorio centralizado de datos, con productos avanzados derivados de mediciones primarias y modelos num\u00e9ricos\u201d, complement\u00f3 el profesor Seguel.<\/p>\n<h2>Sobre Fondequip Mayor<\/h2>\n<p>El VI Concurso de Equipamiento Cient\u00edfico y Tecnol\u00f3gico Mayor busca impulsar infraestructura de gran envergadura y alcance, que albergue equipamiento cient\u00edfico de altos est\u00e1ndares para fomentar y facilitar el desarrollo de la investigaci\u00f3n de excelencia en el pa\u00eds, con miras a su posicionamiento global.<\/p>\n<p>En su edici\u00f3n 2025, la Agencia Nacional de Investigaci\u00f3n y Desarrollo (ANID), seleccion\u00f3 siete propuestas las que ser\u00e1n empleadas por siete instituciones, entre las que destaca la Universidad de Chile.<\/p>\n<\/p><\/div>\n","protected":false},"excerpt":{"rendered":"<p>Tras la adjudicaci\u00f3n del Concurso de Equipamiento Cient\u00edfico y Tecnol\u00f3gico Mayor 2025 (Fondequip), la Universidad de Chile, a trav\u00e9s de su Facultad de Ciencias F\u00edsicas y Matem\u00e1ticas (FCFM), desarrollar\u00e1 una plataforma cient\u00edfica de vanguardia que permitir\u00e1 el estudio en tiempo real de los gases reactivos presentes en la atm\u00f3sfera. El proyecto fortalecer\u00e1 la capacidad nacional, [&hellip;]<\/p>\n","protected":false},"author":1,"featured_media":6010,"comment_status":"open","ping_status":"open","sticky":false,"template":"","format":"standard","meta":{"slim_seo":{"title":"U. de Chile liderar\u00e1 proyecto para el monitoreo de la actividad clim\u00e1tica y atmosf\u00e9rica del pa\u00eds - PrensaHoy.com- Noticias de Chile y el Mundo","description":"Tras la adjudicaci\u00f3n del Concurso de Equipamiento Cient\u00edfico y Tecnol\u00f3gico Mayor 2025 (Fondequip), la Universidad de Chile, a trav\u00e9s de su Facultad de Ciencias"},"footnotes":""},"categories":[1],"tags":[1929,3548,38,3547,51,3546,2944,66,171,315],"class_list":["post-6009","post","type-post","status-publish","format-standard","has-post-thumbnail","hentry","category-sin-categoria","tag-actividad","tag-atmosferica","tag-chile","tag-climatica","tag-del","tag-liderara","tag-monitoreo","tag-pais","tag-para","tag-proyecto"],"_links":{"self":[{"href":"https:\/\/prensahoy.com\/index.php\/wp-json\/wp\/v2\/posts\/6009","targetHints":{"allow":["GET"]}}],"collection":[{"href":"https:\/\/prensahoy.com\/index.php\/wp-json\/wp\/v2\/posts"}],"about":[{"href":"https:\/\/prensahoy.com\/index.php\/wp-json\/wp\/v2\/types\/post"}],"author":[{"embeddable":true,"href":"https:\/\/prensahoy.com\/index.php\/wp-json\/wp\/v2\/users\/1"}],"replies":[{"embeddable":true,"href":"https:\/\/prensahoy.com\/index.php\/wp-json\/wp\/v2\/comments?post=6009"}],"version-history":[{"count":0,"href":"https:\/\/prensahoy.com\/index.php\/wp-json\/wp\/v2\/posts\/6009\/revisions"}],"wp:featuredmedia":[{"embeddable":true,"href":"https:\/\/prensahoy.com\/index.php\/wp-json\/wp\/v2\/media\/6010"}],"wp:attachment":[{"href":"https:\/\/prensahoy.com\/index.php\/wp-json\/wp\/v2\/media?parent=6009"}],"wp:term":[{"taxonomy":"category","embeddable":true,"href":"https:\/\/prensahoy.com\/index.php\/wp-json\/wp\/v2\/categories?post=6009"},{"taxonomy":"post_tag","embeddable":true,"href":"https:\/\/prensahoy.com\/index.php\/wp-json\/wp\/v2\/tags?post=6009"}],"curies":[{"name":"wp","href":"https:\/\/api.w.org\/{rel}","templated":true}]}}