{"id":6001,"date":"2025-11-06T10:29:30","date_gmt":"2025-11-06T13:29:30","guid":{"rendered":"https:\/\/prensahoy.com\/index.php\/2025\/11\/06\/pinochet-reflota-en-un-chile-inquieto-por-la-inseguridad-antes-de-las-elecciones\/"},"modified":"2025-11-06T10:29:30","modified_gmt":"2025-11-06T13:29:30","slug":"pinochet-reflota-en-un-chile-inquieto-por-la-inseguridad-antes-de-las-elecciones","status":"publish","type":"post","link":"https:\/\/prensahoy.com\/index.php\/2025\/11\/06\/pinochet-reflota-en-un-chile-inquieto-por-la-inseguridad-antes-de-las-elecciones\/","title":{"rendered":"Pinochet reflota en un Chile inquieto por la inseguridad antes de las elecciones"},"content":{"rendered":"<div data-article-body=\"true\">\n<p class=\"mb-4 text-lg md:leading-8 break-words\">Delincuentes asaltaron la casa de Miguel \u00c1ngel Bravo en un barrio de clase media alta de Santiago una ma\u00f1ana, se llevaron su auto y lo golpearon con un fierro en la cabeza. &#8220;Te quitan la tranquilidad&#8221;, dice a la AFP este contador de 61 a\u00f1os.<\/p>\n<p class=\"mb-4 text-lg md:leading-8 break-words\">La seguridad es la principal preocupaci\u00f3n de los chilenos e impulsa a la ultraderecha en la elecci\u00f3n presidencial del 16 de noviembre. Ante el crimen, son varios los que a\u00f1oran al dictador Augusto Pinochet, casi 20 a\u00f1os despu\u00e9s de su muerte.<\/p>\n<p class=\"mb-4 text-lg md:leading-8 break-words\">&#8220;Si estuviera vivo, (Pinochet) votar\u00eda por m\u00ed&#8221;, ha asegurado el candidato ultraderechista Jos\u00e9 Antonio Kast, quien lidera la intenci\u00f3n de voto junto a la izquierdista Jeannette Jara.\u00a0Muchos de sus votantes a\u00fan defienden al gobierno pinochetista.<\/p>\n<p class=\"mb-4 text-lg md:leading-8 break-words\">La dictadura militar (1973-1990), que dej\u00f3 m\u00e1s de 3.000 opositores muertos y desaparecidos, encarna las ansias de seguridad en los sectores m\u00e1s conservadores de esta sociedad.<\/p>\n<p class=\"mb-4 text-lg md:leading-8 break-words\">Chile es, no obstante, una de las naciones m\u00e1s seguras de Am\u00e9rica Latina. Si bien la tasa de homicidios se triplic\u00f3 en la \u00faltima d\u00e9cada (de 2,5 a 6,7 por cada 100.000 habitantes), se ubica por debajo del promedio de la regi\u00f3n, de 15 homicidios cada 100.000, seg\u00fan los \u00faltimos datos de la ONU.<\/p>\n<p class=\"mb-4 text-lg md:leading-8 break-words\">El pa\u00eds ha visto crecer la violencia de algunos delitos, como los secuestros, que seg\u00fan la fiscal\u00eda registran &#8220;un aumento sostenido&#8221;. Entre 2022 y 2024, los plagios con fines extorsivos pasaron de 16,5% a 21,1%.<\/p>\n<p class=\"mb-4 text-lg md:leading-8 break-words\">&#8220;No viv\u00ed esa \u00e9poca, pero hace falta alguien que ponga mano dura como \u00e9l&#8221;, se\u00f1ala en referencia a Pinochet el estudiante de ingenier\u00eda Vicente Sep\u00falveda,\u00a0nacido 15 a\u00f1os despu\u00e9s de que el general entregara el poder en 1990.<\/p>\n<p class=\"mb-4 text-lg md:leading-8 break-words\">En TikTok, otros usuarios manifiestan su entusiasmo por el dictador. &#8220;Falta otro as\u00ed&#8221; o &#8220;Lo necesitamos de vuelta&#8221;, afirman en mensajes en la cuenta &#8220;Don_Pinochet1973&#8221;, que tiene unos 10.000 seguidores.<\/p>\n<p class=\"mb-4 text-lg md:leading-8 break-words\">&#8211; La inseguridad, principal tema de campa\u00f1a &#8211;<\/p>\n<p class=\"mb-4 text-lg md:leading-8 break-words\">Un 87,5% de chilenos percibe un aumento de la delincuencia, seg\u00fan la Encuesta Nacional Urbana de Seguridad Ciudadana.<\/p>\n<p class=\"mb-4 text-lg md:leading-8 break-words\">La sensaci\u00f3n de inseguridad se instal\u00f3 tras el crecimiento de homicidios y domina la campa\u00f1a electoral. Kast promete reforzar la seguridad en c\u00e1rceles y la frontera.<\/p>\n<p class=\"mb-4 text-lg md:leading-8 break-words\">Tambi\u00e9n quiere expulsar a los m\u00e1s de 330.000 migrantes irregulares que se estima hay en el pa\u00eds, en su mayor\u00eda venezolanos.<\/p>\n<p class=\"mb-4 text-lg md:leading-8 break-words\">Un 82% de los chilenos considera que el &#8220;aumento de la delincuencia es causado, principalmente, por la llegada de migrantes irregulares&#8221;, seg\u00fan un estudio de la Consultora Criteria.<\/p>\n<p class=\"mb-4 text-lg md:leading-8 break-words\">La \u00faltima encuesta del Centro de Estudios P\u00fablicos (CEP, privado) estableci\u00f3 tambi\u00e9n que un 44% de los chilenos est\u00e1 &#8220;muy preocupado&#8221; de que haya extranjeros en su barrio.<\/p>\n<p class=\"mb-4 text-lg md:leading-8 break-words\">En este contexto de temor, la figura de Pinochet representa orden y autoritarismo, sostiene el soci\u00f3logo Mat\u00edas Rodr\u00edguez, de la Universidad Academia Humanismo Cristiano.<\/p>\n<p class=\"mb-4 text-lg md:leading-8 break-words\">Su exaltaci\u00f3n por parte de las nuevas generaciones responde a una &#8220;banalizaci\u00f3n&#8221; por la falta de &#8220;memoria cr\u00edtica&#8221;, afirma a la AFP. En los colegios, la dictadura &#8220;se estudia sin una condena expl\u00edcita a las violaciones de derechos humanos&#8221;, agrega.<\/p>\n<p class=\"mb-4 text-lg md:leading-8 break-words\">&#8211;\u00a0&#8220;Hab\u00eda orden&#8221; &#8211;<\/p>\n<p class=\"mb-4 text-lg md:leading-8 break-words\">La noche anterior al asalto Miguel \u00c1ngel Bravo, que vive junto a esposa y su hija, redobl\u00f3 la precauci\u00f3n tras enterarse de otros robos en el vecindario: conect\u00f3 la alarma de su casa y asegur\u00f3 con una cadena el port\u00f3n.<\/p>\n<p class=\"mb-4 text-lg md:leading-8 break-words\">Aun as\u00ed, a plena luz del d\u00eda a mediados de septiembre, fue v\u00edctima de los &#8220;turbazos&#8221;, asaltos con una violencia desconocida hasta hace unos a\u00f1os en la capital de nueve millones de habitantes.<\/p>\n<p class=\"mb-4 text-lg md:leading-8 break-words\">Bravo, que ahora planea mudarse de barrio, recibi\u00f3 un fierrazo que le dej\u00f3 una cicatriz en la frente.<\/p>\n<p class=\"mb-4 text-lg md:leading-8 break-words\">No revela a qui\u00e9n votar\u00e1, pero cree que los candidatos &#8220;se aprovechan del tema&#8221; de la seguridad para luego no hacer nada.<\/p>\n<p class=\"mb-4 text-lg md:leading-8 break-words\">En barrios de clase media como Pe\u00f1alol\u00e9n, en el este de Santiago, los &#8220;turbazos&#8221; han empujado a sus residentes a crear grupos que alertan sobre la presencia de sospechosos por redes sociales.<\/p>\n<p class=\"mb-4 text-lg md:leading-8 break-words\">Antonio V\u00e1squez, un inform\u00e1tico de 51 a\u00f1os, lidera el movimiento &#8220;No+DelicuenciaPe\u00f1alol\u00e9n&#8221;.<\/p>\n<p class=\"mb-4 text-lg md:leading-8 break-words\">Lo motiva recuperar la tranquilidad que se viv\u00eda antes.<\/p>\n<p class=\"mb-4 text-lg md:leading-8 break-words\">En dictadura &#8220;la gente dec\u00eda: &#8216;puedo estar tranquilo&#8217;. Despu\u00e9s pasamos a los a\u00f1os 90, y t\u00fa tambi\u00e9n pod\u00edas estar tranquilo&#8221; y ahora no, asegura V\u00e1squez, que votar\u00e1 por Kast.<\/p>\n<p class=\"mb-4 text-lg md:leading-8 break-words\">pa\/vel\/mel\/lbc<\/p>\n<\/div>\n","protected":false},"excerpt":{"rendered":"<p>Delincuentes asaltaron la casa de Miguel \u00c1ngel Bravo en un barrio de clase media alta de Santiago una ma\u00f1ana, se llevaron su auto y lo golpearon con un fierro en la cabeza. &#8220;Te quitan la tranquilidad&#8221;, dice a la AFP este contador de 61 a\u00f1os. La seguridad es la principal preocupaci\u00f3n de los chilenos e [&hellip;]<\/p>\n","protected":false},"author":1,"featured_media":6002,"comment_status":"open","ping_status":"open","sticky":false,"template":"","format":"standard","meta":{"slim_seo":{"title":"Pinochet reflota en un Chile inquieto por la inseguridad antes de las elecciones - PrensaHoy.com- Noticias de Chile y el Mundo","description":"Delincuentes asaltaron la casa de Miguel \u00c1ngel Bravo en un barrio de clase media alta de Santiago una ma\u00f1ana, se llevaron su auto y lo golpearon con un fierro e"},"footnotes":""},"categories":[1],"tags":[3543,38,264,3541,3542,102,3326,60,3540],"class_list":["post-6001","post","type-post","status-publish","format-standard","has-post-thumbnail","hentry","category-sin-categoria","tag-antes","tag-chile","tag-elecciones","tag-inquieto","tag-inseguridad","tag-las","tag-pinochet","tag-por","tag-reflota"],"_links":{"self":[{"href":"https:\/\/prensahoy.com\/index.php\/wp-json\/wp\/v2\/posts\/6001","targetHints":{"allow":["GET"]}}],"collection":[{"href":"https:\/\/prensahoy.com\/index.php\/wp-json\/wp\/v2\/posts"}],"about":[{"href":"https:\/\/prensahoy.com\/index.php\/wp-json\/wp\/v2\/types\/post"}],"author":[{"embeddable":true,"href":"https:\/\/prensahoy.com\/index.php\/wp-json\/wp\/v2\/users\/1"}],"replies":[{"embeddable":true,"href":"https:\/\/prensahoy.com\/index.php\/wp-json\/wp\/v2\/comments?post=6001"}],"version-history":[{"count":0,"href":"https:\/\/prensahoy.com\/index.php\/wp-json\/wp\/v2\/posts\/6001\/revisions"}],"wp:featuredmedia":[{"embeddable":true,"href":"https:\/\/prensahoy.com\/index.php\/wp-json\/wp\/v2\/media\/6002"}],"wp:attachment":[{"href":"https:\/\/prensahoy.com\/index.php\/wp-json\/wp\/v2\/media?parent=6001"}],"wp:term":[{"taxonomy":"category","embeddable":true,"href":"https:\/\/prensahoy.com\/index.php\/wp-json\/wp\/v2\/categories?post=6001"},{"taxonomy":"post_tag","embeddable":true,"href":"https:\/\/prensahoy.com\/index.php\/wp-json\/wp\/v2\/tags?post=6001"}],"curies":[{"name":"wp","href":"https:\/\/api.w.org\/{rel}","templated":true}]}}