{"id":5918,"date":"2025-10-16T08:53:41","date_gmt":"2025-10-16T11:53:41","guid":{"rendered":"https:\/\/prensahoy.com\/index.php\/2025\/10\/16\/umbrales-sociales-propuesta-para-superar-la-pobreza\/"},"modified":"2025-10-16T08:53:41","modified_gmt":"2025-10-16T11:53:41","slug":"umbrales-sociales-propuesta-para-superar-la-pobreza","status":"publish","type":"post","link":"https:\/\/prensahoy.com\/index.php\/2025\/10\/16\/umbrales-sociales-propuesta-para-superar-la-pobreza\/","title":{"rendered":"Umbrales Sociales: propuesta para superar la pobreza"},"content":{"rendered":"<div id=\"\">\n<blockquote class=\"wp-block-quote is-layout-flow wp-block-quote-is-layout-flow\">\n<p>Durante el encuentro \u201cVolvamos a hablar de pobreza\u201d, la Fundaci\u00f3n Superaci\u00f3n de la Pobreza \u2013 Servicio Pa\u00eds, present\u00f3 a los comandos presidenciales una s\u00f3lida propuesta para incentivar el desarrollo local de los diferentes territorios a lo largo de Chile.<\/p>\n<\/blockquote>\n<p>Con 30 a\u00f1os de experiencia en localidades de todo Chile gracias a su emblem\u00e1tico programa Servicio Pa\u00eds, la Fundaci\u00f3n Superaci\u00f3n de la Pobreza propuso ocho estrategias concretas\u00a0 para superar la pobreza y desarrollar los territorios con altos \u00edndices de pobreza y rezago, comunas rurales que incorporan dimensiones econ\u00f3micas, sociales, culturales y ambientales.<\/p>\n<p>Esta propuesta, denominada Umbrales Sociales para Chile, constituye la s\u00e9ptima entrega que hace la instituci\u00f3n desde 1999 y aborda soluciones posibles para las comunas m\u00e1s rezagadas del pa\u00eds, que se y basan en el conocimiento adquirido gracias a la presencia del programa Servicio Pa\u00eds en el 80% de las comunas y localidades rurales.<\/p>\n<p>El encuentro sobre pobreza cont\u00f3 con representantes como la ex ministra de agricultura, Mar\u00eda Emilia Undurraga, represent\u00f3 a la candidatura de Evelyn Matthei; el ex alcalde Germ\u00e1n Codina a Jos\u00e9 Antonio Kast; y la ex subsecretaria de econom\u00eda, Ana Mar\u00eda Correa como representante de Jeannette Jara, quienes expusieron los principales ejes de los programas de sus candidatos en torno a la superaci\u00f3n de la pobreza. Asimismo, los representantes recibieron el documento de parte de la presidenta de la Fundaci\u00f3n, la destacada economista Andrea Repetto y del experto en medici\u00f3n de opini\u00f3n p\u00fablica, y tambi\u00e9n\u00a0 miembro del directorio, Roberto M\u00e9ndez.<\/p>\n<p>Repetto se\u00f1al\u00f3 algunos de los nudos de la pobreza en Chile como las inequidades territoriales,\u00a0 la falta de seguridad econ\u00f3mica y social, y el desaf\u00edo que representa la nueva metodolog\u00eda de medici\u00f3n de pobreza propuesta por la Comisi\u00f3n Presidencial, que se podr\u00eda implementar en enero y que \u00abnos har\u00e1 reconocer a un grupo muy numeroso de nuestra poblaci\u00f3n que vive sin ingresos suficientes y con carencias importantes en distintos \u00e1mbitos. De tomarse las indicaciones de la Comisi\u00f3n, estamos hablando de m\u00e1s de 4 millones de personas\u00bb<\/p>\n<p>La propuesta fue entregada en el marco del aniversario N\u00b030 de Servicio Pa\u00eds, programa que destina a profesionales j\u00f3venes a vivir y aportar su conocimiento en comunas rurales con rezago y pobreza; y tambi\u00e9n a pocos d\u00edas de la conmemoraci\u00f3n del D\u00eda Internacional para la Erradicaci\u00f3n de la Pobreza. \u201cHace m\u00e1s de treinta a\u00f1os el Consejo Nacional para la Superaci\u00f3n de la Pobreza, con profunda convicci\u00f3n, se\u00f1al\u00f3 que la pobreza no es solo una falta de bienes materiales, sino una herida que excluye, que impide a las personas vivir con dignidad y autonom\u00eda, y que es un desaf\u00edo de equidad e integraci\u00f3n social. Tres d\u00e9cadas despu\u00e9s, esa convicci\u00f3n se ha transformado en certeza, fortalecida por la experiencia y el gran compromiso que vemos en los j\u00f3venes del pa\u00eds\u201d, se\u00f1al\u00f3 Catalina Littin, directora ejecutiva de la Fusupo.<\/p>\n<p>Dentro de la propuesta Umbrales Sociales para Chile se establecen 8 estrategias que contienen medidas concretas para impulsar el desarrollo local, entre ellas: que los municipios entreguen incentivos a las empresas que generen impactos locales positivos para una econom\u00eda del bien com\u00fan, que los j\u00f3venes cuenten con facilidades para desarrollarse en territorios rurales, que se revitalice la educaci\u00f3n rural, que se potencie la asociatividad productiva y las instancias de comercializaci\u00f3n como los mercados campesinos, o cooperativas; el fomento del patrimonio cultural y fortalecer los procesos de descentralizaci\u00f3n en los distintos niveles de gesti\u00f3n: nacional, regional y comunal, entre otras medidas. Todas estas medidas y m\u00e1s, est\u00e1n disponibles en\u00a0superacionpobreza.cl<\/p>\n<h2 class=\"wp-block-heading\">Cu\u00f1as desde los representantes de los comandos:<\/h2>\n<p>La representante de Jeanette Jara, Ana Mar\u00eda Correa, en relaci\u00f3n al documento presentado manifest\u00f3 que \u201cUmbrales Sociales muestra muy desde la realidad la situaci\u00f3n de pobreza, abarca todas las diferentes aristas. La palabra pobreza como que se dej\u00f3 de lado. El tema de la pobreza, el tema de la cohesi\u00f3n social son b\u00e1sicos, son el muro para la violencia, son el mejor muro para la inseguridad, por eso es tan importante tomar esos temas en todas las perspectivas. Yo creo que est\u00e1 muy bien hecho el documento (Umbrales Sociales)\u201d.<\/p>\n<p>La representante de Evelyn Matthei, Mar\u00eda Emilia Undurraga se\u00f1al\u00f3 que \u201cquisiera hacer un reconocimiento a la Fundaci\u00f3n, lo que nos convoca hoy es la pobreza rural, que est\u00e1 invisibilizada incluso dentro de la pobreza. La pobreza tiene cara de mujer en el mundo rural, por eso el foco en la mujer rural es fundamental. Adem\u00e1s, se deben generar espacios de oportunidad para que los m\u00e1s j\u00f3venes vuelvan encantados a trabajar en sus territorios, y ser motor de desarrollo en cada uno de sus espacios\u201d.<\/p>\n<p>El representante de Jos\u00e9 Antonio Kast, Germ\u00e1n Codina mencion\u00f3: \u201cQueremos valorar este encuentro organizado por la Fundaci\u00f3n Superaci\u00f3n de la Pobreza\u00a0 de volver a poner en el debate p\u00fablico la urgencia de enfrentar la pobreza. Es muy importante mejorar y potenciar pol\u00edticas sociales con foco en las personas, las comunidades y el territorio, y por ello se requiere focalizar el gasto social y ser m\u00e1s eficientes en la administraci\u00f3n de los recursos p\u00fablicos. En ese sentido, apoyamos a las comunidades locales y la articulaci\u00f3n con los gobiernos locales. Hay que terminar con la soberbia centralista\u201d.<\/p>\n<p>        &#13;<br \/>\n        &#13;<\/p>\n<h2 class=\"screen-reader-text\">Navegaci\u00f3n de entradas<\/h2>\n<\/p><\/div>\n","protected":false},"excerpt":{"rendered":"<p>Durante el encuentro \u201cVolvamos a hablar de pobreza\u201d, la Fundaci\u00f3n Superaci\u00f3n de la Pobreza \u2013 Servicio Pa\u00eds, present\u00f3 a los comandos presidenciales una s\u00f3lida propuesta para incentivar el desarrollo local de los diferentes territorios a lo largo de Chile. Con 30 a\u00f1os de experiencia en localidades de todo Chile gracias a su emblem\u00e1tico programa Servicio [&hellip;]<\/p>\n","protected":false},"author":1,"featured_media":5919,"comment_status":"open","ping_status":"open","sticky":false,"template":"","format":"standard","meta":{"slim_seo":{"title":"Umbrales Sociales: propuesta para superar la pobreza - PrensaHoy.com- Noticias de Chile y el Mundo","description":"Durante el encuentro \u201cVolvamos a hablar de pobreza\u201d, la Fundaci\u00f3n Superaci\u00f3n de la Pobreza \u2013 Servicio Pa\u00eds, present\u00f3 a los comandos presidenciales una s\u00f3lida pr"},"footnotes":""},"categories":[1],"tags":[171,3391,476,1147,514,3390],"class_list":["post-5918","post","type-post","status-publish","format-standard","has-post-thumbnail","hentry","category-sin-categoria","tag-para","tag-pobreza","tag-propuesta","tag-sociales","tag-superar","tag-umbrales"],"_links":{"self":[{"href":"https:\/\/prensahoy.com\/index.php\/wp-json\/wp\/v2\/posts\/5918","targetHints":{"allow":["GET"]}}],"collection":[{"href":"https:\/\/prensahoy.com\/index.php\/wp-json\/wp\/v2\/posts"}],"about":[{"href":"https:\/\/prensahoy.com\/index.php\/wp-json\/wp\/v2\/types\/post"}],"author":[{"embeddable":true,"href":"https:\/\/prensahoy.com\/index.php\/wp-json\/wp\/v2\/users\/1"}],"replies":[{"embeddable":true,"href":"https:\/\/prensahoy.com\/index.php\/wp-json\/wp\/v2\/comments?post=5918"}],"version-history":[{"count":0,"href":"https:\/\/prensahoy.com\/index.php\/wp-json\/wp\/v2\/posts\/5918\/revisions"}],"wp:featuredmedia":[{"embeddable":true,"href":"https:\/\/prensahoy.com\/index.php\/wp-json\/wp\/v2\/media\/5919"}],"wp:attachment":[{"href":"https:\/\/prensahoy.com\/index.php\/wp-json\/wp\/v2\/media?parent=5918"}],"wp:term":[{"taxonomy":"category","embeddable":true,"href":"https:\/\/prensahoy.com\/index.php\/wp-json\/wp\/v2\/categories?post=5918"},{"taxonomy":"post_tag","embeddable":true,"href":"https:\/\/prensahoy.com\/index.php\/wp-json\/wp\/v2\/tags?post=5918"}],"curies":[{"name":"wp","href":"https:\/\/api.w.org\/{rel}","templated":true}]}}