{"id":5879,"date":"2025-10-05T07:39:59","date_gmt":"2025-10-05T10:39:59","guid":{"rendered":"https:\/\/prensahoy.com\/index.php\/2025\/10\/05\/america-movil-y-entel-presentan-una-oferta-conjunta-por-telefonica-chile\/"},"modified":"2025-10-05T07:39:59","modified_gmt":"2025-10-05T10:39:59","slug":"america-movil-y-entel-presentan-una-oferta-conjunta-por-telefonica-chile","status":"publish","type":"post","link":"https:\/\/prensahoy.com\/index.php\/2025\/10\/05\/america-movil-y-entel-presentan-una-oferta-conjunta-por-telefonica-chile\/","title":{"rendered":"Am\u00e9rica M\u00f3vil y Entel presentan una oferta conjunta por Telef\u00f3nica Chile"},"content":{"rendered":"<div data-article-body=\"true\">\n<p class=\"mb-4 text-lg md:leading-8 break-words\">El grupo mexicano de telecomunicaciones Am\u00e9rica M\u00f3vil, perteneciente al empresario Carlos Slim, y la chilena Empresa Nacional de Telecomunicaciones (Entel) trabajan en la presentaci\u00f3n de una oferta conjunta para adquirir la filial chilena de Telef\u00f3nica.<\/p>\n<p class=\"mb-4 text-lg md:leading-8 break-words\">De esta manera, el negocio de telefon\u00eda m\u00f3vil de Telef\u00f3nica Chile quedar\u00eda en manos de Am\u00e9rica M\u00f3vil, que ya opera en este pa\u00eds a trav\u00e9s de ClaroVTR, mientras que Entel estar\u00eda interesada en el segmento de telefon\u00eda fija, seg\u00fan fuentes familiarizadas con este asunto citadas por &#8216;Bloomberg&#8217;.<\/p>\n<p class=\"mb-4 text-lg md:leading-8 break-words\">Esta oferta conjunta tiene lugar en medio de especulaciones de que el regulador est\u00e1 bloqueando algunas adquisiciones en el sector debido a preocupaciones relacionadas con antimonopolio.<\/p>\n<p class=\"mb-4 text-lg md:leading-8 break-words\">En concreto, Movistar ten\u00eda el 23.2% del mercado en junio, seg\u00fan los \u00faltimos datos recogidos por el regulador, Entel contaba con el 33.2% y Claro con el 20.9%.<\/p>\n<p class=\"mb-4 text-lg md:leading-8 break-words\">La venta forma parte del plan del presidente de Telef\u00f3nica, Marc Murtra, de desinvertir en mercados no estrat\u00e9gicos como parte de una amplia revisi\u00f3n puesta en marcha desde su llegada a la empresa en el mes de enero de este a\u00f1o. Hasta ahora, la firma ha anunciado la venta de sus filiales en Per\u00fa, Ecuador, Uruguay, Colombia y Argentina.<\/p>\n<\/div>\n","protected":false},"excerpt":{"rendered":"<p>El grupo mexicano de telecomunicaciones Am\u00e9rica M\u00f3vil, perteneciente al empresario Carlos Slim, y la chilena Empresa Nacional de Telecomunicaciones (Entel) trabajan en la presentaci\u00f3n de una oferta conjunta para adquirir la filial chilena de Telef\u00f3nica. De esta manera, el negocio de telefon\u00eda m\u00f3vil de Telef\u00f3nica Chile quedar\u00eda en manos de Am\u00e9rica M\u00f3vil, que ya opera [&hellip;]<\/p>\n","protected":false},"author":1,"featured_media":5880,"comment_status":"open","ping_status":"open","sticky":false,"template":"","format":"standard","meta":{"slim_seo":{"title":"Am\u00e9rica M\u00f3vil y Entel presentan una oferta conjunta por Telef\u00f3nica Chile - PrensaHoy.com- Noticias de Chile y el Mundo","description":"El grupo mexicano de telecomunicaciones Am\u00e9rica M\u00f3vil, perteneciente al empresario Carlos Slim, y la chilena Empresa Nacional de Telecomunicaciones (Entel) trab"},"footnotes":""},"categories":[1],"tags":[552,38,627,3300,3299,3301,60,1807,3302,128],"class_list":["post-5879","post","type-post","status-publish","format-standard","has-post-thumbnail","hentry","category-sin-categoria","tag-america","tag-chile","tag-conjunta","tag-entel","tag-movil","tag-oferta","tag-por","tag-presentan","tag-telefonica","tag-una"],"_links":{"self":[{"href":"https:\/\/prensahoy.com\/index.php\/wp-json\/wp\/v2\/posts\/5879","targetHints":{"allow":["GET"]}}],"collection":[{"href":"https:\/\/prensahoy.com\/index.php\/wp-json\/wp\/v2\/posts"}],"about":[{"href":"https:\/\/prensahoy.com\/index.php\/wp-json\/wp\/v2\/types\/post"}],"author":[{"embeddable":true,"href":"https:\/\/prensahoy.com\/index.php\/wp-json\/wp\/v2\/users\/1"}],"replies":[{"embeddable":true,"href":"https:\/\/prensahoy.com\/index.php\/wp-json\/wp\/v2\/comments?post=5879"}],"version-history":[{"count":0,"href":"https:\/\/prensahoy.com\/index.php\/wp-json\/wp\/v2\/posts\/5879\/revisions"}],"wp:featuredmedia":[{"embeddable":true,"href":"https:\/\/prensahoy.com\/index.php\/wp-json\/wp\/v2\/media\/5880"}],"wp:attachment":[{"href":"https:\/\/prensahoy.com\/index.php\/wp-json\/wp\/v2\/media?parent=5879"}],"wp:term":[{"taxonomy":"category","embeddable":true,"href":"https:\/\/prensahoy.com\/index.php\/wp-json\/wp\/v2\/categories?post=5879"},{"taxonomy":"post_tag","embeddable":true,"href":"https:\/\/prensahoy.com\/index.php\/wp-json\/wp\/v2\/tags?post=5879"}],"curies":[{"name":"wp","href":"https:\/\/api.w.org\/{rel}","templated":true}]}}