{"id":5877,"date":"2025-10-04T07:38:01","date_gmt":"2025-10-04T10:38:01","guid":{"rendered":"https:\/\/prensahoy.com\/index.php\/2025\/10\/04\/river-y-boca-con-buenas-noticias-que-llegan-de-chile-de-cara-a-la-fecha-fifa\/"},"modified":"2025-10-04T07:38:01","modified_gmt":"2025-10-04T10:38:01","slug":"river-y-boca-con-buenas-noticias-que-llegan-de-chile-de-cara-a-la-fecha-fifa","status":"publish","type":"post","link":"https:\/\/prensahoy.com\/index.php\/2025\/10\/04\/river-y-boca-con-buenas-noticias-que-llegan-de-chile-de-cara-a-la-fecha-fifa\/","title":{"rendered":"River y Boca, con buenas noticias que llegan de Chile de cara a la fecha FIFA"},"content":{"rendered":"<div xmlns:default=\"http:\/\/www.w3.org\/2000\/svg\" id=\"\">&#13;<br \/>\n                    &#13;<br \/>\n                        &#13;<br \/>\n&#13;<\/p>\n<p>Paulo D\u00edaz no fue citado para los amistosos de octubre y estar\u00eda disponible para Gallardo en el partido ante Sarmiento, de la fecha 12. Caso similar para Williams Alarc\u00f3n y Carlos Palacios, quienes podr\u00e1n ser utilizados por el Xeneize.<\/p>\n<p>&#13;<\/p>\n<figure data-modal-description=\"Palacios y D\u00edaz no fueron convocados por Chile.\" data-modal-image=\"https:\/\/media.tycsports.com\/files\/2025\/09\/30\/887787\/palacios-y-diaz_w862.webp\"><figcaption> Palacios y D\u00edaz no fueron convocados por Chile.<\/figcaption><\/figure>\n<p>La fecha FIFA trajo una novedad que impacta en los dos clubes m\u00e1s grandes del pa\u00eds: la <span style=\"background-color: rgb(255, 255, 0);\">Selecci\u00f3n de Chile no incluy\u00f3 en su lista de citados a Paulo D\u00edaz, Carlos Palacios ni Williams Alarc\u00f3n<\/span> para los amistosos de octubre. La decisi\u00f3n de Nicol\u00e1s C\u00f3rdova significa un respiro tanto para Marcelo Gallardo como para el cuerpo t\u00e9cnico de Boca, que podr\u00e1n contar con sus futbolistas en duelos claves del Torneo Clausura.<\/p>\n<p>&#13;<\/p>\n<p>        En el caso de River, el zaguero quedar\u00e1 disponible para el partido contra Sarmiento en el Monumental el 12 de octubre, en medio de una racha negativa que preocupa en N\u00fa\u00f1ez. Habitual titular en La Roja, D\u00edaz ven\u00eda de ser cuestionado por errores ante Brasil en la \u00faltima doble jornada eliminatoria, lo que abri\u00f3 la puerta a que el DT transandino pruebe variantes en defensa.<\/p>\n<p>Por el lado de Boca, el alivio llega tras d\u00edas de incertidumbre. El club de La Ribera se juega la clasificaci\u00f3n a la Copa Libertadores y su posicionamiento en el Clausura, pero la fecha FIFA no detendr\u00e1 la competencia local. Mientras la citaci\u00f3n de Leandro Paredes a la Selecci\u00f3n Argentina gener\u00f3 alarma, la noticia desde Santiago calm\u00f3 los \u00e1nimos: ni Palacios ni Alarc\u00f3n viajar\u00e1n para enfrentar a Per\u00fa el 11 de octubre.<\/p>\n<div class=\"videoPlayer cb-async\" id=\"video-cb-1801747\" data-contentid=\"1801747\" data-islive=\"false\" data-imaads=\"true\" data-src-video=\"https:\/\/genoa-player-api.vodgc.net\/content\/manifest\/1801747?default_quality=480P&amp;pid=11\" data-poster=\"https:\/\/media.tycsports.com\/files\/2025\/09\/17\/883886\/el-golazo-de-vitor-roque-para-palmeiras-y-la-reaccion-de-gallardo_416x234.webp\" data-videotitle=\"El gol de Vitor Roque en el que Paulo D\u00edaz qued\u00f3 muy expuesto\" data-related-videos=\"{&quot;related&quot;:[{&quot;title&quot;:&quot;El gol de Mastantuono ante Excursionistas que es r\u00e9cord&quot;,&quot;image&quot;:&quot;https:\/\/media.tycsports.com\/files\/2025\/09\/29\/887702\/el-gol-de-mastantuono-ante-excursionistas-que-es-record_267x150.webp&quot;,&quot;href&quot;:&quot;https:\/\/www.tycsports.com\/video\/river-plate\/el-gol-de-mastantuono-ante-excursionistas-que-es-record-id887702.html&quot;},{&quot;title&quot;:&quot;Gallardo, directo al vestuario despu\u00e9s de la derrota de River&quot;,&quot;image&quot;:&quot;https:\/\/media.tycsports.com\/files\/2025\/09\/29\/887518\/gallardo-directo-al-vestuario-despues-de-la-derrota-de-river_267x150.webp&quot;,&quot;href&quot;:&quot;https:\/\/www.tycsports.com\/video\/river-plate\/gallardo-directo-al-vestuario-despues-de-la-derrota-de-river-id887518.html&quot;},{&quot;title&quot;:&quot;El show de Arce en el Monumental&quot;,&quot;image&quot;:&quot;https:\/\/media.tycsports.com\/files\/2025\/09\/29\/887467\/el-show-de-arce-en-el-monumental_267x150.webp&quot;,&quot;href&quot;:&quot;https:\/\/www.tycsports.com\/video\/river-plate\/el-show-de-arce-en-el-monumental-id887467.html&quot;},{&quot;title&quot;:&quot;As\u00ed fue el hist\u00f3rico triunfo de Riestra ante River en el Monumental&quot;,&quot;image&quot;:&quot;https:\/\/media.tycsports.com\/files\/2025\/09\/28\/887402\/asi-fue-el-historico-triunfo-de-riestra-ante-river-en-el-monumental_267x150.webp&quot;,&quot;href&quot;:&quot;https:\/\/www.tycsports.com\/video\/river-plate\/asi-fue-el-historico-triunfo-de-riestra-ante-river-en-el-monumental-id887402.html&quot;},{&quot;title&quot;:&quot;La atajada de Nacho Arce a Juanfer Quintero para evitar el empate de River an...&quot;,&quot;image&quot;:&quot;https:\/\/media.tycsports.com\/files\/2025\/09\/28\/887390\/la-atajada-de-nacho-arce-a-juanfer-quintero-para-evitar-el-empate-de-river-ante-riestra_267x150.webp&quot;,&quot;href&quot;:&quot;https:\/\/www.tycsports.com\/video\/river-plate\/la-atajada-de-nacho-arce-a-juanfer-quintero-para-evitar-el-empate-de-river-ante-riestra-id887390.html&quot;}]}\">\n<p>    &#13;<br \/>\n        &#13;<br \/>\n        &#13;<\/p>\n<h4 class=\"videoTextTitle\">El gol de Vitor Roque en el que Paulo D\u00edaz qued\u00f3 muy expuesto<\/h4>\n<p>    <img loading=\"lazy\" class=\"videoPlayerImg\" width=\"416\" height=\"234\" srcset=\"data:image\/png;base64,iVBORw0KGgoAAAANSUhEUgAAAAEAAAABCAQAAAC1HAwCAAAAC0lEQVR42mNkYAAAAAYAAjCB0C8AAAAASUVORK5CYII=\" loading=\"lazy\" fetchpriority=\"low\" alt=\"El gol de Vitor Roque en el que Paulo D\u00edaz qued\u00f3 muy expuesto\" title=\"El gol de Vitor Roque en el que Paulo D\u00edaz qued\u00f3 muy expuesto\"\/>\n<\/div>\n<p>Palacios atraviesa un momento particular: una distensi\u00f3n en el pect\u00edneo izquierdo lo dej\u00f3 afuera ante Defensa y Justicia y todav\u00eda no est\u00e1 confirmado para el cruce con Newell\u2019s. Sin embargo, el hecho de no sumarse a su selecci\u00f3n le da margen para enfocarse en la recuperaci\u00f3n y apuntar al duelo contra Barracas Central, donde podr\u00eda reaparecer.<\/p>\n<p>En cambio, Alarc\u00f3n s\u00ed sum\u00f3 minutos en Florencio Varela, aunque parece haber perdido espacio en la consideraci\u00f3n del cuerpo t\u00e9cnico. La no convocatoria le abre una oportunidad para volver a sumar rodaje, sobre todo teniendo en cuenta que el equipo perder\u00e1 a su capit\u00e1n en el mediocampo.<\/p>\n<p>&#13;<\/p>\n<p>        La contracara de esta situaci\u00f3n est\u00e1 en Paredes, reservado por Lionel Scaloni y con altas chances de perderse un partido clave para Boca. Aun as\u00ed, retener a dos piezas que pod\u00edan haberse ido con Chile representa un alivio en la preparaci\u00f3n para las pr\u00f3ximas fechas.<\/p>\n<p>As\u00ed, River y Boca reciben una buena noticia en paralelo: tres jugadores habituales de la selecci\u00f3n trasandina se quedar\u00e1n en el pa\u00eds y podr\u00e1n ser utilizados en compromisos fundamentales para cada instituci\u00f3n.<\/p>\n<figure data-modal-description=\"Alarc\u00f3n y Palacios\" data-modal-image=\"https:\/\/media.tycsports.com\/files\/2025\/08\/28\/877264\/palacios-alarcon_w862.webp\"><img loading=\"lazy\" decoding=\"async\" class=\"mainImg r16x9\" width=\"416\" height=\"234\" fetchpriority=\"low\" loading=\"lazy\" src=\"https:\/\/media.tycsports.com\/files\/2025\/08\/28\/877264\/palacios-alarcon_416x234.webp?v=1\" srcset=\"https:\/\/media.tycsports.com\/files\/2025\/08\/28\/877264\/palacios-alarcon_416x234.webp?v=1 960w,https:\/\/media.tycsports.com\/files\/2025\/08\/28\/877264\/palacios-alarcon_862x485.webp?v=1 1024w\" alt=\"Palacios Alarcon\" title=\"Palacios Alarcon\"\/><figcaption> Alarc\u00f3n y Palacios<\/figcaption><\/figure>\n<p>&#13;<\/p>\n<div class=\"subs-box\">\n<div class=\"subs-texts\">\n<p class=\"subs-tag\">&#13;<br \/>\n            &#13;<br \/>\n            &#13;<br \/>\n            &#13;<br \/>\n            &#13;<br \/>\n            &#13;<br \/>\n         No te pierdas nada<\/p>\n<h3 class=\"subs-heading\">&#13;<br \/>\n            Recib\u00ed las \u00faltimas noticias de F\u00fatbol de Chile \u00a1y m\u00e1s!    &#13;<br \/>\n    &#13;<br \/>\n        <\/h3>\n<\/p><\/div>\n<\/div>\n<p>&#13;<br \/>\n    &#13;<br \/>\n       &#13;<br \/>\n&#13;<\/p>\n<h2 class=\"col12 headline\"><span>Te puede interesar<\/span><\/h2>\n<div class=\"card col4 \">&#13;<br \/>\n                    &#13;<br \/>\n                    &#13;<br \/>\n                <img loading=\"lazy\" decoding=\"async\" class=\"cardImage r16x9\" width=\"416\" height=\"234\" fetchpriority=\"low\" loading=\"lazy\" src=\"https:\/\/media.tycsports.com\/files\/2025\/09\/18\/884122\/edinson-cavani_416x234.webp?v=1\" srcset=\"https:\/\/media.tycsports.com\/files\/2025\/09\/18\/884122\/edinson-cavani_416x234.webp?v=1 480w ,https:\/\/media.tycsports.com\/files\/2025\/09\/18\/884122\/edinson-cavani_862x485.webp?v=1 1080w\" alt=\"Los cambios de Boca ante Newell\u00b4s, supeditados a la evoluci\u00f3n de Cavani y Palacios\" title=\"Los cambios de Boca ante Newell\u00b4s, supeditados a la evoluci\u00f3n de Cavani y Palacios\"\/><\/div>\n<div class=\"card col4 \">&#13;<br \/>\n                    &#13;<br \/>\n                    &#13;<br \/>\n                <img loading=\"lazy\" decoding=\"async\" class=\"cardImage r16x9\" width=\"416\" height=\"234\" fetchpriority=\"low\" loading=\"lazy\" src=\"https:\/\/media.tycsports.com\/files\/2025\/09\/29\/887543\/leandro-paredes_416x234.webp?v=1\" srcset=\"https:\/\/media.tycsports.com\/files\/2025\/09\/29\/887543\/leandro-paredes_416x234.webp?v=1 480w ,https:\/\/media.tycsports.com\/files\/2025\/09\/29\/887543\/leandro-paredes_862x485.webp?v=1 1080w\" alt=\"Paredes, &quot;sobrecargado&quot; de tareas en Boca: c\u00f3mo puede resolver el problema Russo\" title=\"Paredes, &quot;sobrecargado&quot; de tareas en Boca: c\u00f3mo puede resolver el problema Russo\"\/><\/div>\n<div class=\"card col4 \"><img loading=\"lazy\" decoding=\"async\" class=\"cardImage r16x9\" width=\"416\" height=\"234\" fetchpriority=\"low\" loading=\"lazy\" src=\"https:\/\/media.tycsports.com\/files\/2025\/09\/29\/887574\/river-2010_416x234.webp?v=1\" srcset=\"https:\/\/media.tycsports.com\/files\/2025\/09\/29\/887574\/river-2010_416x234.webp?v=1 480w ,https:\/\/media.tycsports.com\/files\/2025\/09\/29\/887574\/river-2010_862x485.webp?v=1 1080w\" alt=\"Pasaron 15 a\u00f1os: c\u00f3mo era el \u00faltimo River que perdi\u00f3 4 partidos seguidos\" title=\"Pasaron 15 a\u00f1os: c\u00f3mo era el \u00faltimo River que perdi\u00f3 4 partidos seguidos\"\/><\/div>\n<div class=\"card col4 \">&#13;<br \/>\n                    &#13;<br \/>\n                    &#13;<br \/>\n                <img loading=\"lazy\" decoding=\"async\" class=\"cardImage r16x9\" width=\"416\" height=\"234\" fetchpriority=\"low\" loading=\"lazy\" src=\"https:\/\/media.tycsports.com\/files\/2023\/07\/12\/592214\/hernan-mastrangelo_416x234.webp\" srcset=\"https:\/\/media.tycsports.com\/files\/2023\/07\/12\/592214\/hernan-mastrangelo_416x234.webp 480w ,https:\/\/media.tycsports.com\/files\/2023\/07\/12\/592214\/hernan-mastrangelo_862x485.webp 1080w\" alt=\"Mastr\u00e1ngelo, el \u00e1rbitro para River-Racing: el historial con cada uno\" title=\"Mastr\u00e1ngelo, el \u00e1rbitro para River-Racing: el historial con cada uno\"\/><\/div>\n<div class=\"card col4 \">&#13;<br \/>\n                    &#13;<br \/>\n                    &#13;<br \/>\n                <img loading=\"lazy\" decoding=\"async\" class=\"cardImage r16x9\" width=\"416\" height=\"234\" fetchpriority=\"low\" loading=\"lazy\" src=\"https:\/\/media.tycsports.com\/files\/2025\/09\/29\/887650\/river_416x234.webp?v=1\" srcset=\"https:\/\/media.tycsports.com\/files\/2025\/09\/29\/887650\/river_416x234.webp?v=1 480w ,https:\/\/media.tycsports.com\/files\/2025\/09\/29\/887650\/river_862x485.webp?v=1 1080w\" alt=\"River necesita al Gallardo del 2015\" title=\"River necesita al Gallardo del 2015\"\/><\/div>\n<div class=\"card col4 \"><img loading=\"lazy\" decoding=\"async\" class=\"cardImage r16x9\" width=\"416\" height=\"234\" fetchpriority=\"low\" loading=\"lazy\" src=\"https:\/\/media.tycsports.com\/files\/2025\/09\/28\/887416\/equipo-river-riestra_416x234.webp\" srcset=\"https:\/\/media.tycsports.com\/files\/2025\/09\/28\/887416\/equipo-river-riestra_416x234.webp 480w ,https:\/\/media.tycsports.com\/files\/2025\/09\/28\/887416\/equipo-river-riestra_862x485.webp 1080w\" alt=\"\u00bfQui\u00e9n es el responsable de este momento de River?\" title=\"\u00bfQui\u00e9n es el responsable de este momento de River?\"\/><\/div>\n<p>&#13;<br \/>\n&#13;<br \/>\n    &#13;<br \/>\n&#13;<br \/>\n&#13;<br \/>\n                  &#13;\n                <\/p><\/div>\n","protected":false},"excerpt":{"rendered":"<p>&#13; &#13; &#13; &#13; Paulo D\u00edaz no fue citado para los amistosos de octubre y estar\u00eda disponible para Gallardo en el partido ante Sarmiento, de la fecha 12. Caso similar para Williams Alarc\u00f3n y Carlos Palacios, quienes podr\u00e1n ser utilizados por el Xeneize. &#13; Palacios y D\u00edaz no fueron convocados por Chile. La fecha FIFA [&hellip;]<\/p>\n","protected":false},"author":1,"featured_media":5878,"comment_status":"open","ping_status":"open","sticky":false,"template":"","format":"standard","meta":{"slim_seo":{"title":"River y Boca, con buenas noticias que llegan de Chile de cara a la fecha FIFA - PrensaHoy.com- Noticias de Chile y el Mundo","description":"&#13; &#13; &#13; &#13; Paulo D\u00edaz no fue citado para los amistosos de octubre y estar\u00eda disponible para Gallardo en el partido ante Sarmiento, de la fecha 12."},"footnotes":""},"categories":[1],"tags":[3296,1088,3297,38,62,370,3298,985,100,3295],"class_list":["post-5877","post","type-post","status-publish","format-standard","has-post-thumbnail","hentry","category-sin-categoria","tag-boca","tag-buenas","tag-cara","tag-chile","tag-con","tag-fecha","tag-fifa","tag-llegan","tag-noticias","tag-river"],"_links":{"self":[{"href":"https:\/\/prensahoy.com\/index.php\/wp-json\/wp\/v2\/posts\/5877","targetHints":{"allow":["GET"]}}],"collection":[{"href":"https:\/\/prensahoy.com\/index.php\/wp-json\/wp\/v2\/posts"}],"about":[{"href":"https:\/\/prensahoy.com\/index.php\/wp-json\/wp\/v2\/types\/post"}],"author":[{"embeddable":true,"href":"https:\/\/prensahoy.com\/index.php\/wp-json\/wp\/v2\/users\/1"}],"replies":[{"embeddable":true,"href":"https:\/\/prensahoy.com\/index.php\/wp-json\/wp\/v2\/comments?post=5877"}],"version-history":[{"count":0,"href":"https:\/\/prensahoy.com\/index.php\/wp-json\/wp\/v2\/posts\/5877\/revisions"}],"wp:featuredmedia":[{"embeddable":true,"href":"https:\/\/prensahoy.com\/index.php\/wp-json\/wp\/v2\/media\/5878"}],"wp:attachment":[{"href":"https:\/\/prensahoy.com\/index.php\/wp-json\/wp\/v2\/media?parent=5877"}],"wp:term":[{"taxonomy":"category","embeddable":true,"href":"https:\/\/prensahoy.com\/index.php\/wp-json\/wp\/v2\/categories?post=5877"},{"taxonomy":"post_tag","embeddable":true,"href":"https:\/\/prensahoy.com\/index.php\/wp-json\/wp\/v2\/tags?post=5877"}],"curies":[{"name":"wp","href":"https:\/\/api.w.org\/{rel}","templated":true}]}}