{"id":5841,"date":"2025-09-27T07:18:21","date_gmt":"2025-09-27T10:18:21","guid":{"rendered":"https:\/\/prensahoy.com\/index.php\/2025\/09\/27\/chile-nominara-a-michelle-bachelet-como-candidata-a-secretaria-general-onu\/"},"modified":"2025-09-27T07:18:21","modified_gmt":"2025-09-27T10:18:21","slug":"chile-nominara-a-michelle-bachelet-como-candidata-a-secretaria-general-onu","status":"publish","type":"post","link":"https:\/\/prensahoy.com\/index.php\/2025\/09\/27\/chile-nominara-a-michelle-bachelet-como-candidata-a-secretaria-general-onu\/","title":{"rendered":"Chile nominar\u00e1 a Michelle Bachelet como candidata a secretar\u00eda general ONU"},"content":{"rendered":"<div data-article-body=\"true\">\n<p class=\"mb-4 text-lg md:leading-8 break-words\">Chile nominar\u00e1 a la expresidenta Michelle Bachelet como candidata a la secretar\u00eda general de la Organizaci\u00f3n de Naciones Unidas (ONU), anunci\u00f3 el martes el presidente chileno, Gabriel Boric.<\/p>\n<p class=\"mb-4 text-lg md:leading-8 break-words\">La dos veces mandataria del pa\u00eds sudamericano (2006-2010, 2014-2018) tambi\u00e9n se desempe\u00f1\u00f3 como Alta Comisionada de Derechos Humanos del organismo multilateral.<\/p>\n<p class=\"mb-4 text-lg md:leading-8 break-words\">&#8220;Michelle Bachelet no s\u00f3lo es una figura ampliamente conocida y respetada en el \u00e1mbito global. Es una mujer con una biograf\u00eda profundamente coherente con los valores que inspiran a esta organizaci\u00f3n&#8221;, se\u00f1al\u00f3 el mandatario en su discurso ante la Asamblea General del organismo en Nueva York.<\/p>\n<div class=\"max-md:faux-bleed mb-4 bg-marshmallow pb-5 dark:bg-ramones md:invisible md:mb-0 md:h-0 md:overflow-hidden md:pb-0\">\n<p>Publicidad<\/p>\n<div class=\"flex w-full flex-nowrap justify-center\">\n<div class=\"flex ad-container\" id=\"_R_2ot56mhak5clubsnm6fbH1_\">\n<p>Publicidad<\/p>\n<\/div>\n<\/div>\n<\/div>\n<div class=\"mb-4 hidden pb-5 md:block\">\n<p>Publicidad<\/p>\n<div class=\"flex w-full flex-nowrap justify-center\">\n<div class=\"flex ad-container\" id=\"_R_4ot56mhak5clubsnm6fbH1_\">\n<p>Publicidad<\/p>\n<\/div>\n<\/div>\n<\/div>\n<p class=\"mb-4 text-lg md:leading-8 break-words\">&#8220;Puede contribuir de manera decisiva a hacer de Naciones Unidas una vez m\u00e1s un espacio de encuentro, de soluciones y de esperanza activa para el mundo entero&#8221;, agreg\u00f3.<\/p>\n<p class=\"mb-4 text-lg md:leading-8 break-words\">La veterana pol\u00edtica hab\u00eda encabezado tambi\u00e9n ONU Mujeres, la entidad del organismo para promover la igualdad de g\u00e9nero.<\/p>\n<\/div>\n","protected":false},"excerpt":{"rendered":"<p>Chile nominar\u00e1 a la expresidenta Michelle Bachelet como candidata a la secretar\u00eda general de la Organizaci\u00f3n de Naciones Unidas (ONU), anunci\u00f3 el martes el presidente chileno, Gabriel Boric. La dos veces mandataria del pa\u00eds sudamericano (2006-2010, 2014-2018) tambi\u00e9n se desempe\u00f1\u00f3 como Alta Comisionada de Derechos Humanos del organismo multilateral. &#8220;Michelle Bachelet no s\u00f3lo es una [&hellip;]<\/p>\n","protected":false},"author":1,"featured_media":5842,"comment_status":"open","ping_status":"open","sticky":false,"template":"","format":"standard","meta":{"slim_seo":{"title":"Chile nominar\u00e1 a Michelle Bachelet como candidata a secretar\u00eda general ONU - PrensaHoy.com- Noticias de Chile y el Mundo","description":"Chile nominar\u00e1 a la expresidenta Michelle Bachelet como candidata a la secretar\u00eda general de la Organizaci\u00f3n de Naciones Unidas (ONU), anunci\u00f3 el martes el pres"},"footnotes":""},"categories":[1],"tags":[3224,2516,38,229,1371,3223,3222,1899,3225],"class_list":["post-5841","post","type-post","status-publish","format-standard","has-post-thumbnail","hentry","category-sin-categoria","tag-bachelet","tag-candidata","tag-chile","tag-como","tag-general","tag-michelle","tag-nominara","tag-onu","tag-secretaria"],"_links":{"self":[{"href":"https:\/\/prensahoy.com\/index.php\/wp-json\/wp\/v2\/posts\/5841","targetHints":{"allow":["GET"]}}],"collection":[{"href":"https:\/\/prensahoy.com\/index.php\/wp-json\/wp\/v2\/posts"}],"about":[{"href":"https:\/\/prensahoy.com\/index.php\/wp-json\/wp\/v2\/types\/post"}],"author":[{"embeddable":true,"href":"https:\/\/prensahoy.com\/index.php\/wp-json\/wp\/v2\/users\/1"}],"replies":[{"embeddable":true,"href":"https:\/\/prensahoy.com\/index.php\/wp-json\/wp\/v2\/comments?post=5841"}],"version-history":[{"count":0,"href":"https:\/\/prensahoy.com\/index.php\/wp-json\/wp\/v2\/posts\/5841\/revisions"}],"wp:featuredmedia":[{"embeddable":true,"href":"https:\/\/prensahoy.com\/index.php\/wp-json\/wp\/v2\/media\/5842"}],"wp:attachment":[{"href":"https:\/\/prensahoy.com\/index.php\/wp-json\/wp\/v2\/media?parent=5841"}],"wp:term":[{"taxonomy":"category","embeddable":true,"href":"https:\/\/prensahoy.com\/index.php\/wp-json\/wp\/v2\/categories?post=5841"},{"taxonomy":"post_tag","embeddable":true,"href":"https:\/\/prensahoy.com\/index.php\/wp-json\/wp\/v2\/tags?post=5841"}],"curies":[{"name":"wp","href":"https:\/\/api.w.org\/{rel}","templated":true}]}}