{"id":5802,"date":"2025-09-18T06:27:11","date_gmt":"2025-09-18T09:27:11","guid":{"rendered":"https:\/\/prensahoy.com\/index.php\/2025\/09\/18\/el-esquiador-italiano-matteo-franzoso-muere-en-un-accidente-de-entrenamiento-en-chile\/"},"modified":"2025-09-18T06:27:11","modified_gmt":"2025-09-18T09:27:11","slug":"el-esquiador-italiano-matteo-franzoso-muere-en-un-accidente-de-entrenamiento-en-chile","status":"publish","type":"post","link":"https:\/\/prensahoy.com\/index.php\/2025\/09\/18\/el-esquiador-italiano-matteo-franzoso-muere-en-un-accidente-de-entrenamiento-en-chile\/","title":{"rendered":"El esquiador italiano Matteo Franzoso muere en un accidente de entrenamiento en Chile"},"content":{"rendered":"<div data-article-body=\"true\">\n<p class=\"mb-4 text-lg md:leading-8 break-words\">15 sep (Reuters) &#8211; El esquiador italiano Matteo Franzoso falleci\u00f3 tras sufrir una ca\u00edda durante un entrenamiento en Chile el fin de semana, inform\u00f3 el lunes la federaci\u00f3n de deportes de invierno de su pa\u00eds (FISI).<\/p>\n<p class=\"mb-4 text-lg md:leading-8 break-words\">El deportista, de 25 a\u00f1os, fue trasladado en helic\u00f3ptero a la unidad de cuidados intensivos de una cl\u00ednica de Santiago e inducido en coma tras el accidente que sufri\u00f3 el s\u00e1bado en una pista del centro invernal La Parva.<\/p>\n<p class=\"mb-4 text-lg md:leading-8 break-words\">&#8220;Es una tragedia para la familia y para nuestro deporte&#8221;, dijo el presidente de la FISI, Flavio Roda, en un comunicado.<\/p>\n<p class=\"mb-4 text-lg md:leading-8 break-words\">&#8220;Un drama que nos devuelve al estado de \u00e1nimo de hace poco menos de un a\u00f1o, cuando falleci\u00f3 Matilde Lorenzi. Es absolutamente necesario hacer todo lo posible para que estos episodios no vuelvan a repetirse&#8221;.<\/p>\n<p class=\"mb-4 text-lg md:leading-8 break-words\">Franzoso termin\u00f3 28\u00ba en la Copa del Mundo de super-G en Cortina d&#8217;Ampezzo, en Italia, en 2023, su mejor actuaci\u00f3n en el deporte.<\/p>\n<p class=\"mb-4 text-lg md:leading-8 break-words\">(Reporte de Trevor Stynes)<\/p>\n<\/div>\n","protected":false},"excerpt":{"rendered":"<p>15 sep (Reuters) &#8211; El esquiador italiano Matteo Franzoso falleci\u00f3 tras sufrir una ca\u00edda durante un entrenamiento en Chile el fin de semana, inform\u00f3 el lunes la federaci\u00f3n de deportes de invierno de su pa\u00eds (FISI). El deportista, de 25 a\u00f1os, fue trasladado en helic\u00f3ptero a la unidad de cuidados intensivos de una cl\u00ednica de [&hellip;]<\/p>\n","protected":false},"author":1,"featured_media":5803,"comment_status":"open","ping_status":"open","sticky":false,"template":"","format":"standard","meta":{"slim_seo":{"title":"El esquiador italiano Matteo Franzoso muere en un accidente de entrenamiento en Chile - PrensaHoy.com- Noticias de Chile y el Mundo","description":"15 sep (Reuters) - El esquiador italiano Matteo Franzoso falleci\u00f3 tras sufrir una ca\u00edda durante un entrenamiento en Chile el fin de semana, inform\u00f3 el lunes la"},"footnotes":""},"categories":[1],"tags":[1290,38,3126,3124,3125,669,3137,2874],"class_list":["post-5802","post","type-post","status-publish","format-standard","has-post-thumbnail","hentry","category-sin-categoria","tag-accidente","tag-chile","tag-entrenamiento","tag-esquiador","tag-franzoso","tag-italiano","tag-matteo","tag-muere"],"_links":{"self":[{"href":"https:\/\/prensahoy.com\/index.php\/wp-json\/wp\/v2\/posts\/5802","targetHints":{"allow":["GET"]}}],"collection":[{"href":"https:\/\/prensahoy.com\/index.php\/wp-json\/wp\/v2\/posts"}],"about":[{"href":"https:\/\/prensahoy.com\/index.php\/wp-json\/wp\/v2\/types\/post"}],"author":[{"embeddable":true,"href":"https:\/\/prensahoy.com\/index.php\/wp-json\/wp\/v2\/users\/1"}],"replies":[{"embeddable":true,"href":"https:\/\/prensahoy.com\/index.php\/wp-json\/wp\/v2\/comments?post=5802"}],"version-history":[{"count":0,"href":"https:\/\/prensahoy.com\/index.php\/wp-json\/wp\/v2\/posts\/5802\/revisions"}],"wp:featuredmedia":[{"embeddable":true,"href":"https:\/\/prensahoy.com\/index.php\/wp-json\/wp\/v2\/media\/5803"}],"wp:attachment":[{"href":"https:\/\/prensahoy.com\/index.php\/wp-json\/wp\/v2\/media?parent=5802"}],"wp:term":[{"taxonomy":"category","embeddable":true,"href":"https:\/\/prensahoy.com\/index.php\/wp-json\/wp\/v2\/categories?post=5802"},{"taxonomy":"post_tag","embeddable":true,"href":"https:\/\/prensahoy.com\/index.php\/wp-json\/wp\/v2\/tags?post=5802"}],"curies":[{"name":"wp","href":"https:\/\/api.w.org\/{rel}","templated":true}]}}