{"id":5721,"date":"2025-09-01T05:19:11","date_gmt":"2025-09-01T08:19:11","guid":{"rendered":"https:\/\/prensahoy.com\/index.php\/2025\/09\/01\/estudiante-udec-representara-a-chile-en-sudamericano-de-kickboxing\/"},"modified":"2025-09-01T05:19:11","modified_gmt":"2025-09-01T08:19:11","slug":"estudiante-udec-representara-a-chile-en-sudamericano-de-kickboxing","status":"publish","type":"post","link":"https:\/\/prensahoy.com\/index.php\/2025\/09\/01\/estudiante-udec-representara-a-chile-en-sudamericano-de-kickboxing\/","title":{"rendered":"Estudiante UdeC representar\u00e1 a Chile en Sudamericano de Kickboxing"},"content":{"rendered":"<div>\n<p>La estudiante de Gesti\u00f3n Cultural UdeC, Paloma Orellana Vera, representar\u00e1 a Chile en el XIV Campeonato Sudamericano de Kickboxing \u2013 Senior and Masters, que se llevar\u00e1 a cabo en la ciudad peruana de Cusco.<\/p>\n<p>Entre el 22 y 26 de octubre ser\u00e1 la desafiante cita, que tiene una particularidad a considerar: los 3.400 msnm de la antigua capital del Imperio Inca, muy diferentes a Concepci\u00f3n, que est\u00e1 a nivel de mar.<\/p>\n<p>La trayectoria de Orellana en el kickboxing, del cual es campeona de menos de 70 kilos en categor\u00eda low kick, es reciente. \u201cEmpec\u00e9 a practicar kickboxing hace dos a\u00f1os y hace un a\u00f1o me mantengo compitiendo. Este a\u00f1o participamos junto con una compa\u00f1era en un campeonato nacional, en el cual ganamos las tres fechas\u201d, se\u00f1al\u00f3.<\/p>\n<p>Haberse impuesto en aquel certamen le dio la posibilidad a la estudiante UdeC de representar a Chile a nivel internacional, algo que tambi\u00e9n ha logrado en la misma especialidad Javiera Lagos Reinoso, estudiante de Nutrici\u00f3n y Diet\u00e9tica.<\/p>\n<p>\u00bfC\u00f3mo lleg\u00f3 al kickboxing? La integrante del club \u00d1arki de Concepci\u00f3n revel\u00f3 que fue \u201cm\u00e1s que nada nace para hacer actividad f\u00edsica. Empez\u00f3 como un hobbie, quer\u00eda hacer redes aqu\u00ed en Concepci\u00f3n\u201d, record\u00f3 la puentealtina.<\/p>\n<p>\u201cLlegu\u00e9 hace cuatro a\u00f1os a estudiar a la Universidad de Concepci\u00f3n. Buscaba algo para hacer aparte de mi carrera y encontr\u00e9 este deporte. Me gust\u00f3, me qued\u00e9 ac\u00e1 y ya con el equipo fui viendo posibilidades de competir, obteniendo buenos resultados\u201d. Aquella es la historia que vincul\u00f3 al deporte a la estudiante UdeC que ir\u00e1 al Sudamericano de Kickboxing.<\/p>\n<p>Junto con esto, la deportista cont\u00f3 que en su club, \u201cel ochenta por ciento de las personas son mujeres y disidencias, entonces es bac\u00e1n que se puedan levantar estos espacios para la gente de la comunidad y tambi\u00e9n para resistir desde esta vereda del deporte\u201d.<\/p>\n<p>Por \u00faltimo, la estudiante UdeC cont\u00f3 c\u00f3mo ser\u00e1 la preparaci\u00f3n de cara a su participaci\u00f3n en el torneo cusque\u00f1o. \u201cEl cuerpo se demora al menos un mes en acostumbrarse a la diferencia de altura. Haremos trabajos de apnea para acortar la entrada de ox\u00edgeno y as\u00ed acostumbrar a nuestros pulmones\u201d, finaliz\u00f3.<\/p>\n<\/p><\/div>\n","protected":false},"excerpt":{"rendered":"<p>La estudiante de Gesti\u00f3n Cultural UdeC, Paloma Orellana Vera, representar\u00e1 a Chile en el XIV Campeonato Sudamericano de Kickboxing \u2013 Senior and Masters, que se llevar\u00e1 a cabo en la ciudad peruana de Cusco. Entre el 22 y 26 de octubre ser\u00e1 la desafiante cita, que tiene una particularidad a considerar: los 3.400 msnm de [&hellip;]<\/p>\n","protected":false},"author":1,"featured_media":5722,"comment_status":"open","ping_status":"open","sticky":false,"template":"","format":"standard","meta":{"slim_seo":{"title":"Estudiante UdeC representar\u00e1 a Chile en Sudamericano de Kickboxing - PrensaHoy.com- Noticias de Chile y el Mundo","description":"La estudiante de Gesti\u00f3n Cultural UdeC, Paloma Orellana Vera, representar\u00e1 a Chile en el XIV Campeonato Sudamericano de Kickboxing \u2013 Senior and Masters, que se"},"footnotes":""},"categories":[1],"tags":[38,2913,2916,2366,2915,2914],"class_list":["post-5721","post","type-post","status-publish","format-standard","has-post-thumbnail","hentry","category-sin-categoria","tag-chile","tag-estudiante","tag-kickboxing","tag-representara","tag-sudamericano","tag-udec"],"_links":{"self":[{"href":"https:\/\/prensahoy.com\/index.php\/wp-json\/wp\/v2\/posts\/5721","targetHints":{"allow":["GET"]}}],"collection":[{"href":"https:\/\/prensahoy.com\/index.php\/wp-json\/wp\/v2\/posts"}],"about":[{"href":"https:\/\/prensahoy.com\/index.php\/wp-json\/wp\/v2\/types\/post"}],"author":[{"embeddable":true,"href":"https:\/\/prensahoy.com\/index.php\/wp-json\/wp\/v2\/users\/1"}],"replies":[{"embeddable":true,"href":"https:\/\/prensahoy.com\/index.php\/wp-json\/wp\/v2\/comments?post=5721"}],"version-history":[{"count":0,"href":"https:\/\/prensahoy.com\/index.php\/wp-json\/wp\/v2\/posts\/5721\/revisions"}],"wp:featuredmedia":[{"embeddable":true,"href":"https:\/\/prensahoy.com\/index.php\/wp-json\/wp\/v2\/media\/5722"}],"wp:attachment":[{"href":"https:\/\/prensahoy.com\/index.php\/wp-json\/wp\/v2\/media?parent=5721"}],"wp:term":[{"taxonomy":"category","embeddable":true,"href":"https:\/\/prensahoy.com\/index.php\/wp-json\/wp\/v2\/categories?post=5721"},{"taxonomy":"post_tag","embeddable":true,"href":"https:\/\/prensahoy.com\/index.php\/wp-json\/wp\/v2\/tags?post=5721"}],"curies":[{"name":"wp","href":"https:\/\/api.w.org\/{rel}","templated":true}]}}