{"id":5684,"date":"2025-08-25T03:37:10","date_gmt":"2025-08-25T06:37:10","guid":{"rendered":"https:\/\/prensahoy.com\/index.php\/2025\/08\/25\/gobierno-de-chile-gestiona-retorno-de-hinchas-liberados-en-argentina\/"},"modified":"2025-08-25T03:37:10","modified_gmt":"2025-08-25T06:37:10","slug":"gobierno-de-chile-gestiona-retorno-de-hinchas-liberados-en-argentina","status":"publish","type":"post","link":"https:\/\/prensahoy.com\/index.php\/2025\/08\/25\/gobierno-de-chile-gestiona-retorno-de-hinchas-liberados-en-argentina\/","title":{"rendered":"Gobierno de Chile gestiona retorno de hinchas liberados en Argentina"},"content":{"rendered":"<div xmlns:default=\"http:\/\/www.w3.org\/2000\/svg\">\n<p>   El pasado mi\u00e9rcoles, cuando se disputaba el juego correspondiente a la Copa Sudamericana en el estadio Libertadores de Am\u00e9rica ocurrieron enfrentamientos entre barras bravas de ambos equipos, que dejaron 19 chilenos heridos y m\u00e1s de un centenar de detenidos.<\/p>\n<p>   De acuerdo con el Ministro del Interior, \u00c1lvaro Elizalde, el grupo de aficionados qued\u00f3 en libertad y no se avizora ning\u00fan proceso judicial contra ellos, versi\u00f3n avalada por el embajador en el pa\u00eds trasandino, Jos\u00e9 Antonio Viera-Gallo.<\/p>\n<p>   Sin embargo, el regreso est\u00e1 obstaculizado por el cierre del paso fronterizo de Los Libertadores, debido al sistema frontal que provoc\u00f3 fuertes nevadas en la parte alta de la cordillera de Los Andes.<\/p>\n<p>   Todav\u00eda se desconoce cu\u00e1ndo quedar\u00e1n habilitados este y otros cruces interrumpidos por la contingencia meteorol\u00f3gica.<\/p>\n<p>   Adem\u00e1s, un n\u00famero indeterminado de hinchas chilenos perdieron sus documentos de identidad en medio de la trifulca, se\u00f1al\u00f3 Elizalde, y record\u00f3 que a varios los despojaron de su ropa y pertenencias cuando fueron atacados por la barra brava de Independiente.<\/p>\n<p>   En tal sentido, se\u00f1al\u00f3 el ministro que los consulados en Buenos Aires y la ciudad de Mendoza est\u00e1n en disposici\u00f3n de brindar todo el apoyo necesario a sus compatriotas.<\/p>\n<p>   Respecto a la eventual realizaci\u00f3n de vuelos consulares para la repatriaci\u00f3n, asegur\u00f3 que la medida se analizar\u00e1 en su momento.<\/p>\n<p>   Tambi\u00e9n valor\u00f3 la importancia de trabajar junto a la naci\u00f3n vecina para erradicar la violencia en el f\u00fatbol y record\u00f3 la instalaci\u00f3n de una mesa t\u00e9cnica destinada a adoptar medidas sobre la base de las legislaciones vigentes en ambos pa\u00edses.<\/p>\n<p>ro\/car\/eam<\/p>\n<\/p><\/div>\n","protected":false},"excerpt":{"rendered":"<p>El pasado mi\u00e9rcoles, cuando se disputaba el juego correspondiente a la Copa Sudamericana en el estadio Libertadores de Am\u00e9rica ocurrieron enfrentamientos entre barras bravas de ambos equipos, que dejaron 19 chilenos heridos y m\u00e1s de un centenar de detenidos. De acuerdo con el Ministro del Interior, \u00c1lvaro Elizalde, el grupo de aficionados qued\u00f3 en libertad [&hellip;]<\/p>\n","protected":false},"author":1,"featured_media":5685,"comment_status":"open","ping_status":"open","sticky":false,"template":"","format":"standard","meta":{"slim_seo":{"title":"Gobierno de Chile gestiona retorno de hinchas liberados en Argentina - PrensaHoy.com- Noticias de Chile y el Mundo","description":"El pasado mi\u00e9rcoles, cuando se disputaba el juego correspondiente a la Copa Sudamericana en el estadio Libertadores de Am\u00e9rica ocurrieron enfrentamientos entre"},"footnotes":""},"categories":[1],"tags":[1662,38,2847,72,2848,2849,1719],"class_list":["post-5684","post","type-post","status-publish","format-standard","has-post-thumbnail","hentry","category-sin-categoria","tag-argentina","tag-chile","tag-gestiona","tag-gobierno","tag-hinchas","tag-liberados","tag-retorno"],"_links":{"self":[{"href":"https:\/\/prensahoy.com\/index.php\/wp-json\/wp\/v2\/posts\/5684","targetHints":{"allow":["GET"]}}],"collection":[{"href":"https:\/\/prensahoy.com\/index.php\/wp-json\/wp\/v2\/posts"}],"about":[{"href":"https:\/\/prensahoy.com\/index.php\/wp-json\/wp\/v2\/types\/post"}],"author":[{"embeddable":true,"href":"https:\/\/prensahoy.com\/index.php\/wp-json\/wp\/v2\/users\/1"}],"replies":[{"embeddable":true,"href":"https:\/\/prensahoy.com\/index.php\/wp-json\/wp\/v2\/comments?post=5684"}],"version-history":[{"count":0,"href":"https:\/\/prensahoy.com\/index.php\/wp-json\/wp\/v2\/posts\/5684\/revisions"}],"wp:featuredmedia":[{"embeddable":true,"href":"https:\/\/prensahoy.com\/index.php\/wp-json\/wp\/v2\/media\/5685"}],"wp:attachment":[{"href":"https:\/\/prensahoy.com\/index.php\/wp-json\/wp\/v2\/media?parent=5684"}],"wp:term":[{"taxonomy":"category","embeddable":true,"href":"https:\/\/prensahoy.com\/index.php\/wp-json\/wp\/v2\/categories?post=5684"},{"taxonomy":"post_tag","embeddable":true,"href":"https:\/\/prensahoy.com\/index.php\/wp-json\/wp\/v2\/tags?post=5684"}],"curies":[{"name":"wp","href":"https:\/\/api.w.org\/{rel}","templated":true}]}}