{"id":5674,"date":"2025-08-23T03:31:18","date_gmt":"2025-08-23T06:31:18","guid":{"rendered":"https:\/\/prensahoy.com\/index.php\/2025\/08\/23\/chile-grande-y-unido-jorge-garces-y-marlen-olivari-se-confirman-en-el-pacto\/"},"modified":"2025-08-23T03:31:18","modified_gmt":"2025-08-23T06:31:18","slug":"chile-grande-y-unido-jorge-garces-y-marlen-olivari-se-confirman-en-el-pacto","status":"publish","type":"post","link":"https:\/\/prensahoy.com\/index.php\/2025\/08\/23\/chile-grande-y-unido-jorge-garces-y-marlen-olivari-se-confirman-en-el-pacto\/","title":{"rendered":"&#8220;Chile grande y unido&#8221;: Jorge Garc\u00e9s y Marl\u00e9n Olivari se confirman en el pacto"},"content":{"rendered":"<div>\n<p style=\"text-align: justify;\">Jorge Garc\u00e9s es la gran novedad del pacto \u201cChile grande y unido\u201d, adem\u00e1s que en la n\u00f3mina a diputados tambi\u00e9n aparecen Marl\u00e9n Olivari y el exalcalde de Valpara\u00edso Jorge Castro.<\/p>\n<p style=\"text-align: justify;\">En el distrito 7 el pacto \u201cChile grande y unido\u201d, que agrupa a los partidos Renovaci\u00f3n Nacional, UDI y Ev\u00f3poli (Chile Vamos) junto a Dem\u00f3cratas, exhibe las mayores novedades respecto de lo que se conoci\u00f3 en los \u00faltimos d\u00edas antes del cierre de la inscripci\u00f3n de listas para las pr\u00f3ximas elecciones parlamentarias.\u00a0<\/p>\n<p style=\"text-align: justify;\">En efecto, hoy se confirm\u00f3 la candidatura de dos figuras ajenas a la pol\u00edtica, el ext\u00e9cnico del Wanderers campe\u00f3n en 2001, Jorge Garc\u00e9s, quien compite en un cupo de Ev\u00f3poli, y de la exrostro de tv y la far\u00e1ndula, Marl\u00e9n Olivari, quien tambi\u00e9n va como independiente por esa colectividad, a quienes a \u00faltima hora se sum\u00f3 el exlacalde de Valpara\u00edso, Jorge Castro (UDI).<\/p>\n<p style=\"text-align: justify;\">Junto a ellos van a la reelecci\u00f3n Andr\u00e9s Celis (RN) y Hotuiti Teao, quien ahora va por la UDI.\u00a0En el distrito 6, se confirmaron los nombres del exdiputado Luis Pardo y del excore Percy Mar\u00edn. En la lista senatorial, las novedades corrieron por cuenta del Partido Dem\u00f3cratas, quien oficializ\u00f3 a dos candidatos, Montserrat Alessandri y al m\u00e9dico y exdiputado DC, Daniel Verdessi.\u00a0<\/p>\n<p style=\"text-align: justify;\">\u00a0<\/p>\n<p><\/p>\n<p>\u00a0<\/p>\n<p style=\"text-align: center;\"><img decoding=\"async\" class=\"float-none\" src=\"https:\/\/rvl.uv.cl\/images\/noticias\/2025\/1chgsenado.jpg\" width=\"303\" height=\"157\"\/><\/p>\n<p style=\"text-align: justify;\">\u00a0<\/p>\n<\/div>\n","protected":false},"excerpt":{"rendered":"<p>Jorge Garc\u00e9s es la gran novedad del pacto \u201cChile grande y unido\u201d, adem\u00e1s que en la n\u00f3mina a diputados tambi\u00e9n aparecen Marl\u00e9n Olivari y el exalcalde de Valpara\u00edso Jorge Castro. En el distrito 7 el pacto \u201cChile grande y unido\u201d, que agrupa a los partidos Renovaci\u00f3n Nacional, UDI y Ev\u00f3poli (Chile Vamos) junto a Dem\u00f3cratas, [&hellip;]<\/p>\n","protected":false},"author":1,"featured_media":5675,"comment_status":"open","ping_status":"open","sticky":false,"template":"","format":"standard","meta":{"slim_seo":{"title":"\"Chile grande y unido\": Jorge Garc\u00e9s y Marl\u00e9n Olivari se confirman en el pacto - PrensaHoy.com- Noticias de Chile y el Mundo","description":"Jorge Garc\u00e9s es la gran novedad del pacto \u201cChile grande y unido\u201d, adem\u00e1s que en la n\u00f3mina a diputados tambi\u00e9n aparecen Marl\u00e9n Olivari y el exalcalde de Valpara\u00ed"},"footnotes":""},"categories":[1],"tags":[38,2630,2813,936,2812,2814,2815,1048,2811],"class_list":["post-5674","post","type-post","status-publish","format-standard","has-post-thumbnail","hentry","category-sin-categoria","tag-chile","tag-confirman","tag-garces","tag-grande","tag-jorge","tag-marlen","tag-olivari","tag-pacto","tag-unido"],"_links":{"self":[{"href":"https:\/\/prensahoy.com\/index.php\/wp-json\/wp\/v2\/posts\/5674","targetHints":{"allow":["GET"]}}],"collection":[{"href":"https:\/\/prensahoy.com\/index.php\/wp-json\/wp\/v2\/posts"}],"about":[{"href":"https:\/\/prensahoy.com\/index.php\/wp-json\/wp\/v2\/types\/post"}],"author":[{"embeddable":true,"href":"https:\/\/prensahoy.com\/index.php\/wp-json\/wp\/v2\/users\/1"}],"replies":[{"embeddable":true,"href":"https:\/\/prensahoy.com\/index.php\/wp-json\/wp\/v2\/comments?post=5674"}],"version-history":[{"count":0,"href":"https:\/\/prensahoy.com\/index.php\/wp-json\/wp\/v2\/posts\/5674\/revisions"}],"wp:featuredmedia":[{"embeddable":true,"href":"https:\/\/prensahoy.com\/index.php\/wp-json\/wp\/v2\/media\/5675"}],"wp:attachment":[{"href":"https:\/\/prensahoy.com\/index.php\/wp-json\/wp\/v2\/media?parent=5674"}],"wp:term":[{"taxonomy":"category","embeddable":true,"href":"https:\/\/prensahoy.com\/index.php\/wp-json\/wp\/v2\/categories?post=5674"},{"taxonomy":"post_tag","embeddable":true,"href":"https:\/\/prensahoy.com\/index.php\/wp-json\/wp\/v2\/tags?post=5674"}],"curies":[{"name":"wp","href":"https:\/\/api.w.org\/{rel}","templated":true}]}}