{"id":5646,"date":"2025-08-17T15:12:13","date_gmt":"2025-08-17T18:12:13","guid":{"rendered":"https:\/\/prensahoy.com\/index.php\/2025\/08\/17\/chile-condena-a-israel-por-asesinato-de-periodistas-palestinos\/"},"modified":"2025-08-17T15:12:13","modified_gmt":"2025-08-17T18:12:13","slug":"chile-condena-a-israel-por-asesinato-de-periodistas-palestinos","status":"publish","type":"post","link":"https:\/\/prensahoy.com\/index.php\/2025\/08\/17\/chile-condena-a-israel-por-asesinato-de-periodistas-palestinos\/","title":{"rendered":"Chile condena a Israel por asesinato de periodistas palestinos"},"content":{"rendered":"<div xmlns:default=\"http:\/\/www.w3.org\/2000\/svg\">\n<p>   \u201cEste hecho constituye una grave vulneraci\u00f3n del derecho internacional humanitario y una amenaza directa al ejercicio de la labor period\u00edstica\u201d, se\u00f1ala un comunicado publicado en la p\u00e1gina del Ministerio de Relaciones Exteriores.<\/p>\n<p>   La v\u00edspera, el ataque de precisi\u00f3n israel\u00ed contra la casa de campa\u00f1a, ubicada junto al hospital Al Shifa, ocasion\u00f3 la muerte de cinco comunicadores de la cadena qatar\u00ed Al Jazeera y de uno del medio palestino Sahat.<\/p>\n<p>   Desde el 7 de octubre de 2023, al menos 242 periodistas han perdido la vida en Gaza, lo que refleja un patr\u00f3n alarmante de violencia contra profesionales de la comunicaci\u00f3n, denuncia la Canciller\u00eda.<\/p>\n<p>   El gobierno chileno expres\u00f3 sus sentidas condolencias y solidaridad a las familias de las v\u00edctimas, al pueblo palestino y a los medios de comunicaci\u00f3n para los que trabajaban estos periodistas<\/p>\n<p>   Asimismo, reiter\u00f3 su llamado urgente a que Israel ponga fin a las grav\u00edsimas violaciones de los derechos humanos que se cometen en Gaza, y a que se garantice en todo momento la protecci\u00f3n de la poblaci\u00f3n civil y de quienes ejercen la labor informativa.<\/p>\n<p>arc\/car<\/p>\n<\/p><\/div>\n","protected":false},"excerpt":{"rendered":"<p>\u201cEste hecho constituye una grave vulneraci\u00f3n del derecho internacional humanitario y una amenaza directa al ejercicio de la labor period\u00edstica\u201d, se\u00f1ala un comunicado publicado en la p\u00e1gina del Ministerio de Relaciones Exteriores. La v\u00edspera, el ataque de precisi\u00f3n israel\u00ed contra la casa de campa\u00f1a, ubicada junto al hospital Al Shifa, ocasion\u00f3 la muerte de cinco [&hellip;]<\/p>\n","protected":false},"author":1,"featured_media":5647,"comment_status":"open","ping_status":"open","sticky":false,"template":"","format":"standard","meta":{"slim_seo":{"title":"Chile condena a Israel por asesinato de periodistas palestinos - PrensaHoy.com- Noticias de Chile y el Mundo","description":"\u201cEste hecho constituye una grave vulneraci\u00f3n del derecho internacional humanitario y una amenaza directa al ejercicio de la labor period\u00edstica\u201d, se\u00f1ala un comun"},"footnotes":""},"categories":[1],"tags":[527,38,1760,1846,1639,1638,60],"class_list":["post-5646","post","type-post","status-publish","format-standard","has-post-thumbnail","hentry","category-sin-categoria","tag-asesinato","tag-chile","tag-condena","tag-israel","tag-palestinos","tag-periodistas","tag-por"],"_links":{"self":[{"href":"https:\/\/prensahoy.com\/index.php\/wp-json\/wp\/v2\/posts\/5646","targetHints":{"allow":["GET"]}}],"collection":[{"href":"https:\/\/prensahoy.com\/index.php\/wp-json\/wp\/v2\/posts"}],"about":[{"href":"https:\/\/prensahoy.com\/index.php\/wp-json\/wp\/v2\/types\/post"}],"author":[{"embeddable":true,"href":"https:\/\/prensahoy.com\/index.php\/wp-json\/wp\/v2\/users\/1"}],"replies":[{"embeddable":true,"href":"https:\/\/prensahoy.com\/index.php\/wp-json\/wp\/v2\/comments?post=5646"}],"version-history":[{"count":0,"href":"https:\/\/prensahoy.com\/index.php\/wp-json\/wp\/v2\/posts\/5646\/revisions"}],"wp:featuredmedia":[{"embeddable":true,"href":"https:\/\/prensahoy.com\/index.php\/wp-json\/wp\/v2\/media\/5647"}],"wp:attachment":[{"href":"https:\/\/prensahoy.com\/index.php\/wp-json\/wp\/v2\/media?parent=5646"}],"wp:term":[{"taxonomy":"category","embeddable":true,"href":"https:\/\/prensahoy.com\/index.php\/wp-json\/wp\/v2\/categories?post=5646"},{"taxonomy":"post_tag","embeddable":true,"href":"https:\/\/prensahoy.com\/index.php\/wp-json\/wp\/v2\/tags?post=5646"}],"curies":[{"name":"wp","href":"https:\/\/api.w.org\/{rel}","templated":true}]}}