{"id":5620,"date":"2025-08-11T02:41:04","date_gmt":"2025-08-11T05:41:04","guid":{"rendered":"https:\/\/prensahoy.com\/index.php\/2025\/08\/11\/miles-de-personas-marchan-en-chile-para-denunciar-cientos-de-muertes-por-hambre-en-gaza\/"},"modified":"2025-08-11T02:41:04","modified_gmt":"2025-08-11T05:41:04","slug":"miles-de-personas-marchan-en-chile-para-denunciar-cientos-de-muertes-por-hambre-en-gaza","status":"publish","type":"post","link":"https:\/\/prensahoy.com\/index.php\/2025\/08\/11\/miles-de-personas-marchan-en-chile-para-denunciar-cientos-de-muertes-por-hambre-en-gaza\/","title":{"rendered":"Miles de personas marchan en Chile para denunciar cientos de muertes por hambre en Gaza"},"content":{"rendered":"<div>\n<p>Santiago de Chile, 9 ago (EFE).- Miles de personas marcharon este s\u00e1bado en Chile para denunciar las cientos de muertes por hambre que se han registrado en la Franja de Gaza, territorio devastado por la acci\u00f3n militar israel\u00ed y bloqueado para recibir la ayuda humanitaria que requiere. <\/p>\n<p>Pese a las bajas temperaturas que se registraron en la capital chilena esta ma\u00f1ana, los manifestantes llegaron en masa a la que fue caracterizada como: \u201cLa marcha de las ollas vac\u00edas\u201d, en referencia a la grave crisis alimentaria que se vive actualmente en el enclave palestino. <\/p>\n<p>\u2018Tu silencio te hace c\u00f3mplice. No m\u00e1s genocidio\u2019, rezaban algunos de los lienzos y carteles portados por los asistentes, que ti\u00f1eron de colores rojo, negro, blanco y verde la principal arteria de Santiago con cientos de carteles y demostraciones art\u00edsticas en favor del pueblo palestino. <\/p>\n<p>\u2018Chile no calla frente al hambre\u2019, \u2018Gaza duele, como duele la indiferencia de tantos\u2019, \u2018No habr\u00e1 perd\u00f3n ni olvido para los genocidas y sus c\u00f3mplices\u2019, se\u00f1alaban los afiches. <\/p>\n<p>Seg\u00fan cifras de organismos internacionales y las autoridades palestinas, el conflicto en la Franja acumula m\u00e1s de 61.000 personas asesinadas por el Ej\u00e9rcito israel\u00ed, adem\u00e1s de unas 200 que han fallecido debido a la hambruna durante los \u00faltimos d\u00edas. <\/p>\n<p>En enero de 2024, Chile, junto a M\u00e9xico, present\u00f3 ante el fiscal de la Corte Penal Internacional (CPI) una solicitud para que se investiguen probables cr\u00edmenes de guerra en el marco del conflicto entre Israel y Ham\u00e1s.<\/p>\n<p>Adem\u00e1s, en septiembre pasado, Chile se sum\u00f3 formalmente a la acusaci\u00f3n de genocidio contra Israel presentada por Sud\u00e1frica ante la Corte Internacional de Justicia, el m\u00e1ximo tribunal de las Naciones Unidas con sede en La Haya. <\/p>\n<p>La comunidad palestina en Chile es la m\u00e1s numerosa fuera del mundo \u00e1rabe, con cerca de 500.000 personas que han logrado integrarse de forma virtuosa en todos los sectores de la sociedad chilena.<\/p>\n<p>Chile reconoci\u00f3 a Palestina como un Estado \u201clibre, independiente y soberano\u201d en 2011, durante el primer Gobierno de Sebasti\u00e1n Pi\u00f1era.<\/p>\n<div class=\"sharedaddy sd-block sd-like jetpack-likes-widget-wrapper jetpack-likes-widget-unloaded\" id=\"like-post-wrapper-191987816-2534909-6899826f985d5\" data-src=\"https:\/\/widgets.wp.com\/likes\/?ver=14.9.1#blog_id=191987816&amp;post_id=2534909&amp;origin=quepasamedia.com&amp;obj_id=191987816-2534909-6899826f985d5\" data-name=\"like-post-frame-191987816-2534909-6899826f985d5\" data-title=\"Me gusta o Compartir\">\n<h3 class=\"sd-title\">Me gusta esto:<\/h3>\n<p><span class=\"button\"><span>Me gusta<\/span><\/span> <span class=\"loading\">Cargando&#8230;<\/span><\/p>\n<p><span class=\"sd-text-color\"\/><\/div>\n<p><h3 class=\"jp-relatedposts-headline\">Related<\/h3>\n<\/p><\/div>\n","protected":false},"excerpt":{"rendered":"<p>Santiago de Chile, 9 ago (EFE).- Miles de personas marcharon este s\u00e1bado en Chile para denunciar las cientos de muertes por hambre que se han registrado en la Franja de Gaza, territorio devastado por la acci\u00f3n militar israel\u00ed y bloqueado para recibir la ayuda humanitaria que requiere. Pese a las bajas temperaturas que se registraron [&hellip;]<\/p>\n","protected":false},"author":1,"featured_media":5621,"comment_status":"open","ping_status":"open","sticky":false,"template":"","format":"standard","meta":{"slim_seo":{"title":"Miles de personas marchan en Chile para denunciar cientos de muertes por hambre en Gaza - PrensaHoy.com- Noticias de Chile y el Mundo","description":"Santiago de Chile, 9 ago (EFE).- Miles de personas marcharon este s\u00e1bado en Chile para denunciar las cientos de muertes por hambre que se han registrado en la F"},"footnotes":""},"categories":[1],"tags":[38,2040,2670,119,2672,1402,769,2671,171,393,60],"class_list":["post-5620","post","type-post","status-publish","format-standard","has-post-thumbnail","hentry","category-sin-categoria","tag-chile","tag-cientos","tag-denunciar","tag-gaza","tag-hambre","tag-marchan","tag-miles","tag-muertes","tag-para","tag-personas","tag-por"],"_links":{"self":[{"href":"https:\/\/prensahoy.com\/index.php\/wp-json\/wp\/v2\/posts\/5620","targetHints":{"allow":["GET"]}}],"collection":[{"href":"https:\/\/prensahoy.com\/index.php\/wp-json\/wp\/v2\/posts"}],"about":[{"href":"https:\/\/prensahoy.com\/index.php\/wp-json\/wp\/v2\/types\/post"}],"author":[{"embeddable":true,"href":"https:\/\/prensahoy.com\/index.php\/wp-json\/wp\/v2\/users\/1"}],"replies":[{"embeddable":true,"href":"https:\/\/prensahoy.com\/index.php\/wp-json\/wp\/v2\/comments?post=5620"}],"version-history":[{"count":0,"href":"https:\/\/prensahoy.com\/index.php\/wp-json\/wp\/v2\/posts\/5620\/revisions"}],"wp:featuredmedia":[{"embeddable":true,"href":"https:\/\/prensahoy.com\/index.php\/wp-json\/wp\/v2\/media\/5621"}],"wp:attachment":[{"href":"https:\/\/prensahoy.com\/index.php\/wp-json\/wp\/v2\/media?parent=5620"}],"wp:term":[{"taxonomy":"category","embeddable":true,"href":"https:\/\/prensahoy.com\/index.php\/wp-json\/wp\/v2\/categories?post=5620"},{"taxonomy":"post_tag","embeddable":true,"href":"https:\/\/prensahoy.com\/index.php\/wp-json\/wp\/v2\/tags?post=5620"}],"curies":[{"name":"wp","href":"https:\/\/api.w.org\/{rel}","templated":true}]}}