{"id":5615,"date":"2025-08-09T02:32:10","date_gmt":"2025-08-09T05:32:10","guid":{"rendered":"https:\/\/prensahoy.com\/index.php\/2025\/08\/09\/cobre-refinado-de-chile-quedo-excluido-del-arancel-de-donald-trump\/"},"modified":"2025-08-09T02:32:10","modified_gmt":"2025-08-09T05:32:10","slug":"cobre-refinado-de-chile-quedo-excluido-del-arancel-de-donald-trump","status":"publish","type":"post","link":"https:\/\/prensahoy.com\/index.php\/2025\/08\/09\/cobre-refinado-de-chile-quedo-excluido-del-arancel-de-donald-trump\/","title":{"rendered":"Cobre refinado de Chile qued\u00f3 excluido del arancel de Donald Trump"},"content":{"rendered":"<div xmlns:default=\"http:\/\/www.w3.org\/2000\/svg\">\n<p>   El presidente de la estatal Corporaci\u00f3n Nacional del Cobre (Codelco), M\u00e1ximo Pacheco, asegur\u00f3 aqu\u00ed que la decisi\u00f3n permitir\u00e1 continuar abasteciendo a ese mercado.<\/p>\n<p>   \u201cEs una buena noticia para Chile, para Codelco y para nuestros clientes en Estados Unidos\u201d, dijo el funcionario.<\/p>\n<p>   Por su parte, el sitio Bloomberg se\u00f1al\u00f3 que la medida qued\u00f3 en un arancel universal a partir del 1 de agosto para productos de cobre semiterminados, lo cual deja fuera por ahora al metal rojo refinado.<\/p>\n<p>   Expertos en la materia advirtieron en estos d\u00edas que se trata de un mineral estrat\u00e9gico, en particular para las modernas tecnolog\u00edas y la industria militar, del cual la producci\u00f3n estadounidense no alcanza a satisfacer la demanda.<\/p>\n<p>   En 2024 ese pa\u00eds utiliz\u00f3 1,6 millones de toneladas m\u00e9tricas y de ese volumen import\u00f3 el 50,6 por ciento, siendo Chile el principal pa\u00eds de origen con 70,2 puntos porcentuales.<\/p>\n<p>arc\/car\/eam<\/p>\n<\/p><\/div>\n","protected":false},"excerpt":{"rendered":"<p>El presidente de la estatal Corporaci\u00f3n Nacional del Cobre (Codelco), M\u00e1ximo Pacheco, asegur\u00f3 aqu\u00ed que la decisi\u00f3n permitir\u00e1 continuar abasteciendo a ese mercado. \u201cEs una buena noticia para Chile, para Codelco y para nuestros clientes en Estados Unidos\u201d, dijo el funcionario. Por su parte, el sitio Bloomberg se\u00f1al\u00f3 que la medida qued\u00f3 en un arancel [&hellip;]<\/p>\n","protected":false},"author":1,"featured_media":5502,"comment_status":"open","ping_status":"open","sticky":false,"template":"","format":"standard","meta":{"slim_seo":{"title":"Cobre refinado de Chile qued\u00f3 excluido del arancel de Donald Trump - PrensaHoy.com- Noticias de Chile y el Mundo","description":"El presidente de la estatal Corporaci\u00f3n Nacional del Cobre (Codelco), M\u00e1ximo Pacheco, asegur\u00f3 aqu\u00ed que la decisi\u00f3n permitir\u00e1 continuar abasteciendo a ese mercad"},"footnotes":""},"categories":[1],"tags":[2447,38,390,51,732,2660,2498,2659,91],"class_list":["post-5615","post","type-post","status-publish","format-standard","has-post-thumbnail","hentry","category-sin-categoria","tag-arancel","tag-chile","tag-cobre","tag-del","tag-donald","tag-excluido","tag-quedo","tag-refinado","tag-trump"],"_links":{"self":[{"href":"https:\/\/prensahoy.com\/index.php\/wp-json\/wp\/v2\/posts\/5615","targetHints":{"allow":["GET"]}}],"collection":[{"href":"https:\/\/prensahoy.com\/index.php\/wp-json\/wp\/v2\/posts"}],"about":[{"href":"https:\/\/prensahoy.com\/index.php\/wp-json\/wp\/v2\/types\/post"}],"author":[{"embeddable":true,"href":"https:\/\/prensahoy.com\/index.php\/wp-json\/wp\/v2\/users\/1"}],"replies":[{"embeddable":true,"href":"https:\/\/prensahoy.com\/index.php\/wp-json\/wp\/v2\/comments?post=5615"}],"version-history":[{"count":0,"href":"https:\/\/prensahoy.com\/index.php\/wp-json\/wp\/v2\/posts\/5615\/revisions"}],"wp:featuredmedia":[{"embeddable":true,"href":"https:\/\/prensahoy.com\/index.php\/wp-json\/wp\/v2\/media\/5502"}],"wp:attachment":[{"href":"https:\/\/prensahoy.com\/index.php\/wp-json\/wp\/v2\/media?parent=5615"}],"wp:term":[{"taxonomy":"category","embeddable":true,"href":"https:\/\/prensahoy.com\/index.php\/wp-json\/wp\/v2\/categories?post=5615"},{"taxonomy":"post_tag","embeddable":true,"href":"https:\/\/prensahoy.com\/index.php\/wp-json\/wp\/v2\/tags?post=5615"}],"curies":[{"name":"wp","href":"https:\/\/api.w.org\/{rel}","templated":true}]}}