{"id":5539,"date":"2025-07-21T23:07:38","date_gmt":"2025-07-22T02:07:38","guid":{"rendered":"https:\/\/prensahoy.com\/index.php\/2025\/07\/21\/el-dilema-de-chile-a-meses-de-las-presidenciales\/"},"modified":"2025-07-21T23:07:38","modified_gmt":"2025-07-22T02:07:38","slug":"el-dilema-de-chile-a-meses-de-las-presidenciales","status":"publish","type":"post","link":"https:\/\/prensahoy.com\/index.php\/2025\/07\/21\/el-dilema-de-chile-a-meses-de-las-presidenciales\/","title":{"rendered":"el dilema de Chile a meses de las presidenciales"},"content":{"rendered":"<div>\n<p>Santiago de Chile, 16 jul (EFE).- Chile, uno de los pa\u00edses con mayor flexibilidad para permitir el voto de los extranjeros, se encuentra inmerso en un debate en el que tanto izquierda como derecha han sacado la calculadora electoral: limitar o no este derecho a cuatro meses de los comicios que decidir\u00e1n al sucesor del presidente, Gabriel Boric.<\/p>\n<p>Los extranjeros no nacionalizados que lleven m\u00e1s de cinco a\u00f1os viviendo en Chile pueden votar en cualquier tipo de elecci\u00f3n, independiente de si tienen visa de residencia definitiva o temporal, a diferencia de la mayor\u00eda de los pa\u00edses de la regi\u00f3n y del mundo.<\/p>\n<p>&#8220;Chile es una anomal\u00eda. Tanto es as\u00ed que extranjeros que tienen una visa de residencia temporal y ya se fueron (de Chile), podr\u00edan volver y votar&#8221;, dijo esta semana en rueda de prensa la portavoz del Gobierno, Camila Vallejo.<\/p>\n<p>Seg\u00fan el Instituto Internacional para la Democracia y la Asistencia Electoral (IDEA), solo Ecuador, Uruguay, Nueva Zelanda y Malawi tienen legislaciones parecidas a la chilena.<\/p>\n<p>La t\u00f3nica general es permitir a la poblaci\u00f3n extranjera sin ciudadan\u00eda participar solo en elecciones locales o regionales, aunque hay pa\u00edses como Costa Rica o M\u00e9xico que reservan el derecho exclusivamente a sus ciudadanos.<\/p>\n<p>Instaurado por Pinochet<\/p>\n<p>Consagrado en el art\u00edculo 14 de la Constituci\u00f3n, el sufragio extranjero se instaur\u00f3 durante la dictadura de Augusto Pinochet (1973-1990) como un reconocimiento a los migrantes europeos que llegaron a principios de siglo y que no se nacionalizaban para no perder sus v\u00ednculos con sus pa\u00edses de origen.<\/p>\n<p>&#8220;El contexto de la \u00e9poca es muy distinto al actual y los niveles de flujos migratorios hoy en d\u00eda son absolutamente mayores&#8221;, indic\u00f3 a EFE Sebasti\u00e1n Salazar, coordinador acad\u00e9mico del N\u00facleo Constitucional de la Universidad Alberto Hurtado.<\/p>\n<p>Por su estabilidad pol\u00edtica y econ\u00f3mica, Chile se ha convertido en los \u00faltimos a\u00f1os en destino para miles de migrantes, especialmente latinoamericanos.<\/p>\n<p>Actualmente, viven en el pa\u00eds cerca de 1,6 millones de extranjeros (9 % de la poblaci\u00f3n total), el doble que en 2017.<\/p>\n<p>De ellos, 786.470 pudieron votar en las municipales y regionales de 2024, siendo los peruanos (191.383) y los venezolanos (174.851) los m\u00e1s numerosos.<\/p>\n<p>&#8220;Desde al menos el 2015 ya se advert\u00edan de los nudos cr\u00edticos que vendr\u00edan del fen\u00f3meno migratorio y no se cuestion\u00f3 la norma, lo cual efectivamente denota cierta ceguera del mundo pol\u00edtico, pero tambi\u00e9n lo instrumental de la preocupaci\u00f3n actual&#8221;, indic\u00f3 a EFE Mar\u00eda Asunci\u00f3n Poblete, investigadora del Instituto de Estudios de la Sociedad (IES).<\/p>\n<p>Calculadora electoral<\/p>\n<p>Los cuestionamientos al sufragio migrante empezaron a surgir a ra\u00edz del reestablecimiento del voto obligatorio en 2022 y a medida que los migrantes iban ganando peso en el padr\u00f3n electoral.<\/p>\n<p>Para la primera vuelta presidencial del 16 de noviembre, se calcula que el padr\u00f3n electoral de extranjeros roce el mill\u00f3n (el 6 % del total), ya que incluir\u00e1 a miles de venezolanos que llegaron antes de la pandemia, alentados por las facilidades que otorg\u00f3 el expresidente conservador Sebasti\u00e1n Pi\u00f1era.<\/p>\n<p>Tanto la izquierda como la derecha se acusan mutuamente estos d\u00edas de instrumentalizar la discusi\u00f3n con fines electorales y han protagonizado acaloradas discusiones en el Parlamento, donde hay varias iniciativas sobre el tema.<\/p>\n<p>El Gobierno trat\u00f3 en marzo, sin \u00e9xito, de limitar el voto extranjero a elecciones locales y ahora busca eximir a los migrantes de las multas por no votar en las presidenciales, lo que desalentar\u00eda su participaci\u00f3n, seg\u00fan expertos.<\/p>\n<p>&#8220;El voto extranjero hoy en d\u00eda perjudica al oficialismo y beneficia a la oposici\u00f3n, principalmente a las versiones m\u00e1s radicales y extremas. La migraci\u00f3n peruana y colombiana, que antes era la mayoritaria, repart\u00eda sus apoyos de manera m\u00e1s transversal entre todo el arco pol\u00edtico que la venezolana&#8221;, destac\u00f3 Salazar.<\/p>\n<p>En el \u00faltimo sondeo Panel Ciudadano-UDD sobre el voto migrante, el ultraderechista Jos\u00e9 Antonio Kast se impuso con el 28 %, seguido de Evelyn Mathhei, de la derecha tradicional de Chile Vamos (19 %).<\/p>\n<p>M\u00e1s de un 43 % declar\u00f3, adem\u00e1s, que jam\u00e1s votar\u00eda por Jeannete Jara, la exministra de Boric y candidata de toda la izquierda.<\/p>\n<p>&#8220;Hoy en d\u00eda, los extranjeros en Chile pueden definir una elecci\u00f3n, especialmente los venezolanos que son muy pol\u00edticos. Eso no pasa en ning\u00fan lugar del mundo&#8221;, asegur\u00f3 a EFE Axel Call\u00eds, director de la encuestador T\u00fa Influyes.<\/p>\n<p>En otros pa\u00edses donde pueden votar, agreg\u00f3 el soci\u00f3logo, los extranjeros tienen que hacer ciertos tr\u00e1mites para poder ejercer el sufragio: &#8220;En Chile, no solo se les obliga a votar, sino que se les inscribe autom\u00e1ticamente en el padr\u00f3n. M\u00e1s que una anomal\u00eda, es una aberraci\u00f3n&#8221;.<\/p>\n<p>Mar\u00eda M.Mur<\/p>\n<p>(c) Agencia EFE<\/p>\n<\/div>\n","protected":false},"excerpt":{"rendered":"<p>Santiago de Chile, 16 jul (EFE).- Chile, uno de los pa\u00edses con mayor flexibilidad para permitir el voto de los extranjeros, se encuentra inmerso en un debate en el que tanto izquierda como derecha han sacado la calculadora electoral: limitar o no este derecho a cuatro meses de los comicios que decidir\u00e1n al sucesor del [&hellip;]<\/p>\n","protected":false},"author":1,"featured_media":5540,"comment_status":"open","ping_status":"open","sticky":false,"template":"","format":"standard","meta":{"slim_seo":{"title":"el dilema de Chile a meses de las presidenciales - PrensaHoy.com- Noticias de Chile y el Mundo","description":"Santiago de Chile, 16 jul (EFE).- Chile, uno de los pa\u00edses con mayor flexibilidad para permitir el voto de los extranjeros, se encuentra inmerso en un debate en"},"footnotes":""},"categories":[1],"tags":[38,2509,102,2510,2380],"class_list":["post-5539","post","type-post","status-publish","format-standard","has-post-thumbnail","hentry","category-sin-categoria","tag-chile","tag-dilema","tag-las","tag-meses","tag-presidenciales"],"_links":{"self":[{"href":"https:\/\/prensahoy.com\/index.php\/wp-json\/wp\/v2\/posts\/5539","targetHints":{"allow":["GET"]}}],"collection":[{"href":"https:\/\/prensahoy.com\/index.php\/wp-json\/wp\/v2\/posts"}],"about":[{"href":"https:\/\/prensahoy.com\/index.php\/wp-json\/wp\/v2\/types\/post"}],"author":[{"embeddable":true,"href":"https:\/\/prensahoy.com\/index.php\/wp-json\/wp\/v2\/users\/1"}],"replies":[{"embeddable":true,"href":"https:\/\/prensahoy.com\/index.php\/wp-json\/wp\/v2\/comments?post=5539"}],"version-history":[{"count":0,"href":"https:\/\/prensahoy.com\/index.php\/wp-json\/wp\/v2\/posts\/5539\/revisions"}],"wp:featuredmedia":[{"embeddable":true,"href":"https:\/\/prensahoy.com\/index.php\/wp-json\/wp\/v2\/media\/5540"}],"wp:attachment":[{"href":"https:\/\/prensahoy.com\/index.php\/wp-json\/wp\/v2\/media?parent=5539"}],"wp:term":[{"taxonomy":"category","embeddable":true,"href":"https:\/\/prensahoy.com\/index.php\/wp-json\/wp\/v2\/categories?post=5539"},{"taxonomy":"post_tag","embeddable":true,"href":"https:\/\/prensahoy.com\/index.php\/wp-json\/wp\/v2\/tags?post=5539"}],"curies":[{"name":"wp","href":"https:\/\/api.w.org\/{rel}","templated":true}]}}