{"id":5497,"date":"2025-07-11T21:42:54","date_gmt":"2025-07-12T00:42:54","guid":{"rendered":"https:\/\/prensahoy.com\/index.php\/2025\/07\/11\/chile-a-la-espera-de-la-comunicacion-oficial-del-arancel-al-cobre-para-evaluar-impacto\/"},"modified":"2025-07-11T21:42:54","modified_gmt":"2025-07-12T00:42:54","slug":"chile-a-la-espera-de-la-comunicacion-oficial-del-arancel-al-cobre-para-evaluar-impacto","status":"publish","type":"post","link":"https:\/\/prensahoy.com\/index.php\/2025\/07\/11\/chile-a-la-espera-de-la-comunicacion-oficial-del-arancel-al-cobre-para-evaluar-impacto\/","title":{"rendered":"Chile, a la espera de la comunicaci\u00f3n oficial del arancel al cobre para evaluar impacto"},"content":{"rendered":"<div>\n<p>Santiago de Chile, 9 jul (EFE).- El Gobierno de Chile est\u00e1 a la espera de que la Administraci\u00f3n estadounidense emita la orden ejecutiva que oficializa el arancel del 50 % al cobre para evaluar los impactos de la medida y, en ese caso, buscar mercados alternativos para la principal exportaci\u00f3n del pa\u00eds suramericano, dijo este mi\u00e9rcoles el canciller chileno, Alberto van Klaveren.<\/p>\n<p>&#8220;Estos anuncios no tienen todav\u00eda una un reflejo en una orden ejecutiva, que es lo que normalmente sucede cuando se aplican medidas de car\u00e1cter arancelario&#8221;, indic\u00f3 el ministro en rueda de prensa.<\/p>\n<p>Chile, el mayor productor de cobre del mundo, env\u00eda a Estados Unidos el 11,3 % de su producci\u00f3n anual, lo que equivale aproximadamente a 500.000 toneladas.<\/p>\n<p>El 70 % del cobre que Chile env\u00eda a EEUU es producido por la estatal Codelco, la mayor cupr\u00edfera del mundo, y la gran mayor\u00eda corresponde a c\u00e1todos y secciones de c\u00e1todos de cobre refinado.<\/p>\n<p>El canciller asegur\u00f3 que &#8220;Chile es el principal abastecedor de cobre a Estados Unidos&#8221;, pero que el pa\u00eds norteamericano tambi\u00e9n importa de Canad\u00e1, M\u00e9xico, Per\u00fa y Rep\u00fablica Democr\u00e1tica del Congo, entre otros.<\/p>\n<p>&#8220;No es una medida dirigida contra Chile espec\u00edficamente, pero obviamente estas medidas nos preocupan&#8221;, agreg\u00f3.<\/p>\n<p>El presidente estadounidense, Donald Trump, en su reuni\u00f3n de gabinete el martes, comunic\u00f3 sin precisar los detalles ese nuevo gravamen para el cobre, que sigue a los similares aplicados ya para el acero y el aluminio.<\/p>\n<p>El secretario de Comercio, Howard Lutnick, dijo el martes en CNBC que los nuevos aranceles entrar\u00e1n en vigor el 1 de agosto o incluso antes.<\/p>\n<p>La Administraci\u00f3n Trump hab\u00eda se\u00f1alado hace meses que estaban preparando aranceles para el cobre, pero hasta ayer no hab\u00eda detalles sobre la magnitud de los aranceles.<\/p>\n<p>&#8220;Chile, obviamente, va a encontrar mercados para su cobre. De eso no hay ninguna duda. El mundo necesita cobre porque el cobre es esencial para la transici\u00f3n energ\u00e9tica y Estados Unidos va a seguir necesitando cobre b\u00e1sicamente porque no tiene la capacidad de reemplazar lo que est\u00e1 importando de Chile o de otros pa\u00edses&#8221;, agreg\u00f3 el canciller.<\/p>\n<p>Actualmente, Chile lleva adelante conversaciones con la Oficina del Representante Comercial de Estados Unidos (USTR, por su sigla en ingl\u00e9s) sobre el arancel general impuesto del 10 % y podr\u00eda aprovechar la instancia para solicitar quedar exento de la imposici\u00f3n a aranceles al cobre.<\/p>\n<p>Horas antes, en declaraciones a los periodistas, el presidente Gabriel Boric asegur\u00f3 que su Gobierno actuar\u00e1 con &#8220;cautela y responsabilidad&#8221; en el caso de que finalmente se confirme el arancel.<\/p>\n<p>(c) Agencia EFE<\/p>\n<\/div>\n","protected":false},"excerpt":{"rendered":"<p>Santiago de Chile, 9 jul (EFE).- El Gobierno de Chile est\u00e1 a la espera de que la Administraci\u00f3n estadounidense emita la orden ejecutiva que oficializa el arancel del 50 % al cobre para evaluar los impactos de la medida y, en ese caso, buscar mercados alternativos para la principal exportaci\u00f3n del pa\u00eds suramericano, dijo este [&hellip;]<\/p>\n","protected":false},"author":1,"featured_media":5498,"comment_status":"open","ping_status":"open","sticky":false,"template":"","format":"standard","meta":{"slim_seo":{"title":"Chile, a la espera de la comunicaci\u00f3n oficial del arancel al cobre para evaluar impacto - PrensaHoy.com- Noticias de Chile y el Mundo","description":"Santiago de Chile, 9 jul (EFE).- El Gobierno de Chile est\u00e1 a la espera de que la Administraci\u00f3n estadounidense emita la orden ejecutiva que oficializa el arance"},"footnotes":""},"categories":[1],"tags":[2447,38,390,1765,51,2421,2448,1457,2235,171],"class_list":["post-5497","post","type-post","status-publish","format-standard","has-post-thumbnail","hentry","category-sin-categoria","tag-arancel","tag-chile","tag-cobre","tag-comunicacion","tag-del","tag-espera","tag-evaluar","tag-impacto","tag-oficial","tag-para"],"_links":{"self":[{"href":"https:\/\/prensahoy.com\/index.php\/wp-json\/wp\/v2\/posts\/5497","targetHints":{"allow":["GET"]}}],"collection":[{"href":"https:\/\/prensahoy.com\/index.php\/wp-json\/wp\/v2\/posts"}],"about":[{"href":"https:\/\/prensahoy.com\/index.php\/wp-json\/wp\/v2\/types\/post"}],"author":[{"embeddable":true,"href":"https:\/\/prensahoy.com\/index.php\/wp-json\/wp\/v2\/users\/1"}],"replies":[{"embeddable":true,"href":"https:\/\/prensahoy.com\/index.php\/wp-json\/wp\/v2\/comments?post=5497"}],"version-history":[{"count":0,"href":"https:\/\/prensahoy.com\/index.php\/wp-json\/wp\/v2\/posts\/5497\/revisions"}],"wp:featuredmedia":[{"embeddable":true,"href":"https:\/\/prensahoy.com\/index.php\/wp-json\/wp\/v2\/media\/5498"}],"wp:attachment":[{"href":"https:\/\/prensahoy.com\/index.php\/wp-json\/wp\/v2\/media?parent=5497"}],"wp:term":[{"taxonomy":"category","embeddable":true,"href":"https:\/\/prensahoy.com\/index.php\/wp-json\/wp\/v2\/categories?post=5497"},{"taxonomy":"post_tag","embeddable":true,"href":"https:\/\/prensahoy.com\/index.php\/wp-json\/wp\/v2\/tags?post=5497"}],"curies":[{"name":"wp","href":"https:\/\/api.w.org\/{rel}","templated":true}]}}