{"id":5493,"date":"2025-07-11T09:40:39","date_gmt":"2025-07-11T12:40:39","guid":{"rendered":"https:\/\/prensahoy.com\/index.php\/2025\/07\/11\/estatus-de-la-calidad-del-aire-en-coyhaique-este-10-de-julio-de-2025\/"},"modified":"2025-07-11T09:40:39","modified_gmt":"2025-07-11T12:40:39","slug":"estatus-de-la-calidad-del-aire-en-coyhaique-este-10-de-julio-de-2025","status":"publish","type":"post","link":"https:\/\/prensahoy.com\/index.php\/2025\/07\/11\/estatus-de-la-calidad-del-aire-en-coyhaique-este-10-de-julio-de-2025\/","title":{"rendered":"Estatus de la calidad del aire en Coyhaique este 10 de julio de 2025"},"content":{"rendered":"<div xmlns:default=\"http:\/\/www.w3.org\/2000\/svg\">\n<div class=\"visual__image image-initial-width\"><figcaption class=\"article-figcaption-img\">Chile ha implementado una serie de medidas para mejorar la calidad del aire. (Infobae\/Jovani P\u00e9rez)<\/figcaption><\/div>\n<p class=\"paragraph\">En el Informe Mundial sobre la Calidad del Aire 2024 elaborado por IQAir, empresa suiza especializada en tecnolog\u00eda para la calidad del aire, Chile destaca negativamente en las conclusiones, ubic\u00e1ndose en el puesto 62 de 138 pa\u00edses por contaminaci\u00f3n con material particulado fino (PM2.5) y es el pa\u00eds con m\u00e1s ciudades altamente contaminadas en la regi\u00f3n de Sudam\u00e9rica y el Caribe.<\/p>\n<p class=\"paragraph\">De las 15 ciudades m\u00e1s contaminadas de dicha regi\u00f3n, seis se encuentran en Chile y son las siguientes: Coyhaique, Pitrufqu\u00e9n, Nacimiento, Victoria, Osorno y Padre Las Casas. Adem\u00e1s, la contaminaci\u00f3n se atribuye principalmente a la quema de combustibles f\u00f3siles, le\u00f1a, deforestaci\u00f3n, incendios forestales, emisiones vehiculares e industrias extractivas, adem\u00e1s del impacto del cambio clim\u00e1tico que agrava la situaci\u00f3n.<\/p>\n<p class=\"paragraph\">Por otro lado, aunque la concentraci\u00f3n promedio anual de PM2.5 en el pa\u00eds ha disminuido ligeramente de 18.8 \u00b5g\/m\u00b3 en 2023 a 16.6 \u00b5g\/m\u00b3 en 2024, sigue estando muy por encima del l\u00edmite recomendado por la OMS, el cual es (5 \u00b5g\/m\u00b3).<\/p>\n<p class=\"paragraph\">Calefacci\u00f3n: prohibici\u00f3n de uso de calefactores a le\u00f1a (excepto pellets) en la provincia de Santiago y las comunas de San Bernardo y Puente Alto.Control de humos visibles a calefactores.<\/p>\n<p class=\"paragraph\">Autom\u00f3vil: restricci\u00f3n permanente a veh\u00edculos sin sello verde al interior del Anillo Am\u00e9rico Vespucio y restricci\u00f3n de cuatro d\u00edgitos fuera del Anillo Am\u00e9rico Vespucio, de lunes a viernes.Restricci\u00f3n permanente a veh\u00edculos con sello verde (dos d\u00edgitos), inscritos antes del 1 de septiembre de 2011, de lunes a viernes.<\/p>\n<p class=\"paragraph\">Motocicletas: restricci\u00f3n permanente a motos (dos d\u00edgitos), inscritas antes del 1 de septiembre de 2010, de lunes a viernes.<\/p>\n<p class=\"paragraph\">Camiones: restricci\u00f3n a transporte de carga, sin sello verde, de cuatro d\u00edgitos, de lunes a viernes.<\/p>\n<p class=\"paragraph\">Fuentes Fijas: no aplica.<\/p>\n<p class=\"paragraph\">Le\u00f1a Seca: prohibici\u00f3n de quemas agr\u00edcolas en toda la regi\u00f3n metropolitana, entre el 15 de marzo y el 30 de septiembre.<\/p>\n<p class=\"paragraph\">Actividad F\u00edsica: no aplica.<\/p>\n<p class=\"paragraph\">\u00cdndice de Calidad del Aire referido a Part\u00edculas (ICAP) seg\u00fan D.S. N\u00ba 59\/1998 del Ministerio Secretar\u00eda General de la Presidencia de la Rep\u00fablica (MINSEGPRES) que establece la Norma de Calidad Primaria para Material Particulado Respirable MP10 y en especial los niveles que definen situaciones de Emergencia Ambiental.<\/p>\n<p class=\"paragraph\">Buena: 0 \u2013 99<\/p>\n<p class=\"paragraph\">Regular: 100 \u2013 199<\/p>\n<p class=\"paragraph\">Alerta: 200 \u2013 299<\/p>\n<p class=\"paragraph\">Pre-emergencia: 300 \u2013 499<\/p>\n<p class=\"paragraph\">Emergencia: 500 \u2013 superior<\/p>\n<p class=\"paragraph\">Las MP10 o part\u00edculas gruesas, llamadas tambi\u00e9n como part\u00edculas inhalables, son las part\u00edculas menores a 10 micr\u00f3metros pero m\u00e1s grandes que 2.5 micr\u00f3metros de di\u00e1metro que se encuentran en el aire y pueden ser generadas tanto por fuentes m\u00f3viles como estacionarias, de manera natural o antropog\u00e9nica, asociadas por lo general a la combusti\u00f3n no controlada y procesos de combusti\u00f3n en veh\u00edculos, industrias de fundici\u00f3n, pinturas, cer\u00e1mica y plantas de energ\u00eda.<\/p>\n<p class=\"paragraph\">Se recomienda en d\u00edas de pre-emergencia y emergencia ambiental el uso de mascarillas en adultos mayores, ni\u00f1os, embarazadas y enfermos cr\u00f3nicos.<\/p>\n<p class=\"paragraph\">Preferir el transporte p\u00fablico y\/o compartir auto.<\/p>\n<p class=\"paragraph\">Mantener los veh\u00edculos con la revisi\u00f3n de gases al d\u00eda y cambiar el aceite del motor antes de su vencimiento.<\/p>\n<p class=\"paragraph\">No fumar al interior de la casa, lugar de trabajo o estudio.<\/p>\n<p class=\"paragraph\">Al comprar un calefactor, cerciorarse que est\u00e9 certificado en cuanto a emisiones, eficiencia energ\u00e9tica y seguridad.<\/p>\n<p class=\"paragraph\">No quemar hojas ni basura.<\/p>\n<p class=\"paragraph\">Denunciar a quienes no respeten las medidas adoptadas para los d\u00edas de alerta, pre-emergencia y emergencia.<\/p>\n<p class=\"paragraph\">Realizar mantenimiento a los calefactores con la periodicidad indicada por el fabricante.<\/p>\n<p class=\"paragraph\">Uso adecuado de calefactores<\/p>\n<p class=\"paragraph\">Usar siempre le\u00f1a seca (menor a 25% de humedad), distribuida por comerciantes establecidos.<\/p>\n<p class=\"paragraph\">Usar siempre le\u00f1a picada, no quemar troncos enteros.<\/p>\n<p class=\"paragraph\">En calefactores a le\u00f1a, iniciar el fuego s\u00f3lo con papel y astillas secas.<\/p>\n<p class=\"paragraph\">En calefactores a le\u00f1a, mantener el tiraje completamente abierto durante al menos 10 minutos despu\u00e9s de iniciar el fuego o efectuar una recarga de le\u00f1a.<\/p>\n<p class=\"paragraph\">Revisar constantemente la salida de humo por el ca\u00f1\u00f3n de su calefactor o cocina a le\u00f1a. Si es visible, abrir el tiraje de su calefactor para mantener una llama viva. Nunca cerrar completamente el tiraje de su calefactor.<\/p>\n<p class=\"paragraph\">Evitar que en su ca\u00f1\u00f3n se forme una capa de creosota y holl\u00edn, ya que aumenta el riesgo de inflamaci\u00f3n, disminuye la capacidad de calefacci\u00f3n y su estufa contamina m\u00e1s.<\/p>\n<p class=\"paragraph\">Si es posible, cambiar el calefactor antiguo por uno de menores emisiones y mayor eficiencia.<\/p>\n<p class=\"paragraph\">Privilegiar el uso de combustibles alternativos como: gas, electricidad, briquetas, derivados del petr\u00f3leo, pellet, entre otros.<\/p>\n<p class=\"paragraph\">Todos los comerciantes de le\u00f1a deben contar con patente municipal, documentaci\u00f3n tributaria y forestal, que acredite el origen l\u00edcito de la le\u00f1a.<\/p>\n<p class=\"paragraph\">Exija su boleta al momento de comprar le\u00f1a. Con ella puede hacer valer su derecho como consumidor al cambio del producto o la devoluci\u00f3n del dinero si no queda conforme con la compra.<\/p>\n<\/div>\n","protected":false},"excerpt":{"rendered":"<p>Chile ha implementado una serie de medidas para mejorar la calidad del aire. (Infobae\/Jovani P\u00e9rez) En el Informe Mundial sobre la Calidad del Aire 2024 elaborado por IQAir, empresa suiza especializada en tecnolog\u00eda para la calidad del aire, Chile destaca negativamente en las conclusiones, ubic\u00e1ndose en el puesto 62 de 138 pa\u00edses por contaminaci\u00f3n con [&hellip;]<\/p>\n","protected":false},"author":1,"featured_media":5494,"comment_status":"open","ping_status":"open","sticky":false,"template":"","format":"standard","meta":{"slim_seo":{"title":"Estatus de la calidad del aire en Coyhaique este 10 de julio de 2025 - PrensaHoy.com- Noticias de Chile y el Mundo","description":"Chile ha implementado una serie de medidas para mejorar la calidad del aire. (Infobae\/Jovani P\u00e9rez) En el Informe Mundial sobre la Calidad del Aire 2024 elabora"},"footnotes":""},"categories":[1],"tags":[1715,1714,2445,51,2444,53,2398],"class_list":["post-5493","post","type-post","status-publish","format-standard","has-post-thumbnail","hentry","category-sin-categoria","tag-aire","tag-calidad","tag-coyhaique","tag-del","tag-estatus","tag-este","tag-julio"],"_links":{"self":[{"href":"https:\/\/prensahoy.com\/index.php\/wp-json\/wp\/v2\/posts\/5493","targetHints":{"allow":["GET"]}}],"collection":[{"href":"https:\/\/prensahoy.com\/index.php\/wp-json\/wp\/v2\/posts"}],"about":[{"href":"https:\/\/prensahoy.com\/index.php\/wp-json\/wp\/v2\/types\/post"}],"author":[{"embeddable":true,"href":"https:\/\/prensahoy.com\/index.php\/wp-json\/wp\/v2\/users\/1"}],"replies":[{"embeddable":true,"href":"https:\/\/prensahoy.com\/index.php\/wp-json\/wp\/v2\/comments?post=5493"}],"version-history":[{"count":0,"href":"https:\/\/prensahoy.com\/index.php\/wp-json\/wp\/v2\/posts\/5493\/revisions"}],"wp:featuredmedia":[{"embeddable":true,"href":"https:\/\/prensahoy.com\/index.php\/wp-json\/wp\/v2\/media\/5494"}],"wp:attachment":[{"href":"https:\/\/prensahoy.com\/index.php\/wp-json\/wp\/v2\/media?parent=5493"}],"wp:term":[{"taxonomy":"category","embeddable":true,"href":"https:\/\/prensahoy.com\/index.php\/wp-json\/wp\/v2\/categories?post=5493"},{"taxonomy":"post_tag","embeddable":true,"href":"https:\/\/prensahoy.com\/index.php\/wp-json\/wp\/v2\/tags?post=5493"}],"curies":[{"name":"wp","href":"https:\/\/api.w.org\/{rel}","templated":true}]}}