{"id":5481,"date":"2025-07-08T21:26:42","date_gmt":"2025-07-09T00:26:42","guid":{"rendered":"https:\/\/prensahoy.com\/index.php\/2025\/07\/08\/denuncian-en-chile-tala-ilegal-de-arboles-centenarios\/"},"modified":"2025-07-08T21:26:42","modified_gmt":"2025-07-09T00:26:42","slug":"denuncian-en-chile-tala-ilegal-de-arboles-centenarios","status":"publish","type":"post","link":"https:\/\/prensahoy.com\/index.php\/2025\/07\/08\/denuncian-en-chile-tala-ilegal-de-arboles-centenarios\/","title":{"rendered":"Denuncian en Chile tala ilegal de \u00e1rboles centenarios"},"content":{"rendered":"<div xmlns:default=\"http:\/\/www.w3.org\/2000\/svg\">\n<p>   Las autoridades indicaron que el hecho ocurri\u00f3 en la Reserva Nacional Katalalixar asentada en la comuna de Tortel, regi\u00f3n de Ays\u00e9n, y algunos de los ejemplares cortados ten\u00edan m\u00e1s de 500 a\u00f1os.<\/p>\n<p>   El cipr\u00e9s de las Guaitecas (pilgerodendrun uviferum) es la con\u00edfera m\u00e1s austral del mundo y s\u00f3lo se encuentra en la Patagonia, compartida entre Argentina y Chile.<\/p>\n<p>   Forma parte de los bosques templados australes y por sus caracter\u00edsticas, como su capacidad de colonizar terrenos accidentados y su gran resistencia a las bajas temperaturas, contribuye a la biodiversidad y estructuras de estos ecosistemas.<\/p>\n<p>   Incluso es capaz de resistir durante largos per\u00edodos bajo la nieve y forma parte de la identidad cultural de las comunidades originarias presentes en la zona.<\/p>\n<p>   Tras recibir la denuncia, la Conaf realiz\u00f3 una inspecci\u00f3n y constat\u00f3 la tala il\u00edcita de 75 \u00e1rboles, de los cuales 60 son cipreses de las Guaitecas y el resto pertenecen a las denominadas especies siempreverdes.<\/p>\n<p>   El caso qued\u00f3 en manos de la fiscal\u00eda y la Polic\u00eda de Investigaciones para dar con los responsables.<\/p>\n<p>   Adem\u00e1s de la depredaci\u00f3n humana, estas con\u00edferas est\u00e1n expuestas a los da\u00f1os del cambio clim\u00e1tico, que modifica las condiciones del medio ambiente, as\u00ed como a los desastres ocasionados por los incendios forestales.<\/p>\n<p>ro\/car\/eam<\/p>\n<\/p><\/div>\n","protected":false},"excerpt":{"rendered":"<p>Las autoridades indicaron que el hecho ocurri\u00f3 en la Reserva Nacional Katalalixar asentada en la comuna de Tortel, regi\u00f3n de Ays\u00e9n, y algunos de los ejemplares cortados ten\u00edan m\u00e1s de 500 a\u00f1os. El cipr\u00e9s de las Guaitecas (pilgerodendrun uviferum) es la con\u00edfera m\u00e1s austral del mundo y s\u00f3lo se encuentra en la Patagonia, compartida entre [&hellip;]<\/p>\n","protected":false},"author":1,"featured_media":5482,"comment_status":"open","ping_status":"open","sticky":false,"template":"","format":"standard","meta":{"slim_seo":{"title":"Denuncian en Chile tala ilegal de \u00e1rboles centenarios - PrensaHoy.com- Noticias de Chile y el Mundo","description":"Las autoridades indicaron que el hecho ocurri\u00f3 en la Reserva Nacional Katalalixar asentada en la comuna de Tortel, regi\u00f3n de Ays\u00e9n, y algunos de los ejemplares"},"footnotes":""},"categories":[1],"tags":[2176,2414,38,589,2413,2412],"class_list":["post-5481","post","type-post","status-publish","format-standard","has-post-thumbnail","hentry","category-sin-categoria","tag-arboles","tag-centenarios","tag-chile","tag-denuncian","tag-ilegal","tag-tala"],"_links":{"self":[{"href":"https:\/\/prensahoy.com\/index.php\/wp-json\/wp\/v2\/posts\/5481","targetHints":{"allow":["GET"]}}],"collection":[{"href":"https:\/\/prensahoy.com\/index.php\/wp-json\/wp\/v2\/posts"}],"about":[{"href":"https:\/\/prensahoy.com\/index.php\/wp-json\/wp\/v2\/types\/post"}],"author":[{"embeddable":true,"href":"https:\/\/prensahoy.com\/index.php\/wp-json\/wp\/v2\/users\/1"}],"replies":[{"embeddable":true,"href":"https:\/\/prensahoy.com\/index.php\/wp-json\/wp\/v2\/comments?post=5481"}],"version-history":[{"count":0,"href":"https:\/\/prensahoy.com\/index.php\/wp-json\/wp\/v2\/posts\/5481\/revisions"}],"wp:featuredmedia":[{"embeddable":true,"href":"https:\/\/prensahoy.com\/index.php\/wp-json\/wp\/v2\/media\/5482"}],"wp:attachment":[{"href":"https:\/\/prensahoy.com\/index.php\/wp-json\/wp\/v2\/media?parent=5481"}],"wp:term":[{"taxonomy":"category","embeddable":true,"href":"https:\/\/prensahoy.com\/index.php\/wp-json\/wp\/v2\/categories?post=5481"},{"taxonomy":"post_tag","embeddable":true,"href":"https:\/\/prensahoy.com\/index.php\/wp-json\/wp\/v2\/tags?post=5481"}],"curies":[{"name":"wp","href":"https:\/\/api.w.org\/{rel}","templated":true}]}}