{"id":5439,"date":"2025-06-29T15:54:24","date_gmt":"2025-06-29T18:54:24","guid":{"rendered":"https:\/\/prensahoy.com\/index.php\/2025\/06\/29\/previa-campeonato-del-mundo-triatlon-larga-distancia-pontevedra-2025\/"},"modified":"2025-06-29T15:54:24","modified_gmt":"2025-06-29T18:54:24","slug":"previa-campeonato-del-mundo-triatlon-larga-distancia-pontevedra-2025","status":"publish","type":"post","link":"https:\/\/prensahoy.com\/index.php\/2025\/06\/29\/previa-campeonato-del-mundo-triatlon-larga-distancia-pontevedra-2025\/","title":{"rendered":"Previa Campeonato del Mundo Triatl\u00f3n Larga Distancia Pontevedra 2025"},"content":{"rendered":"<div>\n<p style=\"text-align: justify;\">Este domingo 29 de junio se celebra en Pontevedra el Campeonato del Mundo de Triatl\u00f3n de Larga Distancia, la prueba m\u00e1s esperada del Mundial Multideporte 2025.<\/p>\n<p style=\"text-align: justify;\">Tras diez d\u00edas intensos de competiciones en duatl\u00f3n, acuatl\u00f3n y triatl\u00f3n, la Boa Vila se prepara para cerrar con broche de oro un evento que ha reunido a casi 4.000 deportistas de 44 pa\u00edses.<\/p>\n<p style=\"text-align: justify;\">El actual campe\u00f3n del mundo, el espa\u00f1ol Antonio Benito, ser\u00e1 el gran protagonista en la l\u00ednea de salida a las 8:00 de la ma\u00f1ana. El manchego, en un excelente estado de forma, buscar\u00e1 revalidar el t\u00edtulo que logr\u00f3 en Townsville 2024 y emular al legendario Javier G\u00f3mez Noya, quien se coron\u00f3 en estas mismas calles en 2019.<\/p>\n<h2 style=\"text-align: justify;\">Una TriArmada masculina con opciones reales al podio<\/h2>\n<p style=\"text-align: justify;\">El equipo espa\u00f1ol llega con fuerza. Adem\u00e1s de Benito, destacan Guillem Montiel, reciente campe\u00f3n de Europa de media distancia y vencedor en Zarautz; Jordi Montraveta, segundo en Lanzarote y debutante con la selecci\u00f3n nacional; y Mikel Ugarte, con experiencia contrastada y un s\u00f3lido sexto puesto en Lanzarote este a\u00f1o.<\/p>\n<p style=\"text-align: justify;\">Dirigidos por el seleccionador I\u00f1aki Arenal, la TriArmada se presenta como uno de los bloques m\u00e1s potentes de la competici\u00f3n masculina.<\/p>\n<h2 style=\"text-align: justify;\">Judith Corach\u00e1n, \u00fanica representante femenina<\/h2>\n<p style=\"text-align: justify;\">En categor\u00eda femenina, Judith Corach\u00e1n ser\u00e1 la \u00fanica espa\u00f1ola en liza, pero con opciones claras de luchar por las medallas. Segunda en el Mundial de Pontevedra 2019, Judith llega motivada y conoce el circuito mejor que nadie.<\/p>\n<p style=\"text-align: justify;\">Sus principales rivales ser\u00e1n la polaca Marta Lagownik (campeona del mundo 2024), la francesa Pierre Marjolaine (oro en Ibiza 2023) y la italiana Marta Bernardi, todas ellas con nivel suficiente para pelear por el podio.<\/p>\n<p>Consulta la lista de salida aqu\u00ed\u00a0<\/p>\n<h2 style=\"text-align: justify;\">Una ciudad volcada con el triatl\u00f3n<\/h2>\n<p style=\"text-align: justify;\">La presentaci\u00f3n oficial de la prueba se celebr\u00f3 en el Concello de Pontevedra, con la presencia de las autoridades locales y federativas, adem\u00e1s de los deportistas y el equipo t\u00e9cnico de la selecci\u00f3n nacional.<\/p>\n<p style=\"text-align: justify;\">En el acto participaron el alcalde Miguel Anxo Fern\u00e1ndez Lores, el presidente de la Federaci\u00f3n Espa\u00f1ola Jos\u00e9 Hidalgo, el presidente de la Federaci\u00f3n Gallega Javier Campos y el vicepresidente de World Triathlon Antonio \u00c1lvarez.<\/p>\n<p style=\"text-align: justify;\">Pontevedra confirma as\u00ed su rol como capital internacional del triatl\u00f3n tras haber albergado ya el Mundial 2019 y la Gran Final de las Series Mundiales en 2023. En 2026, la ciudad volver\u00e1 a ser sede de la Gran Final, consolidando su prestigio en el calendario internacional.<\/p>\n<h2 style=\"text-align: justify;\">Como verlo en directo<\/h2>\n<p>Aqu\u00ed te contamos como ver la prueba en directo\u00a0<\/p>\n<\/p><\/div>\n","protected":false},"excerpt":{"rendered":"<p>Este domingo 29 de junio se celebra en Pontevedra el Campeonato del Mundo de Triatl\u00f3n de Larga Distancia, la prueba m\u00e1s esperada del Mundial Multideporte 2025. Tras diez d\u00edas intensos de competiciones en duatl\u00f3n, acuatl\u00f3n y triatl\u00f3n, la Boa Vila se prepara para cerrar con broche de oro un evento que ha reunido a casi [&hellip;]<\/p>\n","protected":false},"author":1,"featured_media":5440,"comment_status":"open","ping_status":"open","sticky":false,"template":"","format":"standard","meta":{"slim_seo":{"title":"Previa Campeonato del Mundo Triatl\u00f3n Larga Distancia Pontevedra 2025 - PrensaHoy.com- Noticias de Chile y el Mundo","description":"Este domingo 29 de junio se celebra en Pontevedra el Campeonato del Mundo de Triatl\u00f3n de Larga Distancia, la prueba m\u00e1s esperada del Mundial Multideporte 2025."},"footnotes":""},"categories":[32],"tags":[368,51,1005,2348,395,2349,1581,2347],"class_list":["post-5439","post","type-post","status-publish","format-standard","has-post-thumbnail","hentry","category-noticias-del-mundo","tag-campeonato","tag-del","tag-distancia","tag-larga","tag-mundo","tag-pontevedra","tag-previa","tag-triatlon"],"_links":{"self":[{"href":"https:\/\/prensahoy.com\/index.php\/wp-json\/wp\/v2\/posts\/5439","targetHints":{"allow":["GET"]}}],"collection":[{"href":"https:\/\/prensahoy.com\/index.php\/wp-json\/wp\/v2\/posts"}],"about":[{"href":"https:\/\/prensahoy.com\/index.php\/wp-json\/wp\/v2\/types\/post"}],"author":[{"embeddable":true,"href":"https:\/\/prensahoy.com\/index.php\/wp-json\/wp\/v2\/users\/1"}],"replies":[{"embeddable":true,"href":"https:\/\/prensahoy.com\/index.php\/wp-json\/wp\/v2\/comments?post=5439"}],"version-history":[{"count":0,"href":"https:\/\/prensahoy.com\/index.php\/wp-json\/wp\/v2\/posts\/5439\/revisions"}],"wp:featuredmedia":[{"embeddable":true,"href":"https:\/\/prensahoy.com\/index.php\/wp-json\/wp\/v2\/media\/5440"}],"wp:attachment":[{"href":"https:\/\/prensahoy.com\/index.php\/wp-json\/wp\/v2\/media?parent=5439"}],"wp:term":[{"taxonomy":"category","embeddable":true,"href":"https:\/\/prensahoy.com\/index.php\/wp-json\/wp\/v2\/categories?post=5439"},{"taxonomy":"post_tag","embeddable":true,"href":"https:\/\/prensahoy.com\/index.php\/wp-json\/wp\/v2\/tags?post=5439"}],"curies":[{"name":"wp","href":"https:\/\/api.w.org\/{rel}","templated":true}]}}