{"id":5416,"date":"2025-06-25T14:52:04","date_gmt":"2025-06-25T17:52:04","guid":{"rendered":"https:\/\/prensahoy.com\/index.php\/2025\/06\/25\/fuerzas-aliadas-se-preparan-en-la-montana-ejercitos-de-ee-uu-peru-argentina-y-chile-afinan-detalles-del-vanguardia-sur-2025\/"},"modified":"2025-06-25T14:52:04","modified_gmt":"2025-06-25T17:52:04","slug":"fuerzas-aliadas-se-preparan-en-la-montana-ejercitos-de-ee-uu-peru-argentina-y-chile-afinan-detalles-del-vanguardia-sur-2025","status":"publish","type":"post","link":"https:\/\/prensahoy.com\/index.php\/2025\/06\/25\/fuerzas-aliadas-se-preparan-en-la-montana-ejercitos-de-ee-uu-peru-argentina-y-chile-afinan-detalles-del-vanguardia-sur-2025\/","title":{"rendered":"Fuerzas aliadas se preparan en la monta\u00f1a: Ej\u00e9rcitos de EE.UU., Per\u00fa, Argentina y Chile afinan detalles del \u201cVanguardia Sur 2025\u201d"},"content":{"rendered":"<div xmlns:default=\"http:\/\/www.w3.org\/2000\/svg\">\n<div class=\"visual__image image-initial-width\"><figcaption class=\"article-figcaption-img\">Ej\u00e9rcitos de EE.UU., Per\u00fa, Argentina y Chile afinan detalles del \u201cVanguardia Sur 2025\u201d<\/figcaption><\/div>\n<p class=\"paragraph\">Los preparativos para el ejercicio militar combinado \u201cVanguardia Sur 2025\u201d avanzan a paso firme. Delegaciones de los ej\u00e9rcitos de Per\u00fa, Argentina, Estados Unidos y Chile se reunieron recientemente en el Destacamento de Monta\u00f1a N.\u00ba 17 \u201cLos \u00c1ngeles\u201d, en la zona sur del territorio chileno, para afinar detalles log\u00edsticos y operacionales del entrenamiento conjunto que se llevar\u00e1 a cabo en el mes de agosto.<\/p>\n<p class=\"paragraph\">La instancia marc\u00f3 la segunda reuni\u00f3n presencial de planificaci\u00f3n y se centr\u00f3 en aspectos t\u00e9cnicos y de coordinaci\u00f3n entre las fuerzas participantes, en especial entre el Ej\u00e9rcito de Chile y el Ej\u00e9rcito Sur de los Estados Unidos, actores clave en esta edici\u00f3n del ejercicio. Adem\u00e1s de las reuniones presenciales, los equipos involucrados han sostenido m\u00faltiples sesiones virtuales que continuar\u00e1n en las semanas siguientes.<\/p>\n<p class=\"paragraph\">El ejercicio se desarrollar\u00e1 en Antuco, una zona monta\u00f1osa de la regi\u00f3n del Biob\u00edo, entre el 11 y el 31 de agosto, y pondr\u00e1 a prueba las capacidades de las tropas en condiciones invernales de alta monta\u00f1a, con temperaturas extremas y terrenos exigentes. <\/p>\n<p class=\"paragraph\">Este tipo de entrenamiento no solo exige dominio t\u00e9cnico, sino tambi\u00e9n adaptaci\u00f3n f\u00edsica y mental, lo que convierte a la operaci\u00f3n en una plataforma de evaluaci\u00f3n para las unidades participantes.<\/p>\n<div class=\"visual__image\"><img loading=\"lazy\" alt=\"Ej\u00e9rcito del Per\u00fa. - Cr\u00e9dito:\" class=\"global-image\" decoding=\"async\" fetchpriority=\"low\" height=\"831\" loading=\"lazy\" src=\"https:\/\/www.infobae.com\/resizer\/v2\/NCT4CZFX6JHEJFBLFHITG5JEVI.jpeg?auth=fc92991bef88874529566a89ef0b9e319f9635f844f217330c9dbd37e94755c9&amp;smart=true&amp;width=350&amp;height=214&amp;quality=85\" width=\"1389\"\/><figcaption class=\"article-figcaption-img\">Ej\u00e9rcito del Per\u00fa. &#8211; Cr\u00e9dito: Mindef<\/figcaption><\/div>\n<p class=\"paragraph\">El programa de \u201cVanguardia Sur 2025\u201d contempla distintas etapas dise\u00f1adas para fortalecer la interoperabilidad militar y el entrenamiento espec\u00edfico en entornos extremos. Liderado por la III Divisi\u00f3n de Monta\u00f1a del Ej\u00e9rcito de Chile, el ejercicio incluir\u00e1 fases de preparaci\u00f3n individual y colectiva, una Fase de Entrenamiento Integrado (FII) y un Ejercicio de Entrenamiento de Campo (EFT) como etapa final.<\/p>\n<p class=\"paragraph\">Durante estas jornadas, las tropas ser\u00e1n instruidas en t\u00e9cnicas de supervivencia, desplazamiento, combate y coordinaci\u00f3n t\u00e1ctica en ambientes de monta\u00f1a, un entorno particularmente desafiante por su clima, geograf\u00eda y limitaciones operativas. El objetivo general es fortalecer la preparaci\u00f3n para escenarios reales donde la cooperaci\u00f3n multinacional puede ser crucial.<\/p>\n<p class=\"paragraph\">Adem\u00e1s del componente operativo, \u201cVanguardia Sur 2025\u201d tiene una fuerte dimensi\u00f3n estrat\u00e9gica: busca consolidar los lazos entre ej\u00e9rcitos de Am\u00e9rica y promover la capacidad de reacci\u00f3n conjunta ante diferentes tipos de crisis. <\/p>\n<p class=\"paragraph\">Para Chile, la realizaci\u00f3n de este ejercicio representa tambi\u00e9n una oportunidad de posicionamiento como referente regional en operaciones de monta\u00f1a y como anfitri\u00f3n de entrenamientos de alto nivel.<\/p>\n<p class=\"paragraph\">El Destacamento de Monta\u00f1a N.\u00ba 17 \u201cLos \u00c1ngeles\u201d, que actu\u00f3 como sede de esta reuni\u00f3n, ha sido clave en la articulaci\u00f3n log\u00edstica del proyecto. Las unidades del Ej\u00e9rcito chileno involucradas trabajan coordinadamente con sus contrapartes extranjeras para garantizar el desarrollo seguro y eficaz de todas las fases del entrenamiento, que incluir\u00e1 desde simulaciones t\u00e1cticas hasta ejercicios de maniobra en condiciones de escasa visibilidad y bajas temperaturas.<\/p>\n<p class=\"paragraph\">Por su parte, el Ej\u00e9rcito Sur de los Estados Unidos ha identificado esta operaci\u00f3n como una instancia relevante dentro de su calendario de actividades en Am\u00e9rica Latina. La participaci\u00f3n norteamericana se da en el marco de las alianzas regionales que buscan fortalecer la capacidad de respuesta y preparaci\u00f3n conjunta ante m\u00faltiples escenarios, tanto militares como de apoyo a emergencias.<\/p>\n<p class=\"paragraph\">De esta manera, \u201cVanguardia Sur 2025\u201d se presenta como una experiencia integral que combina adiestramiento t\u00e9cnico, planificaci\u00f3n estrat\u00e9gica y cooperaci\u00f3n internacional. Al involucrar a cuatro ej\u00e9rcitos con diferentes capacidades y experiencias, el ejercicio permite un intercambio operacional que trasciende el entrenamiento f\u00edsico. Es tambi\u00e9n una oportunidad para homologar procedimientos, establecer est\u00e1ndares comunes y practicar la toma de decisiones conjuntas en tiempo real.<\/p>\n<\/div>\n","protected":false},"excerpt":{"rendered":"<p>Ej\u00e9rcitos de EE.UU., Per\u00fa, Argentina y Chile afinan detalles del \u201cVanguardia Sur 2025\u201d Los preparativos para el ejercicio militar combinado \u201cVanguardia Sur 2025\u201d avanzan a paso firme. Delegaciones de los ej\u00e9rcitos de Per\u00fa, Argentina, Estados Unidos y Chile se reunieron recientemente en el Destacamento de Monta\u00f1a N.\u00ba 17 \u201cLos \u00c1ngeles\u201d, en la zona sur del [&hellip;]<\/p>\n","protected":false},"author":1,"featured_media":5417,"comment_status":"open","ping_status":"open","sticky":false,"template":"","format":"standard","meta":{"slim_seo":{"title":"Fuerzas aliadas se preparan en la monta\u00f1a: Ej\u00e9rcitos de EE.UU., Per\u00fa, Argentina y Chile afinan detalles del \u201cVanguardia Sur 2025\u201d - PrensaHoy.com- Noticias de Chile y el Mundo","description":"Ej\u00e9rcitos de EE.UU., Per\u00fa, Argentina y Chile afinan detalles del \u201cVanguardia Sur 2025\u201d Los preparativos para el ejercicio militar combinado \u201cVanguardia Sur 2025"},"footnotes":""},"categories":[1],"tags":[2312,2308,1662,38,51,856,603,2311,2307,2310,971,2309,512,2313],"class_list":["post-5416","post","type-post","status-publish","format-standard","has-post-thumbnail","hentry","category-sin-categoria","tag-afinan","tag-aliadas","tag-argentina","tag-chile","tag-del","tag-detalles","tag-ee-uu","tag-ejercitos","tag-fuerzas","tag-montana","tag-peru","tag-preparan","tag-sur","tag-vanguardia"],"_links":{"self":[{"href":"https:\/\/prensahoy.com\/index.php\/wp-json\/wp\/v2\/posts\/5416","targetHints":{"allow":["GET"]}}],"collection":[{"href":"https:\/\/prensahoy.com\/index.php\/wp-json\/wp\/v2\/posts"}],"about":[{"href":"https:\/\/prensahoy.com\/index.php\/wp-json\/wp\/v2\/types\/post"}],"author":[{"embeddable":true,"href":"https:\/\/prensahoy.com\/index.php\/wp-json\/wp\/v2\/users\/1"}],"replies":[{"embeddable":true,"href":"https:\/\/prensahoy.com\/index.php\/wp-json\/wp\/v2\/comments?post=5416"}],"version-history":[{"count":0,"href":"https:\/\/prensahoy.com\/index.php\/wp-json\/wp\/v2\/posts\/5416\/revisions"}],"wp:featuredmedia":[{"embeddable":true,"href":"https:\/\/prensahoy.com\/index.php\/wp-json\/wp\/v2\/media\/5417"}],"wp:attachment":[{"href":"https:\/\/prensahoy.com\/index.php\/wp-json\/wp\/v2\/media?parent=5416"}],"wp:term":[{"taxonomy":"category","embeddable":true,"href":"https:\/\/prensahoy.com\/index.php\/wp-json\/wp\/v2\/categories?post=5416"},{"taxonomy":"post_tag","embeddable":true,"href":"https:\/\/prensahoy.com\/index.php\/wp-json\/wp\/v2\/tags?post=5416"}],"curies":[{"name":"wp","href":"https:\/\/api.w.org\/{rel}","templated":true}]}}