{"id":5372,"date":"2025-06-18T01:42:08","date_gmt":"2025-06-18T04:42:08","guid":{"rendered":"https:\/\/prensahoy.com\/index.php\/2025\/06\/18\/expertos-suben-proyeccion-de-economia-de-chile-para-2025\/"},"modified":"2025-06-18T01:42:08","modified_gmt":"2025-06-18T04:42:08","slug":"expertos-suben-proyeccion-de-economia-de-chile-para-2025","status":"publish","type":"post","link":"https:\/\/prensahoy.com\/index.php\/2025\/06\/18\/expertos-suben-proyeccion-de-economia-de-chile-para-2025\/","title":{"rendered":"Expertos suben proyecci\u00f3n de econom\u00eda de Chile para 2025"},"content":{"rendered":"<div xmlns:default=\"http:\/\/www.w3.org\/2000\/svg\">\n<p>   La proyecci\u00f3n est\u00e1 por encima de los c\u00e1lculos de instituciones financieras internacionales, que fijan este indicador en 2,0 por ciento en 2025, y por debajo de los pron\u00f3sticos del Ministerio de Hacienda (2,5).<\/p>\n<p>   Respecto a la inflaci\u00f3n, la mayor parte de los entrevistados coincidieron en que el acumulado a finales de diciembre ser\u00e1 de cuatro puntos porcentuales y en igual mes de 2026 descender\u00e1 a tres unidades, acorde con las previsiones del Gobierno.<\/p>\n<p>   La encuesta, realizada entre el 3 y 9 de junio, est\u00e1 dirigida a un grupo de acad\u00e9micos, consultores y ejecutivos de instituciones financieras y corporaciones chilenas y permite al Banco Central conocer las expectativas de los mercados.<\/p>\n<p>   Interrogados sobre las variaciones de la tasa l\u00edder de inter\u00e9s, se\u00f1alaron que por el momento se mantendr\u00e1 en cinco por ciento, pero en cinco meses descender\u00e1 a 4,75 y llegar\u00e1 a 4,5 a finales de a\u00f1o.<\/p>\n<p>   Las respuestas acerca de la tasa de cambio del peso frente al d\u00f3lar estadounidense prev\u00e9n que en los pr\u00f3ximos dos meses se mantenga en 933.00, con oscilaciones extremas de 920.00 y 950.00.<\/p>\n<p>jha\/car\/eam<\/p>\n<\/p><\/div>\n","protected":false},"excerpt":{"rendered":"<p>La proyecci\u00f3n est\u00e1 por encima de los c\u00e1lculos de instituciones financieras internacionales, que fijan este indicador en 2,0 por ciento en 2025, y por debajo de los pron\u00f3sticos del Ministerio de Hacienda (2,5). Respecto a la inflaci\u00f3n, la mayor parte de los entrevistados coincidieron en que el acumulado a finales de diciembre ser\u00e1 de cuatro [&hellip;]<\/p>\n","protected":false},"author":1,"featured_media":5373,"comment_status":"open","ping_status":"open","sticky":false,"template":"","format":"standard","meta":{"slim_seo":{"title":"Expertos suben proyecci\u00f3n de econom\u00eda de Chile para 2025 - PrensaHoy.com- Noticias de Chile y el Mundo","description":"La proyecci\u00f3n est\u00e1 por encima de los c\u00e1lculos de instituciones financieras internacionales, que fijan este indicador en 2,0 por ciento en 2025, y por debajo de"},"footnotes":""},"categories":[1],"tags":[38,83,2183,171,1521,2184],"class_list":["post-5372","post","type-post","status-publish","format-standard","has-post-thumbnail","hentry","category-sin-categoria","tag-chile","tag-economia","tag-expertos","tag-para","tag-proyeccion","tag-suben"],"_links":{"self":[{"href":"https:\/\/prensahoy.com\/index.php\/wp-json\/wp\/v2\/posts\/5372","targetHints":{"allow":["GET"]}}],"collection":[{"href":"https:\/\/prensahoy.com\/index.php\/wp-json\/wp\/v2\/posts"}],"about":[{"href":"https:\/\/prensahoy.com\/index.php\/wp-json\/wp\/v2\/types\/post"}],"author":[{"embeddable":true,"href":"https:\/\/prensahoy.com\/index.php\/wp-json\/wp\/v2\/users\/1"}],"replies":[{"embeddable":true,"href":"https:\/\/prensahoy.com\/index.php\/wp-json\/wp\/v2\/comments?post=5372"}],"version-history":[{"count":0,"href":"https:\/\/prensahoy.com\/index.php\/wp-json\/wp\/v2\/posts\/5372\/revisions"}],"wp:featuredmedia":[{"embeddable":true,"href":"https:\/\/prensahoy.com\/index.php\/wp-json\/wp\/v2\/media\/5373"}],"wp:attachment":[{"href":"https:\/\/prensahoy.com\/index.php\/wp-json\/wp\/v2\/media?parent=5372"}],"wp:term":[{"taxonomy":"category","embeddable":true,"href":"https:\/\/prensahoy.com\/index.php\/wp-json\/wp\/v2\/categories?post=5372"},{"taxonomy":"post_tag","embeddable":true,"href":"https:\/\/prensahoy.com\/index.php\/wp-json\/wp\/v2\/tags?post=5372"}],"curies":[{"name":"wp","href":"https:\/\/api.w.org\/{rel}","templated":true}]}}