{"id":5364,"date":"2025-06-16T13:24:33","date_gmt":"2025-06-16T16:24:33","guid":{"rendered":"https:\/\/prensahoy.com\/index.php\/2025\/06\/16\/chile-activa-codigo-azul-para-proteger-a-personas-sin-techo-foto\/"},"modified":"2025-06-16T13:24:33","modified_gmt":"2025-06-16T16:24:33","slug":"chile-activa-codigo-azul-para-proteger-a-personas-sin-techo-foto","status":"publish","type":"post","link":"https:\/\/prensahoy.com\/index.php\/2025\/06\/16\/chile-activa-codigo-azul-para-proteger-a-personas-sin-techo-foto\/","title":{"rendered":"Chile activa C\u00f3digo Azul para proteger a personas sin techo (+Foto)"},"content":{"rendered":"<div xmlns:default=\"http:\/\/www.w3.org\/2000\/svg\">\n<p>La medida prev\u00e9 el despliegue de operativos m\u00f3viles para atender a quienes requieren resguardo, alimentaci\u00f3n y abrigo, porque viven en la calle.<\/p>\n<p>Por otra parte, en el pa\u00eds est\u00e1n habilitados 55 albergues, con capacidad para unas dos mil 400 camas, donde se dar\u00e1 cobijo a los sin techo.<\/p>\n<p><\/p>\n<p>En un recorrido por uno de los sitios de acogida de emergencia en la comuna de Recoleta, el presidente chileno, Gabriel Boric, hizo un llamado a la solidaridad y a reportar los casos de personas durmiendo en las calles.<\/p>\n<p>Ac\u00e1 ha llegado gente muy pobre que vive a la intemperie hace mucho tiempo y ello nos recuerda que en Chile hay una desigualdad lacerante y por lo cual tenemos que seguir trabajando para superarla, dijo el mandatario.<\/p>\n<p>Boric anunci\u00f3 que el Gobierno increment\u00f3 el presupuesto para atender estos casos y adem\u00e1s habilit\u00f3 un tel\u00e9fono a donde se puede llamar para solicitar ayuda.<\/p>\n<p>El sistema frontal entr\u00f3 el mi\u00e9rcoles por la sure\u00f1a regi\u00f3n del Biob\u00edo y la madrugada del jueves empez\u00f3 a afectar el centro del pa\u00eds, donde se encuentra la capital, con lluvias, vientos moderados, nieve y muy bajas temperaturas de hasta menos tres grados.<\/p>\n<p>La Direcci\u00f3n Meteorol\u00f3gica anunci\u00f3 que un segundo temporal afectar\u00e1 el pa\u00eds el fin de semana.<\/p>\n<p>npg\/car<\/p>\n<\/p><\/div>\n","protected":false},"excerpt":{"rendered":"<p>La medida prev\u00e9 el despliegue de operativos m\u00f3viles para atender a quienes requieren resguardo, alimentaci\u00f3n y abrigo, porque viven en la calle. Por otra parte, en el pa\u00eds est\u00e1n habilitados 55 albergues, con capacidad para unas dos mil 400 camas, donde se dar\u00e1 cobijo a los sin techo. En un recorrido por uno de los [&hellip;]<\/p>\n","protected":false},"author":1,"featured_media":5365,"comment_status":"open","ping_status":"open","sticky":false,"template":"","format":"standard","meta":{"slim_seo":{"title":"Chile activa C\u00f3digo Azul para proteger a personas sin techo (+Foto) - PrensaHoy.com- Noticias de Chile y el Mundo","description":"La medida prev\u00e9 el despliegue de operativos m\u00f3viles para atender a quienes requieren resguardo, alimentaci\u00f3n y abrigo, porque viven en la calle. Por otra parte,"},"footnotes":""},"categories":[1],"tags":[2170,2172,38,2171,1395,171,393,2173,500,2174],"class_list":["post-5364","post","type-post","status-publish","format-standard","has-post-thumbnail","hentry","category-sin-categoria","tag-activa","tag-azul","tag-chile","tag-codigo","tag-foto","tag-para","tag-personas","tag-proteger","tag-sin","tag-techo"],"_links":{"self":[{"href":"https:\/\/prensahoy.com\/index.php\/wp-json\/wp\/v2\/posts\/5364","targetHints":{"allow":["GET"]}}],"collection":[{"href":"https:\/\/prensahoy.com\/index.php\/wp-json\/wp\/v2\/posts"}],"about":[{"href":"https:\/\/prensahoy.com\/index.php\/wp-json\/wp\/v2\/types\/post"}],"author":[{"embeddable":true,"href":"https:\/\/prensahoy.com\/index.php\/wp-json\/wp\/v2\/users\/1"}],"replies":[{"embeddable":true,"href":"https:\/\/prensahoy.com\/index.php\/wp-json\/wp\/v2\/comments?post=5364"}],"version-history":[{"count":0,"href":"https:\/\/prensahoy.com\/index.php\/wp-json\/wp\/v2\/posts\/5364\/revisions"}],"wp:featuredmedia":[{"embeddable":true,"href":"https:\/\/prensahoy.com\/index.php\/wp-json\/wp\/v2\/media\/5365"}],"wp:attachment":[{"href":"https:\/\/prensahoy.com\/index.php\/wp-json\/wp\/v2\/media?parent=5364"}],"wp:term":[{"taxonomy":"category","embeddable":true,"href":"https:\/\/prensahoy.com\/index.php\/wp-json\/wp\/v2\/categories?post=5364"},{"taxonomy":"post_tag","embeddable":true,"href":"https:\/\/prensahoy.com\/index.php\/wp-json\/wp\/v2\/tags?post=5364"}],"curies":[{"name":"wp","href":"https:\/\/api.w.org\/{rel}","templated":true}]}}