{"id":5326,"date":"2025-06-10T00:51:33","date_gmt":"2025-06-10T03:51:33","guid":{"rendered":"https:\/\/prensahoy.com\/index.php\/2025\/06\/10\/comunidad-palestina-de-chile-condena-asalto-a-la-flota-humanitaria-que-iba-rumbo-a-gaza\/"},"modified":"2025-06-10T00:51:33","modified_gmt":"2025-06-10T03:51:33","slug":"comunidad-palestina-de-chile-condena-asalto-a-la-flota-humanitaria-que-iba-rumbo-a-gaza","status":"publish","type":"post","link":"https:\/\/prensahoy.com\/index.php\/2025\/06\/10\/comunidad-palestina-de-chile-condena-asalto-a-la-flota-humanitaria-que-iba-rumbo-a-gaza\/","title":{"rendered":"Comunidad Palestina de Chile condena asalto a la flota humanitaria que iba rumbo a Gaza"},"content":{"rendered":"<div>\n<p>Santiago de Chile, 9 jun (EFE).- La organizaci\u00f3n Comunidad Palestina de Chile conden\u00f3 este lunes la interceptaci\u00f3n perpetrada por Israel al buque humanitario &#8216;Madleen&#8217;, que realizaba un viaje a Gaza con alimentos, medicinas y asistencia, y exigi\u00f3 la liberaci\u00f3n &#8220;inmediata y sin condiciones&#8221; de los 12 pasajeros y activistas que iban a bordo.<\/p>\n<p>&#8220;Este ataque, perpetrado en aguas internacionales, constituye una violaci\u00f3n grave del derecho internacional humanitario&#8221;, denunci\u00f3 la organizaci\u00f3n.<\/p>\n<p>A bordo de la embarcaci\u00f3n, perteneciente a la Flotilla de la Libertad, se encontraban la activista sueca Greta Thunberg, la eurodiputada franco-palestina Rima Hassan y otros diez voluntarios internacionales comprometidos con la defensa de los derechos humanos.<\/p>\n<p>En el mismo comunicado, la Comunidad Palestina de Chile hizo un llamado al Gobierno chileno y a todos los Estados a &#8220;actuar con firmeza y responsabilidad, protegiendo a quienes arriesgan su libertad por asistir a una poblaci\u00f3n civil que est\u00e1 siendo v\u00edctima de un genocidio&#8221;.<\/p>\n<p>Con cerca de 500.000 personas, Chile es un gran refugio de la comunidad palestina fuera del mundo \u00e1rabe, una migraci\u00f3n que se inici\u00f3 a finales del siglo XIX, cuando centenares de palestinos escaparon primero de la dominaci\u00f3n otomana, y que se increment\u00f3 en el siglo XX con la ocupaci\u00f3n israel\u00ed.<\/p>\n<p>Chile reconoci\u00f3 a Palestina como un Estado &#8220;libre, independiente y soberano&#8221; en 2011, durante el primer Gobierno del conservador Sebasti\u00e1n Pi\u00f1era (2010-2014).<\/p>\n<p>En otro comunicado, el arzobispo de Santiago, el cardenal Fernando Chomal\u00ed Garib, dijo que &#8220;la violencia se condena sin ambig\u00fcedades, venga de donde venga&#8221; y que &#8220;no encontrar la paz es un fracaso de la humanidad&#8221;.<\/p>\n<p>\u201cEl sufrimiento del pueblo de Gaza, como el de tantas otras comunidades marcadas por la violencia, clama al cielo. Hoy m\u00e1s que nunca, urge un testimonio com\u00fan de humanidad, compasi\u00f3n y unidad\u201d, indic\u00f3 Chomal\u00ed, quien convoc\u00f3 para el pr\u00f3ximo 6 de julio un encuentro &#8220;por la paz en Tierra Santa&#8221;, al que invit\u00f3 tanto a la comunidad palestina como a la jud\u00eda residente en Chile.<\/p>\n<p>(c) Agencia EFE<\/p>\n<\/div>\n","protected":false},"excerpt":{"rendered":"<p>Santiago de Chile, 9 jun (EFE).- La organizaci\u00f3n Comunidad Palestina de Chile conden\u00f3 este lunes la interceptaci\u00f3n perpetrada por Israel al buque humanitario &#8216;Madleen&#8217;, que realizaba un viaje a Gaza con alimentos, medicinas y asistencia, y exigi\u00f3 la liberaci\u00f3n &#8220;inmediata y sin condiciones&#8221; de los 12 pasajeros y activistas que iban a bordo. &#8220;Este ataque, [&hellip;]<\/p>\n","protected":false},"author":1,"featured_media":5327,"comment_status":"open","ping_status":"open","sticky":false,"template":"","format":"standard","meta":{"slim_seo":{"title":"Comunidad Palestina de Chile condena asalto a la flota humanitaria que iba rumbo a Gaza - PrensaHoy.com- Noticias de Chile y el Mundo","description":"Santiago de Chile, 9 jun (EFE).- La organizaci\u00f3n Comunidad Palestina de Chile conden\u00f3 este lunes la interceptaci\u00f3n perpetrada por Israel al buque humanitario 'M"},"footnotes":""},"categories":[1],"tags":[2087,38,2085,1760,2088,119,2089,814,2086,2090],"class_list":["post-5326","post","type-post","status-publish","format-standard","has-post-thumbnail","hentry","category-sin-categoria","tag-asalto","tag-chile","tag-comunidad","tag-condena","tag-flota","tag-gaza","tag-humanitaria","tag-iba","tag-palestina","tag-rumbo"],"_links":{"self":[{"href":"https:\/\/prensahoy.com\/index.php\/wp-json\/wp\/v2\/posts\/5326","targetHints":{"allow":["GET"]}}],"collection":[{"href":"https:\/\/prensahoy.com\/index.php\/wp-json\/wp\/v2\/posts"}],"about":[{"href":"https:\/\/prensahoy.com\/index.php\/wp-json\/wp\/v2\/types\/post"}],"author":[{"embeddable":true,"href":"https:\/\/prensahoy.com\/index.php\/wp-json\/wp\/v2\/users\/1"}],"replies":[{"embeddable":true,"href":"https:\/\/prensahoy.com\/index.php\/wp-json\/wp\/v2\/comments?post=5326"}],"version-history":[{"count":0,"href":"https:\/\/prensahoy.com\/index.php\/wp-json\/wp\/v2\/posts\/5326\/revisions"}],"wp:featuredmedia":[{"embeddable":true,"href":"https:\/\/prensahoy.com\/index.php\/wp-json\/wp\/v2\/media\/5327"}],"wp:attachment":[{"href":"https:\/\/prensahoy.com\/index.php\/wp-json\/wp\/v2\/media?parent=5326"}],"wp:term":[{"taxonomy":"category","embeddable":true,"href":"https:\/\/prensahoy.com\/index.php\/wp-json\/wp\/v2\/categories?post=5326"},{"taxonomy":"post_tag","embeddable":true,"href":"https:\/\/prensahoy.com\/index.php\/wp-json\/wp\/v2\/tags?post=5326"}],"curies":[{"name":"wp","href":"https:\/\/api.w.org\/{rel}","templated":true}]}}