{"id":5244,"date":"2025-05-25T22:41:43","date_gmt":"2025-05-26T01:41:43","guid":{"rendered":"https:\/\/prensahoy.com\/index.php\/2025\/05\/25\/resumen-de-noticias-del-papa-leon-xiv-del-9-de-mayo\/"},"modified":"2025-05-25T22:41:43","modified_gmt":"2025-05-26T01:41:43","slug":"resumen-de-noticias-del-papa-leon-xiv-del-9-de-mayo","status":"publish","type":"post","link":"https:\/\/prensahoy.com\/index.php\/2025\/05\/25\/resumen-de-noticias-del-papa-leon-xiv-del-9-de-mayo\/","title":{"rendered":"Resumen de noticias del papa Le\u00f3n XIV del 9 de mayo"},"content":{"rendered":"<div data-editable=\"content\" data-reorderable-component=\"content\">\n<div data-uri=\"es.cms.cnn.com\/_components\/image\/instances\/cmagys9mq004r356m9bfihi37@published\" class=\"image image__hide-placeholder\" data-image-variation=\"image\" data-name=\"prevost-at-st-jude-parish-02.jpg\" data-component-name=\"image\" data-observe-resizes=\"\" data-breakpoints=\"{\" image--eq-extra-small=\"\" data-original-ratio=\"0.6674418604651163\" data-original-height=\"574\" data-original-width=\"860\" data-url=\"https:\/\/media.cnn.com\/api\/v1\/images\/stellar\/prod\/prevost-at-st-jude-parish-02.jpg?c=original\" data-editable=\"settings\">\n<div class=\"image__container \" data-image-variation=\"image\" data-breakpoints=\"{\" image--eq-extra-small=\"\">\n       \n    <\/div>\n<\/div>\n<p class=\"paragraph inline-placeholder vossi-paragraph\" data-uri=\"es.cms.cnn.com\/_components\/paragraph\/instances\/cmagylmlg0040356m6vsa1b3a@published\" data-editable=\"text\" data-component-name=\"paragraph\" data-article-gutter=\"true\">\n            El mundo observaba con expectaci\u00f3n el jueves c\u00f3mo el reci\u00e9n nombrado papa Le\u00f3n XIV sal\u00eda al balc\u00f3n de la Bas\u00edlica de San Pedro, cubierto de terciopelo, y levantaba la mano para saludar a un mar de cat\u00f3licos que creen que ha sido designado por la gracia de Dios.\n    <\/p>\n<p class=\"paragraph inline-placeholder vossi-paragraph\" data-uri=\"es.cms.cnn.com\/_components\/paragraph\/instances\/cmagyqp8n004g356m62kktiqo@published\" data-editable=\"text\" data-component-name=\"paragraph\" data-article-gutter=\"true\">\n            Pero en Villanova, Pensilvania, el reverendo Robert Hagan reconoci\u00f3 el rostro de su viejo amigo, Bob Prevost.\n    <\/p>\n<p class=\"paragraph inline-placeholder vossi-paragraph\" data-uri=\"es.cms.cnn.com\/_components\/paragraph\/instances\/cmagyqp8n004h356m5j92trlv@published\" data-editable=\"text\" data-component-name=\"paragraph\" data-article-gutter=\"true\">\n            \u201cCuando sali\u00f3 del balc\u00f3n, todos nos llenamos de alegr\u00eda. Era como si alguien de tu familia estuviera all\u00ed de pie\u201d, dijo Hagan, quien conoce a Prevost desde hace 25 a\u00f1os. \u201cEstamos orgullosos de \u00e9l, pero tambi\u00e9n agradecidos y comprendemos profundamente que sea un hombre humilde y modesto a quien, en \u00faltima instancia, Dios le pidi\u00f3 que hiciera esto\u201d.\n    <\/p>\n<p class=\"paragraph inline-placeholder vossi-paragraph\" data-uri=\"es.cms.cnn.com\/_components\/paragraph\/instances\/cmagr1kj80001356mngc989tc@published\" data-editable=\"text\" data-component-name=\"paragraph\" data-article-gutter=\"true\">\n            Prevost, oriundo de Chicago de 69 a\u00f1os que supo ser obispo en Per\u00fa, es el nuevo l\u00edder de los 1.400 millones de cat\u00f3licos del mundo: el primer papa nacido en Estados Unidos en la historia que ahora se lanza al escenario internacional para afrontar decisiones dif\u00edciles sobre la Iglesia y sobre asuntos pol\u00edticos con ramificaciones mucho m\u00e1s all\u00e1 de sus muros. Queda por ver c\u00f3mo abordar\u00e1 temas cruciales, desde el matrimonio igualitario hasta la mujer en la Iglesia, pero quienes lo conocen afirman que probablemente seguir\u00e1 el ejemplo de su predecesor.\n    <\/p>\n<p class=\"paragraph inline-placeholder vossi-paragraph\" data-uri=\"es.cms.cnn.com\/_components\/paragraph\/instances\/cmagyr3wa004k356md1xp5nd7@published\" data-editable=\"text\" data-component-name=\"paragraph\" data-article-gutter=\"true\">\n            Sus declaraciones p\u00fablicas, su historial de votaci\u00f3n en Illinois y las publicaciones realizadas en una cuenta X bajo su nombre tambi\u00e9n ofrecen una imagen m\u00e1s clara del hombre bajo la sotana y las ideolog\u00edas que influir\u00e1n en su avance hacia la Iglesia.\n    <\/p>\n<p class=\"paragraph inline-placeholder vossi-paragraph\" data-uri=\"es.cms.cnn.com\/_components\/paragraph\/instances\/cmagyr3wa004l356m1ywysze7@published\" data-editable=\"text\" data-component-name=\"paragraph\" data-article-gutter=\"true\">\n            Aunque Prevost pas\u00f3 gran parte de su vida fuera de Estados Unidos, particularmente en Per\u00fa, donde tambi\u00e9n posee pasaporte, su elecci\u00f3n cambi\u00f3 radicalmente la arraigada creencia de que la Iglesia no a\u00f1adir\u00eda el papado a la ya enorme influencia global de Estados Unidos.\n    <\/p>\n<p class=\"paragraph inline-placeholder vossi-paragraph\" data-uri=\"es.cms.cnn.com\/_components\/paragraph\/instances\/cmagyr3wa004m356m5abnkybx@published\" data-editable=\"text\" data-component-name=\"paragraph\" data-article-gutter=\"true\">\n            Esa ruptura con la opini\u00f3n generalizada fue posible gracias a una \u201ccrisis de orden internacional\u201d, seg\u00fan declar\u00f3 el Dr. Massimo Faggioli, profesor de Teolog\u00eda y Estudios Religiosos en la Universidad de Villanova, alma m\u00e1ter del nuevo papa, a Jake Tapper de CNN en \u201cThe Lead\u201d. La Iglesia cat\u00f3lica, a\u00f1adi\u00f3, est\u00e1 \u201cinterpretando el panorama global y respondiendo de forma muy creativa\u201d.\n    <\/p>\n<p class=\"paragraph inline-placeholder vossi-paragraph\" data-uri=\"es.cms.cnn.com\/_components\/paragraph\/instances\/cmagyr3wa004n356m8lsp3xcf@published\" data-editable=\"text\" data-component-name=\"paragraph\" data-article-gutter=\"true\">\n            Si bien se le consideraba una opci\u00f3n moderada como papa, algunas de sus posturas, en particular sobre los migrantes, podr\u00edan generar un conflicto entre la Roma de Le\u00f3n XIV y el Washington del presidente Donald Trump, en momentos de turbulencia tanto en la Iglesia como en el pa\u00eds.\n    <\/p>\n<p class=\"paragraph inline-placeholder vossi-paragraph\" data-uri=\"es.cms.cnn.com\/_components\/paragraph\/instances\/cmagyr3wa004o356mensskjq5@published\" data-editable=\"text\" data-component-name=\"paragraph\" data-article-gutter=\"true\">\n            \u201cSi el presidente Trump y el vicepresidente Vance quer\u00edan un papa estadounidense, Robert Prevost no era el que quer\u00edan\u201d, dijo Faggioli.\n    <\/p>\n<p class=\"paragraph inline-placeholder vossi-paragraph\" data-uri=\"es.cms.cnn.com\/_components\/paragraph\/instances\/cmagyr29f004j356mwb0r9glw@published\" data-editable=\"text\" data-component-name=\"paragraph\" data-article-gutter=\"true\">\n            Lee aqu\u00ed el art\u00edculo completo.\n    <\/p>\n<\/p><\/div>\n","protected":false},"excerpt":{"rendered":"<p>El mundo observaba con expectaci\u00f3n el jueves c\u00f3mo el reci\u00e9n nombrado papa Le\u00f3n XIV sal\u00eda al balc\u00f3n de la Bas\u00edlica de San Pedro, cubierto de terciopelo, y levantaba la mano para saludar a un mar de cat\u00f3licos que creen que ha sido designado por la gracia de Dios. Pero en Villanova, Pensilvania, el reverendo Robert [&hellip;]<\/p>\n","protected":false},"author":1,"featured_media":5245,"comment_status":"open","ping_status":"open","sticky":false,"template":"","format":"standard","meta":{"slim_seo":{"title":"Resumen de noticias del papa Le\u00f3n XIV del 9 de mayo - PrensaHoy.com- Noticias de Chile y el Mundo","description":"El mundo observaba con expectaci\u00f3n el jueves c\u00f3mo el reci\u00e9n nombrado papa Le\u00f3n XIV sal\u00eda al balc\u00f3n de la Bas\u00edlica de San Pedro, cubierto de terciopelo, y levant"},"footnotes":""},"categories":[32],"tags":[51,1671,1635,100,1407,828,1306],"class_list":["post-5244","post","type-post","status-publish","format-standard","has-post-thumbnail","hentry","category-noticias-del-mundo","tag-del","tag-leon","tag-mayo","tag-noticias","tag-papa","tag-resumen","tag-xiv"],"_links":{"self":[{"href":"https:\/\/prensahoy.com\/index.php\/wp-json\/wp\/v2\/posts\/5244","targetHints":{"allow":["GET"]}}],"collection":[{"href":"https:\/\/prensahoy.com\/index.php\/wp-json\/wp\/v2\/posts"}],"about":[{"href":"https:\/\/prensahoy.com\/index.php\/wp-json\/wp\/v2\/types\/post"}],"author":[{"embeddable":true,"href":"https:\/\/prensahoy.com\/index.php\/wp-json\/wp\/v2\/users\/1"}],"replies":[{"embeddable":true,"href":"https:\/\/prensahoy.com\/index.php\/wp-json\/wp\/v2\/comments?post=5244"}],"version-history":[{"count":0,"href":"https:\/\/prensahoy.com\/index.php\/wp-json\/wp\/v2\/posts\/5244\/revisions"}],"wp:featuredmedia":[{"embeddable":true,"href":"https:\/\/prensahoy.com\/index.php\/wp-json\/wp\/v2\/media\/5245"}],"wp:attachment":[{"href":"https:\/\/prensahoy.com\/index.php\/wp-json\/wp\/v2\/media?parent=5244"}],"wp:term":[{"taxonomy":"category","embeddable":true,"href":"https:\/\/prensahoy.com\/index.php\/wp-json\/wp\/v2\/categories?post=5244"},{"taxonomy":"post_tag","embeddable":true,"href":"https:\/\/prensahoy.com\/index.php\/wp-json\/wp\/v2\/tags?post=5244"}],"curies":[{"name":"wp","href":"https:\/\/api.w.org\/{rel}","templated":true}]}}