{"id":5203,"date":"2025-05-18T22:04:30","date_gmt":"2025-05-19T01:04:30","guid":{"rendered":"https:\/\/prensahoy.com\/index.php\/2025\/05\/18\/el-mundo-cofrade-espanol-procesiona-hoy-por-el-coliseo\/"},"modified":"2025-05-18T22:04:30","modified_gmt":"2025-05-19T01:04:30","slug":"el-mundo-cofrade-espanol-procesiona-hoy-por-el-coliseo","status":"publish","type":"post","link":"https:\/\/prensahoy.com\/index.php\/2025\/05\/18\/el-mundo-cofrade-espanol-procesiona-hoy-por-el-coliseo\/","title":{"rendered":"El mundo cofrade espa\u00f1ol procesiona hoy por el Coliseo"},"content":{"rendered":"<div id=\"intext\">\n<p>El mundo cofrade espa\u00f1ol ha tomado las calles de Roma. Literalmente. Dentro del amplio programa del jubileo de la esperanza, este fin de semana, las cofrad\u00edas de todo el planeta estaban llamadas a cruzar la puerta santa, al menos, de la Bas\u00edlica de San Pedro. El broche final de este encuentro multitudinario est\u00e1 previsto el domingo, con la misa en la plaza epicentro del catolicismo, que, sin buscarlo, ser\u00e1 la eucarist\u00eda de inicio de pontificado de Le\u00f3n XIV. Sin embargo, el acto central que busca visibilizar la vitalidad de la religiosidad popular tendr\u00e1 lugar hoy a partir de las dos de la tarde, cuando arranque desde la Piazza Celimontana una magna procesi\u00f3n in\u00e9dita en la historia reciente de la Iglesia, no solo por el recorrido de los dos cortejos planteados, en tanto que bordear\u00e1 el Coliseo y se adentrar\u00e1 en el Circo Massimo. En ella, participar\u00e1n ocho hermandades: tres de ellas espa\u00f1olas. Por un lado, la Pontificia, Real e Ilustre Hermandad y Cofrad\u00eda de Nazarenos del Sant\u00edsimo Cristo de la Expiraci\u00f3n y Nuestra Madre y Se\u00f1ora del Patrocinio en su dolor y gloria de Sevilla. O lo que es lo mismo, el popular Cachorro sevillano. Por otro lado, la Pontificia y Real Archicofrad\u00eda del Dulce Nombre de Jes\u00fas Nazareno del Paso y Mar\u00eda Sant\u00edsima de la Esperanza de M\u00e1laga. Esto es, la talla mariana con mayor devoci\u00f3n de la ciudad andaluza. Y cierra el tr\u00edo la Cofrad\u00eda del Dulce Nombre de Jes\u00fas Nazareno de Le\u00f3n, uno de los m\u00e1ximos exponentes de la piedad popular castellana.<\/p>\n<p>El Dicasterio para la Evangelizaci\u00f3n calcula que solo este jubileo reunir\u00e1 a cerca de 100.000 peregrinos en la capital italiana, lo que podr\u00eda desbordar todas las previsiones en la eucarist\u00eda presidida por Le\u00f3n XIV del domingo, superando las 250.000 personas. Los grupos m\u00e1s numerosos son los de Italia, Espa\u00f1a, Estados Unidos, Francia y Brasil.<\/p>\n<p>Esta semana se ha podido ver a las tallas del Cachorro y de la Esperanza expuestas en una de las capillas laterales de la bas\u00edlica de San Pedro. \u00abRepresentan a todas las im\u00e1genes del mundo, son una m\u00ednima muestra de lo que significa la religiosidad popular para nuestra Iglesia, y de la misi\u00f3n de evangelizaci\u00f3n que tienen todas las cofrad\u00edas y hermandades del mundo\u00bb, explica Paloma Saborido, coordinadora nacional de la procesi\u00f3n. \u00abPara Le\u00f3n, para la ciudad y todo lo que representa, especialmente para nuestra Semana Santa y nuestras cofrad\u00edas, es un orgullo muy importante, un momento \u00fanico e hist\u00f3rico\u00bb, apunta el alcalde leon\u00e9s, Jos\u00e9 Antonio D\u00edez, ya en la capital italiana para contemplar al Nazareno. El primer edil confiesa que la Semana Santa supone \u00abuna se\u00f1a de identidad\u00bb no solo por el valor de sus tallas, pasos y esculturas para su fe y su religiosidad, sino por la \u00abfort\u00edsima tradici\u00f3n\u00bb que pasa de padres a hijos desde hace siglos. Hasta que empiece la procesi\u00f3n, el Nazareno leon\u00e9s ser\u00e1 custodiado en la bas\u00edlica romana de Sant\u2019Adrea della Valle, en el centro de la capital.<\/p>\n<\/div>\n","protected":false},"excerpt":{"rendered":"<p>El mundo cofrade espa\u00f1ol ha tomado las calles de Roma. Literalmente. Dentro del amplio programa del jubileo de la esperanza, este fin de semana, las cofrad\u00edas de todo el planeta estaban llamadas a cruzar la puerta santa, al menos, de la Bas\u00edlica de San Pedro. El broche final de este encuentro multitudinario est\u00e1 previsto el [&hellip;]<\/p>\n","protected":false},"author":1,"featured_media":5204,"comment_status":"open","ping_status":"open","sticky":false,"template":"","format":"standard","meta":{"slim_seo":{"title":"El mundo cofrade espa\u00f1ol procesiona hoy por el Coliseo - PrensaHoy.com- Noticias de Chile y el Mundo","description":"El mundo cofrade espa\u00f1ol ha tomado las calles de Roma. Literalmente. Dentro del amplio programa del jubileo de la esperanza, este fin de semana, las cofrad\u00edas d"},"footnotes":""},"categories":[32],"tags":[1815,1817,763,242,395,60,1816],"class_list":["post-5203","post","type-post","status-publish","format-standard","has-post-thumbnail","hentry","category-noticias-del-mundo","tag-cofrade","tag-coliseo","tag-espanol","tag-hoy","tag-mundo","tag-por","tag-procesiona"],"_links":{"self":[{"href":"https:\/\/prensahoy.com\/index.php\/wp-json\/wp\/v2\/posts\/5203","targetHints":{"allow":["GET"]}}],"collection":[{"href":"https:\/\/prensahoy.com\/index.php\/wp-json\/wp\/v2\/posts"}],"about":[{"href":"https:\/\/prensahoy.com\/index.php\/wp-json\/wp\/v2\/types\/post"}],"author":[{"embeddable":true,"href":"https:\/\/prensahoy.com\/index.php\/wp-json\/wp\/v2\/users\/1"}],"replies":[{"embeddable":true,"href":"https:\/\/prensahoy.com\/index.php\/wp-json\/wp\/v2\/comments?post=5203"}],"version-history":[{"count":0,"href":"https:\/\/prensahoy.com\/index.php\/wp-json\/wp\/v2\/posts\/5203\/revisions"}],"wp:featuredmedia":[{"embeddable":true,"href":"https:\/\/prensahoy.com\/index.php\/wp-json\/wp\/v2\/media\/5204"}],"wp:attachment":[{"href":"https:\/\/prensahoy.com\/index.php\/wp-json\/wp\/v2\/media?parent=5203"}],"wp:term":[{"taxonomy":"category","embeddable":true,"href":"https:\/\/prensahoy.com\/index.php\/wp-json\/wp\/v2\/categories?post=5203"},{"taxonomy":"post_tag","embeddable":true,"href":"https:\/\/prensahoy.com\/index.php\/wp-json\/wp\/v2\/tags?post=5203"}],"curies":[{"name":"wp","href":"https:\/\/api.w.org\/{rel}","templated":true}]}}