{"id":5195,"date":"2025-05-17T21:29:03","date_gmt":"2025-05-18T00:29:03","guid":{"rendered":"https:\/\/prensahoy.com\/index.php\/2025\/05\/17\/los-10-podcasts-de-apple-en-chile-para-engancharse-este-dia\/"},"modified":"2025-05-17T21:29:03","modified_gmt":"2025-05-18T00:29:03","slug":"los-10-podcasts-de-apple-en-chile-para-engancharse-este-dia","status":"publish","type":"post","link":"https:\/\/prensahoy.com\/index.php\/2025\/05\/17\/los-10-podcasts-de-apple-en-chile-para-engancharse-este-dia\/","title":{"rendered":"Los 10 podcasts de Apple en Chile para engancharse este d\u00eda"},"content":{"rendered":"<div xmlns:default=\"http:\/\/www.w3.org\/2000\/svg\">\n<div class=\"visual__image\"><figcaption class=\"article-figcaption-img\">Apple y Spotify pelean por ofrecer los mejores servicios de streaming de m\u00fasica y podcast. (Infobae)<\/figcaption><\/div>\n<p class=\"paragraph\">Aunque hay muchos debates sobre el origen de los podcasts y cu\u00e1l fue el primero en la historia, no cabe duda que el surgimiento de plataformas por streaming como Apple en el nuevo milenio han impulsado la popularidad de este formato.<\/p>\n<p class=\"paragraph\">Como bien lo dice la palabra \u201cpodcast\u201d, se trata de un producto de audio que describe una serie epis\u00f3dica disponible para escuchar cuando el usuario as\u00ed lo desee. La palabra naci\u00f3 formalmente en 2004, cuando se combin\u00f3 Ipod y broadcast.<\/p>\n<p class=\"paragraph\">Ya se trate de salud, deportes, pol\u00edtica, cultura y entretenimiento, este formato tambi\u00e9n ha recuperado su fama entre el p\u00fablico chileno, aunque no todos los g\u00e9neros gozan de la misma aceptaci\u00f3n.<\/p>\n<p class=\"paragraph\">1. Con Peras y Finanzas<\/p>\n<p class=\"paragraph\">Podcast de inversiones y finanzas personales.<\/p>\n<p class=\"paragraph\">2. EL SENTIDO DEL HUMOR<\/p>\n<p class=\"paragraph\">\u00bfQuer\u00edan comedia? \u00a1Ac\u00e1 tienen comedia! Adem\u00e1s de actualidad, entrevistas, secciones, invitados y la particular forma de ver la vida de Luis Slimming, Marcelo Valverde y H\u00e9ctor Romero.Todo y mucho m\u00e1s en: http:elsentidodelhumor.cl<\/p>\n<p class=\"paragraph\">3. Las Alucines<\/p>\n<p class=\"paragraph\">4. Radio Duna | Hablemos en Off<\/p>\n<p class=\"paragraph\">A partir de las 8 de la ma\u00f1ana, Nicol\u00e1s Vergara, Consuelo Saavedra y Mat\u00edas del R\u00edo le agregan valor a la actualidad en Hablemos en Off. Los temas, especialistas y entrevistados que hacen noticia est\u00e1n en Duna.<\/p>\n<p class=\"paragraph\">5. Seminario Fenix | Brian Tracy<\/p>\n<p class=\"paragraph\">\u00a1Bienvenidos a &#8220;Seminario F\u00e9nix&#8221; con Brian Tracy, el podcast que te llevar\u00e1 a alcanzar nuevas alturas de \u00e9xito y desarrollo personal! \u00danete a nosotros en este viaje de transformaci\u00f3n, donde exploraremos las estrategias y principios probados por el tiempo, presentados por el renombrado autor y conferencista, Brian Tracy.Cada episodio de &#8220;Seminario F\u00e9nix&#8221; ser\u00e1 una inmersi\u00f3n profunda en el mundo de la productividad, el liderazgo, la gesti\u00f3n del tiempo y el logro de metas.<\/p>\n<p class=\"paragraph\">6. Huberman Lab<\/p>\n<p class=\"paragraph\">The Huberman Lab Podcast discusses neuroscience: how our brain and its connections with the organs of our body controls our perceptions, our behaviors, and our health.We also discuss existing and emerging tools for measuring and changing how our nervous system works.Dr. Andrew Huberman is a tenured Professor of Neurobiology and Ophthalmology at Stanford School of Medicine. His laboratory studies neural regeneration, neuroplasticity, and brain states such as stress, focus, fear, and optimal performance.For more than 20 years, Dr. Huberman has consistently published original research..<\/p>\n<p class=\"paragraph\">7. El Villegas &#8211; Actualidad y esas cosas<\/p>\n<p class=\"paragraph\">Podcast by Fernando Villegas<\/p>\n<p class=\"paragraph\">8. Psicologia Al Desnudo | psi.mammoliti<\/p>\n<p class=\"paragraph\">Psicolog\u00eda Al Desnudo surge de la idea de hacer llegar la Psicolog\u00eda a todas aquellas personas interesadas en el \u00e1rea y sobre todo, de la pasi\u00f3n por todas las tem\u00e1ticas relacionadas a la salud mental.Episodio a episodio, Marina Mammoliti, Psic\u00f3loga Cl\u00ednica, ir\u00e1 reflexionando en torno a las tem\u00e1ticas que preocupan a las personas estos tiempos, para arrojar luz sobre ellas y caminar con vos hacia el bienestar.www.psimammoliti.com| Podcast por psi.mammoliti |<\/p>\n<p class=\"paragraph\">9. Relatos de la Noche<\/p>\n<p class=\"paragraph\">En la tradici\u00f3n de los cl\u00e1sicos de la radio, aqu\u00ed se cuentan las historias, relatos y leyendas que habitan las calles de M\u00e9xico e Iberoam\u00e9rica. See acast.comprivacy for privacy and opt-out information.<\/p>\n<p class=\"paragraph\">10. Caso 63: Enigma<\/p>\n<p class=\"paragraph\">Isabel Frezan, interpretada por Ana Valeria Becerril, es una chica especial, con gran conocimiento para resolver enigmas, crucigramas y retos l\u00f3gicos. Las capacidades de esta joven mexicana le permiten ganar un extra\u00f1o concurso ofrecido por una\u00a0compa\u00f1\u00eda a\u00fan m\u00e1s extra\u00f1a (e indescifrable). Tal vez por eso no se sorprende cuando descubre que ese premio parece ser la excusa para un desaf\u00edo mayor: el de resolver el origen y funcionamiento de un arcaico artefacto denominado Enigma 55. Isabel no lo sabe, pero al aceptar esta misi\u00f3n, deber\u00e1 sumergirse en misterios claves, como el origen de Pegaso, o de los viajes en el tiempo. Y como muchas veces sucede, el \u00e9xito de esa misi\u00f3n estar\u00e1 vinculado a su propia existencia. Porque r\u00e1pidamente Isabel descubrir\u00e1 que, en esta l\u00ednea de tiempo, alguien estuvo cifrando su destino.<\/p>\n<p class=\"paragraph\">*Algunas descripciones podr\u00edan no estar disponibles porque la plataforma no las proporciona.<\/p>\n<div class=\"visual__image\"><img loading=\"lazy\" alt=\"Con sus servicios, Apple tambi\u00e9n\" class=\"global-image\" decoding=\"async\" fetchpriority=\"low\" height=\"1079\" loading=\"lazy\" src=\"https:\/\/www.infobae.com\/resizer\/v2\/PUKABNFMQNDYBLIMXW4JVZV3KY.jpg?auth=cab9bc35c479f36f45941e3c828e59750a43f6bb1a7e1fb986d3518445be457a&amp;smart=true&amp;width=350&amp;height=197&amp;quality=85\" width=\"1920\"\/><figcaption class=\"article-figcaption-img\">Con sus servicios, Apple tambi\u00e9n busca dominar la guerra por el streaming.(REUTERS\/Mike Segar)<\/figcaption><\/div>\n<p class=\"paragraph\">Las plataformas de streaming han servido como un gran impulsor de los podcasts, pues gracias a ellas los usuarios pueden disfrutar de estas producciones auditivas cuando quieran y cuantas veces deseen.<\/p>\n<p class=\"paragraph\">Al igual que su gran competidor Spotify, la empresa de la manzanita no se queda atr\u00e1s y cuenta con su servicio de Apple Podcast, con el que busca posicionarse en el gusto de m\u00e1s usuarios.<\/p>\n<p class=\"paragraph\">Tal es la importancia que han cobrado los podcasts que la empresa cuentan con el Apple Podcast Award, que reconoce al \u201cMejor Programa del A\u00f1o\u201d.<\/p>\n<p class=\"paragraph\">En este 2023 el podcast Wiser Than Me de la actriz y comediante Julia Louis-Dreyfus junto a Lemonada Media, fue nombrado como el Mejor programa del a\u00f1o tras su rotundo \u00e9xito, que seg\u00fan Apple, nadie pudo equiparar.<\/p>\n<p class=\"paragraph\">Su arranque fue colosal, pues en el primer episodio tuvo como invitada a la leyenda de Hollywood Jane Fonda, con la que habl\u00f3 sobre la edad y la importancia del paso del tiempo, asegurando que las primeras d\u00e9cadas de la vida son \u201cuna especie de legado que vas a dejar atr\u00e1s\u201d.<\/p>\n<p class=\"paragraph\">Wiser Than Me atrajo una audiencia masiva en Apple Podcasts, logrando permanecer por d\u00edas 29 seguidos como el programa n\u00famero uno en Estados Unidos, haza\u00f1a que otros no han podido realizar.<\/p>\n<\/div>\n","protected":false},"excerpt":{"rendered":"<p>Apple y Spotify pelean por ofrecer los mejores servicios de streaming de m\u00fasica y podcast. (Infobae) Aunque hay muchos debates sobre el origen de los podcasts y cu\u00e1l fue el primero en la historia, no cabe duda que el surgimiento de plataformas por streaming como Apple en el nuevo milenio han impulsado la popularidad de [&hellip;]<\/p>\n","protected":false},"author":1,"featured_media":5196,"comment_status":"open","ping_status":"open","sticky":false,"template":"","format":"standard","meta":{"slim_seo":{"title":"Los 10 podcasts de Apple en Chile para engancharse este d\u00eda - PrensaHoy.com- Noticias de Chile y el Mundo","description":"Apple y Spotify pelean por ofrecer los mejores servicios de streaming de m\u00fasica y podcast. (Infobae) Aunque hay muchos debates sobre el origen de los podcasts y"},"footnotes":""},"categories":[1],"tags":[1641,38,555,1806,53,87,171,309],"class_list":["post-5195","post","type-post","status-publish","format-standard","has-post-thumbnail","hentry","category-sin-categoria","tag-apple","tag-chile","tag-dia","tag-engancharse","tag-este","tag-los","tag-para","tag-podcasts"],"_links":{"self":[{"href":"https:\/\/prensahoy.com\/index.php\/wp-json\/wp\/v2\/posts\/5195","targetHints":{"allow":["GET"]}}],"collection":[{"href":"https:\/\/prensahoy.com\/index.php\/wp-json\/wp\/v2\/posts"}],"about":[{"href":"https:\/\/prensahoy.com\/index.php\/wp-json\/wp\/v2\/types\/post"}],"author":[{"embeddable":true,"href":"https:\/\/prensahoy.com\/index.php\/wp-json\/wp\/v2\/users\/1"}],"replies":[{"embeddable":true,"href":"https:\/\/prensahoy.com\/index.php\/wp-json\/wp\/v2\/comments?post=5195"}],"version-history":[{"count":0,"href":"https:\/\/prensahoy.com\/index.php\/wp-json\/wp\/v2\/posts\/5195\/revisions"}],"wp:featuredmedia":[{"embeddable":true,"href":"https:\/\/prensahoy.com\/index.php\/wp-json\/wp\/v2\/media\/5196"}],"wp:attachment":[{"href":"https:\/\/prensahoy.com\/index.php\/wp-json\/wp\/v2\/media?parent=5195"}],"wp:term":[{"taxonomy":"category","embeddable":true,"href":"https:\/\/prensahoy.com\/index.php\/wp-json\/wp\/v2\/categories?post=5195"},{"taxonomy":"post_tag","embeddable":true,"href":"https:\/\/prensahoy.com\/index.php\/wp-json\/wp\/v2\/tags?post=5195"}],"curies":[{"name":"wp","href":"https:\/\/api.w.org\/{rel}","templated":true}]}}