{"id":5179,"date":"2025-05-14T21:08:51","date_gmt":"2025-05-15T00:08:51","guid":{"rendered":"https:\/\/prensahoy.com\/index.php\/2025\/05\/14\/gobierno-de-chile-condena-plan-israeli-de-ocupar-gaza\/"},"modified":"2025-05-14T21:08:51","modified_gmt":"2025-05-15T00:08:51","slug":"gobierno-de-chile-condena-plan-israeli-de-ocupar-gaza","status":"publish","type":"post","link":"https:\/\/prensahoy.com\/index.php\/2025\/05\/14\/gobierno-de-chile-condena-plan-israeli-de-ocupar-gaza\/","title":{"rendered":"Gobierno de Chile condena plan israel\u00ed de ocupar Gaza"},"content":{"rendered":"<div xmlns:default=\"http:\/\/www.w3.org\/2000\/svg\">\n<p>   Por medio de un comunicado, el Ministerio de Relaciones de Exteriores asegur\u00f3 que de concretarse tal decisi\u00f3n, implicar\u00eda una violaci\u00f3n flagrante del derecho internacional.<\/p>\n<p>   La v\u00edspera, todos los miembros del gabinete israel\u00ed respaldaron la expansi\u00f3n de las actividades armadas, bajo la premisa de conquistar y retener ese enclave.<\/p>\n<p>   El plan, presentado por el jefe de las Fuerzas de Defensa, Eyal Zamir, plantea la reclusi\u00f3n forzosa de la poblaci\u00f3n palestina en el sur de la Franja y adoptar medidas para ejercer un f\u00e9rreo control del flujo de ayuda humanitaria a esa poblaci\u00f3n.<\/p>\n<p>   Ante estos proyectos, Chile record\u00f3 que un nuevo desplazamiento obligado de la poblaci\u00f3n gazat\u00ed constituye un crimen de lesa humanidad, de conformidad con el Estatuto de Roma.<\/p>\n<p>   Asimismo, el gobierno del presidente Gabriel Boric manifest\u00f3 su oposici\u00f3n al plan de distribuci\u00f3n de asistencia humanitaria anunciado por Tel Aviv, pues contraviene principios fundamentales, como la imparcialidad, independencia y neutralidad.<\/p>\n<p>  \u201cEn ese sentido, exigimos a Israel que permita la entrada de ayuda humanitaria a Gaza\u201d, afirma el documento.<\/p>\n<p>   Por \u00faltimo, insta al Estado del oriente medio a revertir su decisi\u00f3n y a respetar las normas del derecho internacional y del derecho internacional humanitario.<\/p>\n<p>jha\/car\/eam<\/p>\n<\/p><\/div>\n","protected":false},"excerpt":{"rendered":"<p>Por medio de un comunicado, el Ministerio de Relaciones de Exteriores asegur\u00f3 que de concretarse tal decisi\u00f3n, implicar\u00eda una violaci\u00f3n flagrante del derecho internacional. La v\u00edspera, todos los miembros del gabinete israel\u00ed respaldaron la expansi\u00f3n de las actividades armadas, bajo la premisa de conquistar y retener ese enclave. El plan, presentado por el jefe de [&hellip;]<\/p>\n","protected":false},"author":1,"featured_media":5180,"comment_status":"open","ping_status":"open","sticky":false,"template":"","format":"standard","meta":{"slim_seo":{"title":"Gobierno de Chile condena plan israel\u00ed de ocupar Gaza - PrensaHoy.com- Noticias de Chile y el Mundo","description":"Por medio de un comunicado, el Ministerio de Relaciones de Exteriores asegur\u00f3 que de concretarse tal decisi\u00f3n, implicar\u00eda una violaci\u00f3n flagrante del derecho in"},"footnotes":""},"categories":[1],"tags":[38,1760,119,72,1761,1762,639],"class_list":["post-5179","post","type-post","status-publish","format-standard","has-post-thumbnail","hentry","category-sin-categoria","tag-chile","tag-condena","tag-gaza","tag-gobierno","tag-israeli","tag-ocupar","tag-plan"],"_links":{"self":[{"href":"https:\/\/prensahoy.com\/index.php\/wp-json\/wp\/v2\/posts\/5179","targetHints":{"allow":["GET"]}}],"collection":[{"href":"https:\/\/prensahoy.com\/index.php\/wp-json\/wp\/v2\/posts"}],"about":[{"href":"https:\/\/prensahoy.com\/index.php\/wp-json\/wp\/v2\/types\/post"}],"author":[{"embeddable":true,"href":"https:\/\/prensahoy.com\/index.php\/wp-json\/wp\/v2\/users\/1"}],"replies":[{"embeddable":true,"href":"https:\/\/prensahoy.com\/index.php\/wp-json\/wp\/v2\/comments?post=5179"}],"version-history":[{"count":0,"href":"https:\/\/prensahoy.com\/index.php\/wp-json\/wp\/v2\/posts\/5179\/revisions"}],"wp:featuredmedia":[{"embeddable":true,"href":"https:\/\/prensahoy.com\/index.php\/wp-json\/wp\/v2\/media\/5180"}],"wp:attachment":[{"href":"https:\/\/prensahoy.com\/index.php\/wp-json\/wp\/v2\/media?parent=5179"}],"wp:term":[{"taxonomy":"category","embeddable":true,"href":"https:\/\/prensahoy.com\/index.php\/wp-json\/wp\/v2\/categories?post=5179"},{"taxonomy":"post_tag","embeddable":true,"href":"https:\/\/prensahoy.com\/index.php\/wp-json\/wp\/v2\/tags?post=5179"}],"curies":[{"name":"wp","href":"https:\/\/api.w.org\/{rel}","templated":true}]}}