{"id":5143,"date":"2025-05-09T09:14:59","date_gmt":"2025-05-09T12:14:59","guid":{"rendered":"https:\/\/prensahoy.com\/index.php\/2025\/05\/09\/resumen-de-noticias-del-conclave-que-eligio-a-prevost-como-el-nuevo-papa-leon-xiv-del-8-de-mayo-de-2025\/"},"modified":"2025-05-09T09:14:59","modified_gmt":"2025-05-09T12:14:59","slug":"resumen-de-noticias-del-conclave-que-eligio-a-prevost-como-el-nuevo-papa-leon-xiv-del-8-de-mayo-de-2025","status":"publish","type":"post","link":"https:\/\/prensahoy.com\/index.php\/2025\/05\/09\/resumen-de-noticias-del-conclave-que-eligio-a-prevost-como-el-nuevo-papa-leon-xiv-del-8-de-mayo-de-2025\/","title":{"rendered":"Resumen de noticias del c\u00f3nclave que eligi\u00f3 a Prevost como el nuevo papa Le\u00f3n XIV del 8 de mayo de 2025"},"content":{"rendered":"<div data-editable=\"content\" data-reorderable-component=\"content\">\n<p class=\"paragraph inline-placeholder vossi-paragraph\" data-uri=\"es.cms.cnn.com\/_components\/paragraph\/instances\/cmafpt3jd0039356sxmvwlng1@published\" data-editable=\"text\" data-component-name=\"paragraph\" data-article-gutter=\"true\">\n            Los l\u00edderes mundiales reaccionaron ante la designaci\u00f3n del papa Le\u00f3n XIV como nuevo l\u00edder de la Iglesia cat\u00f3lica.\n    <\/p>\n<p class=\"paragraph inline-placeholder vossi-paragraph\" data-uri=\"es.cms.cnn.com\/_components\/paragraph\/instances\/cmafq9xj2003f356snadkdck5@published\" data-editable=\"text\" data-component-name=\"paragraph\" data-article-gutter=\"true\">\n            Muchos de ellos expresaron su inter\u00e9s en colaborar con Le\u00f3n XIV en temas globales. Se espera que contin\u00fae con las reformas del papa Francisco.\n    <\/p>\n<p class=\"paragraph inline-placeholder vossi-paragraph\" data-uri=\"es.cms.cnn.com\/_components\/paragraph\/instances\/cmafq9xj2003g356stravjvls@published\" data-editable=\"text\" data-component-name=\"paragraph\" data-article-gutter=\"true\">\n            Prevost, de 69 a\u00f1os y originario de Chicago, Illinois, es el primer papa estadounidense.<br \/>Dedic\u00f3 gran parte de su carrera como misionero en Sudam\u00e9rica.\n    <\/p>\n<p class=\"paragraph inline-placeholder vossi-paragraph\" data-uri=\"es.cms.cnn.com\/_components\/paragraph\/instances\/cmafq9xj2003h356sva4e5m0b@published\" data-editable=\"text\" data-component-name=\"paragraph\" data-article-gutter=\"true\">\n            Estos son los comentarios de algunos l\u00edderes mundiales:\n    <\/p>\n<p class=\"paragraph inline-placeholder vossi-paragraph\" data-uri=\"es.cms.cnn.com\/_components\/paragraph\/instances\/cmafq9xj2003i356s00il4w9c@published\" data-editable=\"text\" data-component-name=\"paragraph\" data-article-gutter=\"true\">\n            El Taoiseach irland\u00e9s, Miche\u00e1l Martin, expres\u00f3 su esperanza de que \u201cesta oleada de buenos deseos hacia el papa Le\u00f3n XIV le brinde fuerza y \u200b\u200bapoyo al asumir la inmensa responsabilidad de su pontificado\u201d, seg\u00fan un comunicado en X. Tambi\u00e9n afirm\u00f3 que espera con inter\u00e9s colaborar con Le\u00f3n XIV \u201cpara abordar los numerosos e interrelacionados desaf\u00edos que enfrenta nuestro mundo\u201d.\n    <\/p>\n<p class=\"paragraph inline-placeholder vossi-paragraph\" data-uri=\"es.cms.cnn.com\/_components\/paragraph\/instances\/cmafq9xj2003j356s6yr88flv@published\" data-editable=\"text\" data-component-name=\"paragraph\" data-article-gutter=\"true\">\n            El presidente del Gobierno espa\u00f1ol, Pedro S\u00e1nchez, felicit\u00f3 a la Iglesia en una publicaci\u00f3n sobre el D\u00eda X y expres\u00f3 su esperanza de que el pontificado de Le\u00f3n XIV contribuya a fortalecer el di\u00e1logo y la defensa de los derechos humanos en un mundo necesitado de esperanza y unidad.\n    <\/p>\n<p class=\"paragraph inline-placeholder vossi-paragraph\" data-uri=\"es.cms.cnn.com\/_components\/paragraph\/instances\/cmafq9xj2003k356sjc0ava58@published\" data-editable=\"text\" data-component-name=\"paragraph\" data-article-gutter=\"true\">\n            El presidente del Consejo Europeo, Ant\u00f3nio Costa, y la presidenta de la Comisi\u00f3n Europea, Ursula von der Leyen, dijeron en una declaraci\u00f3n conjunta que conf\u00edan en que el papa Le\u00f3n XIV usar\u00e1 su voz en el escenario mundial para promover estos valores compartidos y fomentar la unidad en la b\u00fasqueda de un mundo m\u00e1s justo y compasivo. Ambos l\u00edderes afirmaron que la Uni\u00f3n Europea est\u00e1 dispuesta a colaborar con el nuevo l\u00edder para afrontar los desaf\u00edos globales.\n    <\/p>\n<p class=\"paragraph inline-placeholder vossi-paragraph\" data-uri=\"es.cms.cnn.com\/_components\/paragraph\/instances\/cmafq9xj2003l356sgskmtaua@published\" data-editable=\"text\" data-component-name=\"paragraph\" data-article-gutter=\"true\">\n            El l\u00edder de Emiratos \u00c1rabes Unidos, Mohamed Bin Zayed, envi\u00f3 sus m\u00e1s sinceros mejores deseos a su santidad el papa Le\u00f3n XIV por su nombramiento como cabeza de la Iglesia cat\u00f3lica y le dese\u00f3 \u00e9xito en la promoci\u00f3n del entendimiento mutuo, la paz y la armon\u00eda en todo el mundo, en una publicaci\u00f3n en X.\n    <\/p>\n<p class=\"paragraph inline-placeholder vossi-paragraph\" data-uri=\"es.cms.cnn.com\/_components\/paragraph\/instances\/cmafq9xj2003m356sffs5odoq@published\" data-editable=\"text\" data-component-name=\"paragraph\" data-article-gutter=\"true\">\n            El presidente de Ucrania, Volodymyr Zelensky, afirm\u00f3 en Telegram que \u201cUcrania valora profundamente la postura firme de la Santa Sede respecto a la adhesi\u00f3n al derecho internacional, la condena de la agresi\u00f3n militar de la Federaci\u00f3n Rusa contra Ucrania y la protecci\u00f3n de los derechos de los civiles inocentes\u201d.\n    <\/p>\n<p class=\"paragraph inline-placeholder vossi-paragraph\" data-uri=\"es.cms.cnn.com\/_components\/paragraph\/instances\/cmafq9xj2003n356s0n2562jg@published\" data-editable=\"text\" data-component-name=\"paragraph\" data-article-gutter=\"true\">\n            El presidente de Rusia, Vladimir Putin, envi\u00f3 un mensaje de felicitaci\u00f3n al papa por su elecci\u00f3n, seg\u00fan inform\u00f3 el Kremlin. \u201cLe deseo, Su Santidad, \u00e9xito en el cumplimiento de la alta misi\u00f3n que le ha sido encomendada, as\u00ed como buena salud y bienestar\u201d, dec\u00eda el mensaje, seg\u00fan el Kremlin.\n    <\/p>\n<p class=\"paragraph inline-placeholder vossi-paragraph\" data-uri=\"es.cms.cnn.com\/_components\/paragraph\/instances\/cmafq9xj2003o356sdiko0v3m@published\" data-editable=\"text\" data-component-name=\"paragraph\" data-article-gutter=\"true\">\n            El presidente de Colombia, Gustavo Petro, afirm\u00f3 que Le\u00f3n es \u201cm\u00e1s que estadounidense\u201d y destac\u00f3 su estancia en Per\u00fa. \u201cOjal\u00e1 sea el gran l\u00edder de los migrantes en el mundo y ojal\u00e1 aliente a nuestros hermanos migrantes latinoamericanos, hoy humillados en Estados Unidos\u201d, escribi\u00f3 en una publicaci\u00f3n en X.\n    <\/p>\n<p class=\"paragraph inline-placeholder vossi-paragraph\" data-uri=\"es.cms.cnn.com\/_components\/paragraph\/instances\/cmafq9xj2003p356s5oxrl0zj@published\" data-editable=\"text\" data-component-name=\"paragraph\" data-article-gutter=\"true\">\n            El presidente del L\u00edbano, Joseph Aoun, seg\u00fan la cuenta oficial del gobierno en X, declar\u00f3 que rezaba por el \u201c\u00e9xito en estos esfuerzos por difundir el mensaje de amor y paz por todo el mundo, promover el di\u00e1logo entre diferentes religiones y culturas, y que su reinado est\u00e9 lleno de logros que beneficien a toda la humanidad\u201d.\n    <\/p>\n<\/p><\/div>\n","protected":false},"excerpt":{"rendered":"<p>Los l\u00edderes mundiales reaccionaron ante la designaci\u00f3n del papa Le\u00f3n XIV como nuevo l\u00edder de la Iglesia cat\u00f3lica. Muchos de ellos expresaron su inter\u00e9s en colaborar con Le\u00f3n XIV en temas globales. Se espera que contin\u00fae con las reformas del papa Francisco. Prevost, de 69 a\u00f1os y originario de Chicago, Illinois, es el primer papa [&hellip;]<\/p>\n","protected":false},"author":1,"featured_media":5144,"comment_status":"open","ping_status":"open","sticky":false,"template":"","format":"standard","meta":{"slim_seo":{"title":"Resumen de noticias del c\u00f3nclave que eligi\u00f3 a Prevost como el nuevo papa Le\u00f3n XIV del 8 de mayo de 2025 - PrensaHoy.com- Noticias de Chile y el Mundo","description":"Los l\u00edderes mundiales reaccionaron ante la designaci\u00f3n del papa Le\u00f3n XIV como nuevo l\u00edder de la Iglesia cat\u00f3lica. Muchos de ellos expresaron su inter\u00e9s en colab"},"footnotes":""},"categories":[32],"tags":[229,1668,51,1669,1671,1635,100,989,1407,1670,828,1306],"class_list":["post-5143","post","type-post","status-publish","format-standard","has-post-thumbnail","hentry","category-noticias-del-mundo","tag-como","tag-conclave","tag-del","tag-eligio","tag-leon","tag-mayo","tag-noticias","tag-nuevo","tag-papa","tag-prevost","tag-resumen","tag-xiv"],"_links":{"self":[{"href":"https:\/\/prensahoy.com\/index.php\/wp-json\/wp\/v2\/posts\/5143","targetHints":{"allow":["GET"]}}],"collection":[{"href":"https:\/\/prensahoy.com\/index.php\/wp-json\/wp\/v2\/posts"}],"about":[{"href":"https:\/\/prensahoy.com\/index.php\/wp-json\/wp\/v2\/types\/post"}],"author":[{"embeddable":true,"href":"https:\/\/prensahoy.com\/index.php\/wp-json\/wp\/v2\/users\/1"}],"replies":[{"embeddable":true,"href":"https:\/\/prensahoy.com\/index.php\/wp-json\/wp\/v2\/comments?post=5143"}],"version-history":[{"count":0,"href":"https:\/\/prensahoy.com\/index.php\/wp-json\/wp\/v2\/posts\/5143\/revisions"}],"wp:featuredmedia":[{"embeddable":true,"href":"https:\/\/prensahoy.com\/index.php\/wp-json\/wp\/v2\/media\/5144"}],"wp:attachment":[{"href":"https:\/\/prensahoy.com\/index.php\/wp-json\/wp\/v2\/media?parent=5143"}],"wp:term":[{"taxonomy":"category","embeddable":true,"href":"https:\/\/prensahoy.com\/index.php\/wp-json\/wp\/v2\/categories?post=5143"},{"taxonomy":"post_tag","embeddable":true,"href":"https:\/\/prensahoy.com\/index.php\/wp-json\/wp\/v2\/tags?post=5143"}],"curies":[{"name":"wp","href":"https:\/\/api.w.org\/{rel}","templated":true}]}}