{"id":5087,"date":"2025-04-29T02:04:32","date_gmt":"2025-04-29T05:04:32","guid":{"rendered":"https:\/\/prensahoy.com\/index.php\/2025\/04\/29\/espana-y-portugal-a-oscuras-por-un-apagon-generalizado\/"},"modified":"2025-04-29T02:04:32","modified_gmt":"2025-04-29T05:04:32","slug":"espana-y-portugal-a-oscuras-por-un-apagon-generalizado","status":"publish","type":"post","link":"https:\/\/prensahoy.com\/index.php\/2025\/04\/29\/espana-y-portugal-a-oscuras-por-un-apagon-generalizado\/","title":{"rendered":"Espa\u00f1a y Portugal, a oscuras por un apag\u00f3n generalizado"},"content":{"rendered":"<div data-testid=\"companionColumn-0\">\n<div class=\"css-53u6y8\">\n<p class=\"css-at9mc1 evys1bk0\">Un gran apag\u00f3n afect\u00f3 a Espa\u00f1a y Portugal el lunes por la tarde, lo que paraliz\u00f3 de manera abrupta las actividades cotidianas: trenes y metros se detuvieron, sem\u00e1foros estaban apagados, tiendas cerraron y algunos vuelos se cancelaron o retrasaron.<\/p>\n<p class=\"css-at9mc1 evys1bk0\">Horas despu\u00e9s de que se cortara la electricidad hacia las 12:30 p. m., hora de Europa central, dejando varadas a decenas de millones de personas en toda la pen\u00ednsula ib\u00e9rica, las autoridades segu\u00edan sin saber la causa, aunque varias negaron que se tratara de un acto delictivo.<\/p>\n<p class=\"css-at9mc1 evys1bk0\">\u201cEn este momento, no hay indicios de ning\u00fan ciberataque\u201d, escribi\u00f3 en X Ant\u00f3nio Costa, presidente del Consejo Europeo, tras comunicarse con los dirigentes de Espa\u00f1a y Portugal, quienes celebraron reuniones de emergencia. \u201cLos operadores de la red el\u00e9ctrica de ambos pa\u00edses est\u00e1n trabajando para encontrar la causa y restablecer el suministro el\u00e9ctrico\u201d.<\/p>\n<\/div>\n<\/div>\n<div data-testid=\"companionColumn-1\">\n<div class=\"css-53u6y8\">\n<p class=\"css-at9mc1 evys1bk0\">El lunes por la noche, con la ayuda de electricidad canalizada desde Marruecos y Francia, algunas zonas del norte y el sur de Espa\u00f1a hab\u00edan vuelto a tener electricidad y Red El\u00e9ctrica, la empresa nacional de electricidad de Espa\u00f1a, se\u00f1al\u00f3 que el suministro se estaba restableciendo de manera gradual en todo el pa\u00eds. M\u00e1s tarde, el lunes por la noche, el presidente, Pedro S\u00e1nchez, dijo: \u201cSe ha restablecido ya casi el 50 por ciento del suministro el\u00e9ctrico nacional\u201d.<\/p>\n<p class=\"css-at9mc1 evys1bk0\">En Portugal, el proveedor de electricidad y gas, REN, anunci\u00f3 que se hab\u00eda vuelto a conectar la electricidad a dos importantes subestaciones cerca de Lisboa y que los residentes en la regi\u00f3n del Gran Oporto estar\u00edan conectados en poco tiempo.<\/p>\n<p class=\"css-at9mc1 evys1bk0\">El apag\u00f3n afect\u00f3 brevemente a Francia. RTE, el operador de la red el\u00e9ctrica francesa, dijo en un comunicado que algunos hogares de la regi\u00f3n vasca se hab\u00edan quedado sin electricidad, pero que \u201ctodo el suministro se ha restablecido desde entonces\u201d.<\/p>\n<p class=\"css-at9mc1 evys1bk0\">Sin embargo, otros permanec\u00edan en la oscuridad.<\/p>\n<p class=\"css-at9mc1 evys1bk0\">La reacci\u00f3n en toda la regi\u00f3n oscil\u00f3 entre el acopio fren\u00e9tico de reservas, el desconcierto confuso y la tranquilidad de atrincherarse y conformarse a la vida sin electricidad.<\/p>\n<\/div>\n<\/div>\n<div data-testid=\"companionColumn-2\">\n<div class=\"css-53u6y8\">\n<p class=\"css-at9mc1 evys1bk0\">Hubo problemas generalizados de conexi\u00f3n a internet y a las redes telef\u00f3nicas en toda Espa\u00f1a y Portugal. La falta de acceso a la informaci\u00f3n fue desconcertante para muchos.<\/p>\n<p class=\"css-at9mc1 evys1bk0\">\u201cNo saber qu\u00e9 est\u00e1 pasando es lo peor\u201d, dijo Lucia Prisco, de 57 a\u00f1os. En una tienda de Lisboa, la capital de Portugal, donde trabaja, se llevaron r\u00e1pidamente la dos \u00faltimas botellas de agua de cinco litros que quedaban. \u201cEs la primera vez que vivimos algo as\u00ed\u201d.<\/p>\n<p class=\"css-at9mc1 evys1bk0\">Poco despu\u00e9s de que se cortara la electricidad, empezaron a formarse largas filas fuera de los cajeros autom\u00e1ticos. Los sem\u00e1foros y las se\u00f1ales de tr\u00e1fico el\u00e9ctricas dejaron de funcionar, se\u00f1al\u00f3 la autoridad espa\u00f1ola de tr\u00e1fico en X, pidiendo a los residentes que \u201cevitaran conducir en la medida de lo posible\u201d, aunque muchos no pudieron acceder al mensaje.<\/p>\n<p class=\"css-at9mc1 evys1bk0\">Poco despu\u00e9s del apag\u00f3n, las im\u00e1genes de los medios de comunicaci\u00f3n espa\u00f1oles mostraban escenas ca\u00f3ticas en Madrid. Al no funcionar los sem\u00e1foros, los veh\u00edculos bloqueaban las amplias y frondosas avenidas de la ciudad, y la polic\u00eda de tr\u00e1fico improvisaba, haciendo todo lo posible por mantener la circulaci\u00f3n. Por la noche, algunos de quienes regresaban a casa hab\u00edan abandonado sus veh\u00edculos y optado por caminar.<\/p>\n<\/div>\n<\/div>\n<div data-testid=\"companionColumn-3\">\n<div class=\"css-53u6y8\">\n<p class=\"css-at9mc1 evys1bk0\">Calles y plazas se llenaron de gente a pie. Los medios de comunicaci\u00f3n espa\u00f1oles estaban inundados de an\u00e9cdotas: los pasajeros de un tren, varados durante horas en medio de la nada, hab\u00edan bajado de sus vagones y estaban sentados junto a las v\u00edas, bajo el sol, esperando a ser rescatados.<\/p>\n<p class=\"css-at9mc1 evys1bk0\">En la ciudad espa\u00f1ola de Valencia, los servicios de emergencia llevaban todo el d\u00eda rescatando a personas de los ascensores. A las 9:00 p. m., el Ayuntamiento de Valencia anunci\u00f3 en las redes sociales que se hab\u00eda liberado a todos los que hab\u00edan quedado atrapado en los ascensores.<\/p>\n<p class=\"css-at9mc1 evys1bk0\">Pero el apag\u00f3n puso a las principales instituciones en modo de gesti\u00f3n de crisis. Los hospitales espa\u00f1oles tuvieron que funcionar con generadores. Los bancos y escuelas portugueses cerraron sus puertas, y el Consejo de Ministros de Portugal declar\u00f3 una crisis energ\u00e9tica para, seg\u00fan se\u00f1al\u00f3 en las redes sociales, \u201cgarantizar la prioridad en el restablecimiento de la electricidad a servicios esenciales como hospitales y telecomunicaciones\u201d. El torneo de tenis Madrid Open fue suspendido, inform\u00f3 el ATP Tour.<\/p>\n<p class=\"css-at9mc1 evys1bk0\">El Museo del Prado estaba abarrotado cuando se apagaron las luces en la Espa\u00f1a continental. En ese momento, un equipo de la televisi\u00f3n espa\u00f1ola estaba grabando un programa en el interior del recinto. Sus c\u00e1maras captaron la confusi\u00f3n que sigui\u00f3, mostrando a turistas y estudiantes del colegio desconcertados que eran evacuados del edificio por el personal del museo, el cual estaba preocupado por la seguridad de algunos de los tesoros de la naci\u00f3n, incluidas obras de arte de Francisco de Goya y Diego Vel\u00e1zquez.<\/p>\n<p class=\"css-at9mc1 evys1bk0\">Los viajes en tren fueron interrumpidos en toda Espa\u00f1a. Renfe, la compa\u00f1\u00eda nacional de ferrocarriles de Espa\u00f1a, escribi\u00f3 en un mensaje en X que los trenes hab\u00edan dejado de funcionar en todas las estaciones. Tambi\u00e9n se interrumpi\u00f3 el servicio de metro en varias ciudades, como Valencia y Madrid.<\/p>\n<\/div>\n<\/div>\n<div data-testid=\"companionColumn-4\">\n<div class=\"css-53u6y8\">\n<p class=\"css-at9mc1 evys1bk0\">M\u00e1s tarde, el ministro de Transportes del pa\u00eds, \u00d3scar Puente, dijo en X que las v\u00edas f\u00e9rreas permanecer\u00edan cerradas todo el d\u00eda.<\/p>\n<p class=\"css-at9mc1 evys1bk0\">Joe Meert, profesor de geolog\u00eda de la Universidad de Florida, celebraba su 30 aniversario con su esposa, Michelle. Pero el tren en el que viajaban se detuvo de repente en las v\u00edas en una zona rural en alg\u00fan lugar entre Madrid y Valencia, dijo en una entrevista telef\u00f3nica.<\/p>\n<p class=\"css-at9mc1 evys1bk0\">Al cabo de tres horas, dijo, al vag\u00f3n comedor solo le quedaba cerveza y algunos refrescos.<\/p>\n<p class=\"css-at9mc1 evys1bk0\">\u201cNos hemos quedado sin agua\u201d, dijo Meert, de 67 a\u00f1os, mientras observaba c\u00f3mo algunos pasajeros bajaban del tren y caminaban hacia un tractor donde un granjero estaba repartiendo agua. El personal del tren iba de vag\u00f3n en vag\u00f3n dando noticias, pues el altavoz ya no funcionaba, dijo.<\/p>\n<\/div>\n<\/div>\n<div data-testid=\"companionColumn-5\">\n<div class=\"css-53u6y8\">\n<p class=\"css-at9mc1 evys1bk0\">\u201cLo \u00faltimo que escuchamos fue que no hab\u00eda noticias\u201d, dijo Meert.<\/p>\n<p class=\"css-at9mc1 evys1bk0\">El lunes por la noche, el presidente del gobierno espa\u00f1ol, S\u00e1nchez, dijo que 35.000 pasajeros hab\u00edan quedado varados en unos 100 trenes. Pero m\u00e1s tarde se\u00f1al\u00f3 que solo quedaban por rescatar a personas de 11 trenes, en lugares m\u00e1s inaccesibles. S\u00e1nchez dijo en su conferencia de prensa que el servicio normal se restablecer\u00eda el martes, a\u00f1adiendo, sin embargo, que \u201cnos espera una larga noche\u201d.<\/p>\n<\/div>\n<\/div>\n<div data-testid=\"companionColumn-6\">\n<div class=\"css-53u6y8\">\n<p class=\"css-at9mc1 evys1bk0\">Antes, el lunes, hab\u00eda dicho que alrededor del 20 por ciento del tr\u00e1fico a\u00e9reo espa\u00f1ol se hab\u00eda quedado en tierra. Algunos vuelos tambi\u00e9n sufrieron retrasos, escribi\u00f3 Aena, que gestiona muchos aeropuertos espa\u00f1oles, en X.<\/p>\n<p class=\"css-at9mc1 evys1bk0\">Millones de personas de toda la regi\u00f3n intentaron hacer frente a las perturbaciones mientras a\u00fan les quedaba luz del d\u00eda.<\/p>\n<p class=\"css-at9mc1 evys1bk0\">En Lisboa, la gente corri\u00f3 a las tiendas de comestibles para abastecerse de agua y productos secos. Muchos no tuvieron suerte: algunas de las principales tiendas cerraron por la tarde. Las tiendas de comestibles m\u00e1s peque\u00f1as se esforzaban por resurtir unas estanter\u00edas que se vaciaban r\u00e1pidamente. En algunos mostradores, los dependientes contaban los billetes a mano con papel y bol\u00edgrafo, ya que los sistemas de pago no funcionaban.<\/p>\n<p class=\"css-at9mc1 evys1bk0\">\u201cEs como cuando era joven, hace 50 a\u00f1os\u201d, dijo Francisco Garcia, de 61 a\u00f1os, restaurador de barcos que vive en el casco antiguo de Lisboa. Y a\u00f1adi\u00f3: \u201cEs un recordatorio de lo dependientes que somos de cosas que est\u00e1n fuera de nuestro control\u201d.<\/p>\n<\/div>\n<\/div>\n<div data-testid=\"companionColumn-7\">\n<div class=\"css-53u6y8\">\n<p class=\"css-at9mc1 evys1bk0\">Durante los primeros 30 minutos, Garcia pudo acceder a las noticias en su tel\u00e9fono. Despu\u00e9s, los sitios de noticias colapsaron, dijo. \u201cEstamos en un apag\u00f3n total\u201d, dijo.<\/p>\n<p class=\"css-at9mc1 evys1bk0\">Como los lectores de tarjetas bancarias no funcionaban, solo se pod\u00eda pagar en efectivo, cuando la gente ten\u00eda. En la tienda de comestibles de su vecindario, Rajan Basnet dejaba que los compradores agradecidos que revisaban sus estanter\u00edas casi vac\u00edas se marcharan con las provisiones que necesitaban, aunque no pudieran pagar.<\/p>\n<p class=\"css-at9mc1 evys1bk0\">\u201cMa\u00f1ana podr\u00eda ser yo quien necesite algo\u201d, dijo Basnet, quien se mud\u00f3 a Portugal hace cuatro a\u00f1os desde Nepal.<\/p>\n<p class=\"css-at9mc1 evys1bk0\">A las 3 p. m., el agua hab\u00eda desaparecido y la mayor parte de las verduras frescas hab\u00edan sido recogidas, pero a Basnet le quedaban pescado enlatado e hileras de galletas saladas y dulces.<\/p>\n<p class=\"css-at9mc1 evys1bk0\">Debido al corte de electricidad, los tribunales de Murcia, en el sureste de Espa\u00f1a, permanecieron cerrados, y se cancelaron las actividades infantiles y los actos culturales. Se apostaron agentes de polic\u00eda en los principales cruces para dirigir el tr\u00e1fico.<\/p>\n<\/div>\n<\/div>\n<div data-testid=\"companionColumn-8\">\n<div class=\"css-53u6y8\">\n<p class=\"css-at9mc1 evys1bk0\">\u201cNos estamos asegurando de que la guardia civil est\u00e9 preparada para la noche, porque nada funciona\u201d, afirm\u00f3 Maria Contreras, portavoz municipal, desde un oscuro pasillo del Ayuntamiento. \u201cNo funcionan las c\u00e1maras de seguridad de nadie; no funciona nada. Los sem\u00e1foros, nada. Y estamos esperando a ver cu\u00e1ndo volver\u00e1n\u201d.<\/p>\n<p class=\"css-at9mc1 evys1bk0\">A pesar de la confusi\u00f3n, muchos parecieron adaptarse. En Murcia, algunos hicieron picnic en un parque. Las terrazas de los restaurantes estaban llenas. Y mientras la luz del sol del mediod\u00eda segu\u00eda brillando con fuerza, continuaron las clases de flamenco en el interior, mientras la gente practicaba bajo la luz que entraba por las ventanas.<\/p>\n<p class=\"css-at9mc1 evys1bk0\">En el centro de Lisboa, el sonido que emanaba de Barberia Oliveira era mucho m\u00e1s suave que el zumbido habitual de las maquinillas. Los barberos cortaban tranquilamente el pelo con tijeras. Se preguntaban en voz alta si el apag\u00f3n era un problema de infraestructuras, una cat\u00e1strofe natural o una intromisi\u00f3n internacional.<\/p>\n<p class=\"css-at9mc1 evys1bk0\">\u201cLos portugueses somos bastante relajados con la mayor\u00eda de las cosas\u201d, dijo Diogo Cardozo, uno de los barberos. \u201cNos lleva un tiempo empezar a asustarnos\u201d.<\/p>\n<p class=\"css-at9mc1 evys1bk0\">Adem\u00e1s, a\u00f1adi\u00f3 riendo: \u201cDe todas formas, las cosas no siempre funcionan tan bien en Portugal. Si esto fuera B\u00e9lgica, podr\u00eda ser diferente\u201d.<\/p>\n<\/div>\n<\/div>\n<div data-testid=\"companionColumn-9\">\n<div class=\"css-53u6y8\">\n<p class=\"css-at9mc1 evys1bk0\">Otro barbero, Nuno Alves, dijo que lo que m\u00e1s le preocupaba era lo que ocurrir\u00eda una vez finalizado el apag\u00f3n.<\/p>\n<p class=\"css-at9mc1 evys1bk0\">\u201cPodemos soportar el apag\u00f3n\u201d, dijo. \u201cPero lo peor ser\u00eda que no explicaran bien lo ocurrido\u201d.<\/p>\n<p class=\"css-798hid etfikam0\">Ephrat Livni, Tiago Carrasco y Nazaneen Ghaffar colaboraron con reporter\u00eda.<\/p>\n<p class=\"css-798hid etfikam0\">Jonathan Wolfe es un reportero del Times afincado en Londres que cubre noticias de \u00faltima hora.<\/p>\n<p class=\"css-798hid etfikam0\">Amelia Nierenberg es reportera de noticias de \u00faltima hora para The New York Times en Londres y cubre noticias internacionales.<\/p>\n<p class=\"css-798hid etfikam0\">Azam Ahmed es corresponsal de investigaciones internacionales del Times. Ha informado sobre los esc\u00e1ndalos de Wall Street, la guerra de Afganist\u00e1n y la violencia y corrupci\u00f3n en M\u00e9xico, Centroam\u00e9rica y el Caribe. M\u00e1s de Azam Ahmed<\/p>\n<p class=\"css-798hid etfikam0\">Catherine Porter es reportera internacional del Times y cubre Francia. Est\u00e1 radicada en Par\u00eds. M\u00e1s de Catherine Porter.<\/p>\n<\/div>\n<\/div>\n","protected":false},"excerpt":{"rendered":"<p>Un gran apag\u00f3n afect\u00f3 a Espa\u00f1a y Portugal el lunes por la tarde, lo que paraliz\u00f3 de manera abrupta las actividades cotidianas: trenes y metros se detuvieron, sem\u00e1foros estaban apagados, tiendas cerraron y algunos vuelos se cancelaron o retrasaron. Horas despu\u00e9s de que se cortara la electricidad hacia las 12:30 p. m., hora de Europa [&hellip;]<\/p>\n","protected":false},"author":1,"featured_media":5088,"comment_status":"open","ping_status":"open","sticky":false,"template":"","format":"standard","meta":{"slim_seo":{"title":"Espa\u00f1a y Portugal, a oscuras por un apag\u00f3n generalizado - PrensaHoy.com- Noticias de Chile y el Mundo","description":"Un gran apag\u00f3n afect\u00f3 a Espa\u00f1a y Portugal el lunes por la tarde, lo que paraliz\u00f3 de manera abrupta las actividades cotidianas: trenes y metros se detuvieron, se"},"footnotes":""},"categories":[32],"tags":[1518,892,1519,1517,60,1516],"class_list":["post-5087","post","type-post","status-publish","format-standard","has-post-thumbnail","hentry","category-noticias-del-mundo","tag-apagon","tag-espana","tag-generalizado","tag-oscuras","tag-por","tag-portugal"],"_links":{"self":[{"href":"https:\/\/prensahoy.com\/index.php\/wp-json\/wp\/v2\/posts\/5087","targetHints":{"allow":["GET"]}}],"collection":[{"href":"https:\/\/prensahoy.com\/index.php\/wp-json\/wp\/v2\/posts"}],"about":[{"href":"https:\/\/prensahoy.com\/index.php\/wp-json\/wp\/v2\/types\/post"}],"author":[{"embeddable":true,"href":"https:\/\/prensahoy.com\/index.php\/wp-json\/wp\/v2\/users\/1"}],"replies":[{"embeddable":true,"href":"https:\/\/prensahoy.com\/index.php\/wp-json\/wp\/v2\/comments?post=5087"}],"version-history":[{"count":0,"href":"https:\/\/prensahoy.com\/index.php\/wp-json\/wp\/v2\/posts\/5087\/revisions"}],"wp:featuredmedia":[{"embeddable":true,"href":"https:\/\/prensahoy.com\/index.php\/wp-json\/wp\/v2\/media\/5088"}],"wp:attachment":[{"href":"https:\/\/prensahoy.com\/index.php\/wp-json\/wp\/v2\/media?parent=5087"}],"wp:term":[{"taxonomy":"category","embeddable":true,"href":"https:\/\/prensahoy.com\/index.php\/wp-json\/wp\/v2\/categories?post=5087"},{"taxonomy":"post_tag","embeddable":true,"href":"https:\/\/prensahoy.com\/index.php\/wp-json\/wp\/v2\/tags?post=5087"}],"curies":[{"name":"wp","href":"https:\/\/api.w.org\/{rel}","templated":true}]}}