{"id":5061,"date":"2025-04-24T13:33:03","date_gmt":"2025-04-24T16:33:03","guid":{"rendered":"https:\/\/prensahoy.com\/index.php\/2025\/04\/24\/noticias-chile-baja-la-probabilidad-de-lluvias-en-la-region-metropolitana-noticias-chile-informadorchile\/"},"modified":"2025-04-24T13:33:03","modified_gmt":"2025-04-24T16:33:03","slug":"noticias-chile-baja-la-probabilidad-de-lluvias-en-la-region-metropolitana-noticias-chile-informadorchile","status":"publish","type":"post","link":"https:\/\/prensahoy.com\/index.php\/2025\/04\/24\/noticias-chile-baja-la-probabilidad-de-lluvias-en-la-region-metropolitana-noticias-chile-informadorchile\/","title":{"rendered":"Noticias Chile | Baja la probabilidad de lluvias en la Regi\u00f3n Metropolitana \u2013 Noticias Chile | Informadorchile"},"content":{"rendered":"<div>\n<div class=\"adsb30\" style=\" margin:12px; text-align:center\">\n<p><\/p>\n<\/div>\n<p><img fetchpriority=\"high\" decoding=\"async\" class=\"aligncenter size-full wp-image-155815\" src=\"https:\/\/www.elinformadorchile.cl\/wp-content\/uploads\/2024\/02\/noticias-chile-tendencia.png\" alt=\"\" width=\"1024\" height=\"300\" srcset=\"https:\/\/www.elinformadorchile.cl\/wp-content\/uploads\/2024\/02\/noticias-chile-tendencia.png 1024w, https:\/\/www.elinformadorchile.cl\/wp-content\/uploads\/2024\/02\/noticias-chile-tendencia-300x88.png 300w, https:\/\/www.elinformadorchile.cl\/wp-content\/uploads\/2024\/02\/noticias-chile-tendencia-768x225.png 768w, https:\/\/www.elinformadorchile.cl\/wp-content\/uploads\/2024\/02\/noticias-chile-tendencia-356x104.png 356w, https:\/\/www.elinformadorchile.cl\/wp-content\/uploads\/2024\/02\/noticias-chile-tendencia-470x138.png 470w, https:\/\/www.elinformadorchile.cl\/wp-content\/uploads\/2024\/02\/noticias-chile-tendencia-70x21.png 70w, https:\/\/www.elinformadorchile.cl\/wp-content\/uploads\/2024\/02\/noticias-chile-tendencia-100x29.png 100w\" sizes=\"(max-width: 1024px) 100vw, 1024px\"\/><\/p>\n<p style=\"text-align: justify;\">\nEl meteor\u00f3logo de Mega, Jaime Leyton, actualiz\u00f3 su pron\u00f3stico del tiempo para Santiago, el cual cambi\u00f3 en las \u00faltimas horas respecto a lo que ocurrir\u00e1 en la jornada de este mi\u00e9rcoles 23 de abril.<\/p>\n<div class=\"adsb30\" style=\" margin:12px; text-align:center\">\n<p><img loading=\"lazy\" loading=\"lazy\" decoding=\"async\" class=\"aligncenter wp-image-157138 size-full\" src=\"https:\/\/www.elinformadorchile.cl\/wp-content\/uploads\/2024\/03\/Screenshot_2024-03-23-09-10-57-28_40deb401b9ffe8e1df2f1cc5ba480b12.jpg\" alt=\"\" width=\"1080\" height=\"217\" srcset=\"https:\/\/www.elinformadorchile.cl\/wp-content\/uploads\/2024\/03\/Screenshot_2024-03-23-09-10-57-28_40deb401b9ffe8e1df2f1cc5ba480b12.jpg 1080w, https:\/\/www.elinformadorchile.cl\/wp-content\/uploads\/2024\/03\/Screenshot_2024-03-23-09-10-57-28_40deb401b9ffe8e1df2f1cc5ba480b12-300x60.jpg 300w, https:\/\/www.elinformadorchile.cl\/wp-content\/uploads\/2024\/03\/Screenshot_2024-03-23-09-10-57-28_40deb401b9ffe8e1df2f1cc5ba480b12-1024x206.jpg 1024w, https:\/\/www.elinformadorchile.cl\/wp-content\/uploads\/2024\/03\/Screenshot_2024-03-23-09-10-57-28_40deb401b9ffe8e1df2f1cc5ba480b12-768x154.jpg 768w, https:\/\/www.elinformadorchile.cl\/wp-content\/uploads\/2024\/03\/Screenshot_2024-03-23-09-10-57-28_40deb401b9ffe8e1df2f1cc5ba480b12-356x72.jpg 356w, https:\/\/www.elinformadorchile.cl\/wp-content\/uploads\/2024\/03\/Screenshot_2024-03-23-09-10-57-28_40deb401b9ffe8e1df2f1cc5ba480b12-470x94.jpg 470w, https:\/\/www.elinformadorchile.cl\/wp-content\/uploads\/2024\/03\/Screenshot_2024-03-23-09-10-57-28_40deb401b9ffe8e1df2f1cc5ba480b12-70x14.jpg 70w, https:\/\/www.elinformadorchile.cl\/wp-content\/uploads\/2024\/03\/Screenshot_2024-03-23-09-10-57-28_40deb401b9ffe8e1df2f1cc5ba480b12-100x20.jpg 100w\" sizes=\"auto, (max-width: 1080px) 100vw, 1080px\"\/><\/div>\n<p style=\"text-align: justify;\">Te puede interesar :<span style=\"color: #0000ff;\">Noticias Chile | Imputado por drogas denuncia que carabineros le robaron $3 millones tras fiscalizaci\u00f3n<\/span><\/p>\n<p style=\"text-align: justify;\">\nSi hasta el pasado martes no se ve\u00eda la probabilidad de precipitaciones en los valles de la Regi\u00f3n Metropolitana, esto tuvo un vuelco, ya que podr\u00eda caer algo de agua en la capital.<\/p>\n<blockquote>\n<p style=\"text-align: justify;\">\n\u201cHay novedades en el tiempo\u201d, sostuvo el experto, agregando que \u201choy d\u00eda podr\u00edan caer algunas gotitas en Santiago\u201d.<\/p>\n<\/blockquote>\n<p style=\"text-align: justify;\">En cuanto a qu\u00e9 zonas de la capital se registrar\u00e1n las precipitaciones, se\u00f1al\u00f3 que \u201cno se puede precisar la comuna porque est\u00e1 un poquitito disperso\u201d.<\/p>\n<p style=\"text-align: justify;\">\nAsimismo, asegur\u00f3 que llover\u00e1 \u201cmuy poquito\u201d. \u201cNo es una lluvia, son cuatro gotas y b\u00e1jele dos. Yo creo que con dos\u201d.<\/p>\n<p>Lluvia para el viernes en Santiago<\/p>\n<p style=\"text-align: justify;\">\nEl jueves Santiago tendr\u00eda una pausa de las precipitaciones, con nubosidad y temperaturas extremas de 10\u00b0C y 23\u00b0C. Sin embargo, \u201cel viernes vamos a tener lluvia, pero d\u00e9bil\u201d, afirm\u00f3 Leyton.<\/p>\n<p style=\"text-align: justify;\">\u201cEl d\u00eda viernes con cielo cubierto, precipitaciones con apellido de d\u00e9biles. Deber\u00eda totalizar no m\u00e1s de dos mil\u00edmetros\u201d, se\u00f1al\u00f3, precisando que el fen\u00f3meno se presentar\u00eda \u201cal final de la jornada\u201d.<\/p>\n<p>El pron\u00f3stico del tiempo para Santiago este fin de semana<\/p>\n<p style=\"text-align: justify;\">\n\u201cEl d\u00eda s\u00e1bado con escasa nubosidad, 5\u00b0C la m\u00ednima, ma\u00f1ana fr\u00eda en Santiago, as\u00ed que a prepararse para el inicio del fin de semana\u201d, advirti\u00f3, detallando que la m\u00e1xima alcanzar\u00e1 los 21\u00b0C.<\/p>\n<p style=\"text-align: justify;\">Finalmente, el meteor\u00f3logo expuso que \u201cel d\u00eda domingo para cualquier tipo de actividades despu\u00e9s de las 10 de la ma\u00f1ana, porque va a estar nuevamente fr\u00eda la ma\u00f1ana, 5\u00b0C, y aumenta hasta 25\u00b0C\u201d en la tarde.<\/p>\n<div class=\"adsb30\" style=\" margin:12px; text-align:center\">\n<p><img loading=\"lazy\" loading=\"lazy\" decoding=\"async\" class=\"aligncenter size-full wp-image-170321\" src=\"https:\/\/www.elinformadorchile.cl\/wp-content\/uploads\/2024\/10\/SmartSelect_20230822_161036_Chrome.jpg\" alt=\"\" width=\"1053\" height=\"305\" srcset=\"https:\/\/www.elinformadorchile.cl\/wp-content\/uploads\/2024\/10\/SmartSelect_20230822_161036_Chrome.jpg 1053w, https:\/\/www.elinformadorchile.cl\/wp-content\/uploads\/2024\/10\/SmartSelect_20230822_161036_Chrome-300x87.jpg 300w, https:\/\/www.elinformadorchile.cl\/wp-content\/uploads\/2024\/10\/SmartSelect_20230822_161036_Chrome-1024x297.jpg 1024w, https:\/\/www.elinformadorchile.cl\/wp-content\/uploads\/2024\/10\/SmartSelect_20230822_161036_Chrome-768x222.jpg 768w, https:\/\/www.elinformadorchile.cl\/wp-content\/uploads\/2024\/10\/SmartSelect_20230822_161036_Chrome-356x103.jpg 356w, https:\/\/www.elinformadorchile.cl\/wp-content\/uploads\/2024\/10\/SmartSelect_20230822_161036_Chrome-470x136.jpg 470w, https:\/\/www.elinformadorchile.cl\/wp-content\/uploads\/2024\/10\/SmartSelect_20230822_161036_Chrome-70x20.jpg 70w, https:\/\/www.elinformadorchile.cl\/wp-content\/uploads\/2024\/10\/SmartSelect_20230822_161036_Chrome-100x29.jpg 100w\" sizes=\"auto, (max-width: 1053px) 100vw, 1053px\"\/><\/p>\n<\/div><\/div>\n","protected":false},"excerpt":{"rendered":"<p>El meteor\u00f3logo de Mega, Jaime Leyton, actualiz\u00f3 su pron\u00f3stico del tiempo para Santiago, el cual cambi\u00f3 en las \u00faltimas horas respecto a lo que ocurrir\u00e1 en la jornada de este mi\u00e9rcoles 23 de abril. Te puede interesar :Noticias Chile | Imputado por drogas denuncia que carabineros le robaron $3 millones tras fiscalizaci\u00f3n Si hasta el [&hellip;]<\/p>\n","protected":false},"author":1,"featured_media":5062,"comment_status":"open","ping_status":"open","sticky":false,"template":"","format":"standard","meta":{"slim_seo":{"title":"Noticias Chile | Baja la probabilidad de lluvias en la Regi\u00f3n Metropolitana \u2013 Noticias Chile | Informadorchile - PrensaHoy.com- Noticias de Chile y el Mundo","description":"El meteor\u00f3logo de Mega, Jaime Leyton, actualiz\u00f3 su pron\u00f3stico del tiempo para Santiago, el cual cambi\u00f3 en las \u00faltimas horas respecto a lo que ocurrir\u00e1 en la jor"},"footnotes":""},"categories":[1],"tags":[1100,38,1134,1394,1447,100,1446,1417],"class_list":["post-5061","post","type-post","status-publish","format-standard","has-post-thumbnail","hentry","category-sin-categoria","tag-baja","tag-chile","tag-informadorchile","tag-lluvias","tag-metropolitana","tag-noticias","tag-probabilidad","tag-region"],"_links":{"self":[{"href":"https:\/\/prensahoy.com\/index.php\/wp-json\/wp\/v2\/posts\/5061","targetHints":{"allow":["GET"]}}],"collection":[{"href":"https:\/\/prensahoy.com\/index.php\/wp-json\/wp\/v2\/posts"}],"about":[{"href":"https:\/\/prensahoy.com\/index.php\/wp-json\/wp\/v2\/types\/post"}],"author":[{"embeddable":true,"href":"https:\/\/prensahoy.com\/index.php\/wp-json\/wp\/v2\/users\/1"}],"replies":[{"embeddable":true,"href":"https:\/\/prensahoy.com\/index.php\/wp-json\/wp\/v2\/comments?post=5061"}],"version-history":[{"count":0,"href":"https:\/\/prensahoy.com\/index.php\/wp-json\/wp\/v2\/posts\/5061\/revisions"}],"wp:featuredmedia":[{"embeddable":true,"href":"https:\/\/prensahoy.com\/index.php\/wp-json\/wp\/v2\/media\/5062"}],"wp:attachment":[{"href":"https:\/\/prensahoy.com\/index.php\/wp-json\/wp\/v2\/media?parent=5061"}],"wp:term":[{"taxonomy":"category","embeddable":true,"href":"https:\/\/prensahoy.com\/index.php\/wp-json\/wp\/v2\/categories?post=5061"},{"taxonomy":"post_tag","embeddable":true,"href":"https:\/\/prensahoy.com\/index.php\/wp-json\/wp\/v2\/tags?post=5061"}],"curies":[{"name":"wp","href":"https:\/\/api.w.org\/{rel}","templated":true}]}}