{"id":4953,"date":"2025-03-23T11:18:11","date_gmt":"2025-03-23T14:18:11","guid":{"rendered":"https:\/\/prensahoy.com\/index.php\/2025\/03\/23\/chile-sufre-la-baja-de-alexis-sanchez-d10\/"},"modified":"2025-03-23T11:18:11","modified_gmt":"2025-03-23T14:18:11","slug":"chile-sufre-la-baja-de-alexis-sanchez-d10","status":"publish","type":"post","link":"https:\/\/prensahoy.com\/index.php\/2025\/03\/23\/chile-sufre-la-baja-de-alexis-sanchez-d10\/","title":{"rendered":"Chile sufre la baja de Alexis S\u00e1nchez &#8211; D10"},"content":{"rendered":"<div>\n<p>Alexis S\u00e1nchez cuenta con una fatiga muscular, de acuerdo con informaci\u00f3n chilena por lo que no estar\u00e1 disponible en el encuentro con Paraguay. El ofensivo trasandino, desde la llegada de Ricardo Gareca, a\u00fan no ha tenido minutos en los compromisos clasificatorios.<\/p>\n<p>Medios chilenos se\u00f1alan que Alexis S\u00e1nchez no complet\u00f3 la movilizaci\u00f3n de la ma\u00f1ana, dej\u00f3 el lugar de entrenamiento para trasladarse a un sanatorio. Los resultados arrojaron que el futbolista est\u00e1 con una fatiga.<\/p>\n<p>El \u00faltimo juego de Alexis S\u00e1nchez con Chile se produjo en la Copa Am\u00e9rica 2024, ante Canad\u00e1. Posteriormente sufri\u00f3 una lesi\u00f3n que lo priv\u00f3 de los partidos de Eliminatorias Sudamericanas. Paraguay recibir\u00e1 a Chile el jueves 20 de marzo, a las 20:00, en el estadio ueno Defensores del Chaco.<\/p>\n<\/p><\/div>\n","protected":false},"excerpt":{"rendered":"<p>Alexis S\u00e1nchez cuenta con una fatiga muscular, de acuerdo con informaci\u00f3n chilena por lo que no estar\u00e1 disponible en el encuentro con Paraguay. El ofensivo trasandino, desde la llegada de Ricardo Gareca, a\u00fan no ha tenido minutos en los compromisos clasificatorios. Medios chilenos se\u00f1alan que Alexis S\u00e1nchez no complet\u00f3 la movilizaci\u00f3n de la ma\u00f1ana, dej\u00f3 [&hellip;]<\/p>\n","protected":false},"author":1,"featured_media":4954,"comment_status":"open","ping_status":"open","sticky":false,"template":"","format":"standard","meta":{"slim_seo":{"title":"Chile sufre la baja de Alexis S\u00e1nchez - D10 - PrensaHoy.com- Noticias de Chile y el Mundo","description":"Alexis S\u00e1nchez cuenta con una fatiga muscular, de acuerdo con informaci\u00f3n chilena por lo que no estar\u00e1 disponible en el encuentro con Paraguay. El ofensivo tras"},"footnotes":""},"categories":[1],"tags":[1101,1100,38,1103,1102,1099],"class_list":["post-4953","post","type-post","status-publish","format-standard","has-post-thumbnail","hentry","category-sin-categoria","tag-alexis","tag-baja","tag-chile","tag-d10","tag-sanchez","tag-sufre"],"_links":{"self":[{"href":"https:\/\/prensahoy.com\/index.php\/wp-json\/wp\/v2\/posts\/4953","targetHints":{"allow":["GET"]}}],"collection":[{"href":"https:\/\/prensahoy.com\/index.php\/wp-json\/wp\/v2\/posts"}],"about":[{"href":"https:\/\/prensahoy.com\/index.php\/wp-json\/wp\/v2\/types\/post"}],"author":[{"embeddable":true,"href":"https:\/\/prensahoy.com\/index.php\/wp-json\/wp\/v2\/users\/1"}],"replies":[{"embeddable":true,"href":"https:\/\/prensahoy.com\/index.php\/wp-json\/wp\/v2\/comments?post=4953"}],"version-history":[{"count":0,"href":"https:\/\/prensahoy.com\/index.php\/wp-json\/wp\/v2\/posts\/4953\/revisions"}],"wp:featuredmedia":[{"embeddable":true,"href":"https:\/\/prensahoy.com\/index.php\/wp-json\/wp\/v2\/media\/4954"}],"wp:attachment":[{"href":"https:\/\/prensahoy.com\/index.php\/wp-json\/wp\/v2\/media?parent=4953"}],"wp:term":[{"taxonomy":"category","embeddable":true,"href":"https:\/\/prensahoy.com\/index.php\/wp-json\/wp\/v2\/categories?post=4953"},{"taxonomy":"post_tag","embeddable":true,"href":"https:\/\/prensahoy.com\/index.php\/wp-json\/wp\/v2\/tags?post=4953"}],"curies":[{"name":"wp","href":"https:\/\/api.w.org\/{rel}","templated":true}]}}