{"id":4951,"date":"2025-03-22T23:55:07","date_gmt":"2025-03-23T02:55:07","guid":{"rendered":"https:\/\/prensahoy.com\/index.php\/2025\/03\/22\/dia-del-idioma-espanol-usas-un-lenguaje-inclusivo\/"},"modified":"2025-03-22T23:55:07","modified_gmt":"2025-03-23T02:55:07","slug":"dia-del-idioma-espanol-usas-un-lenguaje-inclusivo","status":"publish","type":"post","link":"https:\/\/prensahoy.com\/index.php\/2025\/03\/22\/dia-del-idioma-espanol-usas-un-lenguaje-inclusivo\/","title":{"rendered":"D\u00eda del idioma espa\u00f1ol: \u00bfusas un lenguaje inclusivo?"},"content":{"rendered":"<div id=\"\">\n<figure class=\"bbc-1qn0xuy\">\n<div class=\"bbc-j1srjl\" style=\"padding-bottom:56.25%\"><\/p>\n<p class=\"bbc-by8ykd\" role=\"text\"><span class=\"bbc-m04vo2\">Fuente de la imagen, <\/span><span lang=\"en-GB\">Getty Images\/BBC<\/span><\/p>\n<\/div><figcaption class=\"bbc-15f1ujd\" dir=\"ltr\"><span role=\"text\"><span class=\"bbc-m04vo2\">Pie de foto, <\/span><span data-testid=\"caption-paragraph\">Este 23 de abril se celebra el D\u00eda de la lengua espa\u00f1ola.<\/span><\/span><\/figcaption><\/figure>\n<p>Informaci\u00f3n del art\u00edculo<span role=\"text\"><span class=\"bbc-m04vo2\">Autor, <\/span><span class=\"bbc-1ypcc2\">Redacci\u00f3n  <\/span><\/span><span role=\"text\"><span class=\"bbc-m04vo2\">T\u00edtulo del autor,  <\/span><span class=\"bbc-1y5sx98\">BBC News Mundo<\/span><\/span><\/p>\n<p>23 abril 2019<\/p>\n<div dir=\"ltr\" class=\"bbc-19j92fr ebmt73l0\">\n<p dir=\"ltr\" class=\"bbc-hhl7in e17g058b0\">&#8220;Muchos de los que est\u00e1n en contra del uso del lenguaje con perspectiva de g\u00e9nero argumentan desde el lugar de una supuesta superioridad, con subestimaci\u00f3n y algo de prepotencia. Casi como el conquistador que est\u00e1 imponiendo sus reglas en otro territorio. Y en este caso y en este siglo el territorio no es geogr\u00e1fico sino humano: la mujer y los g\u00e9neros no binarios&#8221;.<\/p>\n<\/div>\n<div dir=\"ltr\" class=\"bbc-19j92fr ebmt73l0\">\n<p dir=\"ltr\" class=\"bbc-hhl7in e17g058b0\">As\u00ed lo expres\u00f3 la escritora argentina Claudia Pi\u00f1eiro en el \u00faltimo Congreso de la Lengua Espa\u00f1ola que se realiz\u00f3 en marzo en C\u00f3rdoba, Argentina. <\/p>\n<\/div>\n<div dir=\"ltr\" class=\"bbc-19j92fr ebmt73l0\">\n<p dir=\"ltr\" class=\"bbc-hhl7in e17g058b0\">El debate por el lenguaje inclusivo en cuanto al g\u00e9nero lleva a\u00f1os aunque se hizo m\u00e1s fuerte con el surgimiento de los movimiento #MeToo y #niunamenos, en los que se denuncian los abusos contra la mujer y se reclaman por sus derechos. <\/p>\n<\/div>\n<div dir=\"ltr\" class=\"bbc-19j92fr ebmt73l0\">\n<p dir=\"ltr\" class=\"bbc-hhl7in e17g058b0\">Este 23 de abril se celebra el D\u00eda de la lengua espa\u00f1ola, decretado por las Naciones Unidas, y para concientizar a sus empleados y al mundo en general, la organizaci\u00f3n decidi\u00f3 hablar este a\u00f1o sin barreras de g\u00e9nero. <\/p>\n<\/div>\n<figure class=\"bbc-1qn0xuy\">\n<div class=\"bbc-j1srjl\" style=\"padding-bottom:56.25%\"><img loading=\"lazy\" decoding=\"async\" src=\"https:\/\/ichef.bbci.co.uk\/ace\/ws\/640\/cpsprodpb\/6AB3\/production\/_106551372_gettyimages-993706166.jpg.webp\" srcset=\"https:\/\/ichef.bbci.co.uk\/ace\/ws\/240\/cpsprodpb\/6AB3\/production\/_106551372_gettyimages-993706166.jpg.webp 240w, https:\/\/ichef.bbci.co.uk\/ace\/ws\/320\/cpsprodpb\/6AB3\/production\/_106551372_gettyimages-993706166.jpg.webp 320w, https:\/\/ichef.bbci.co.uk\/ace\/ws\/480\/cpsprodpb\/6AB3\/production\/_106551372_gettyimages-993706166.jpg.webp 480w, https:\/\/ichef.bbci.co.uk\/ace\/ws\/624\/cpsprodpb\/6AB3\/production\/_106551372_gettyimages-993706166.jpg.webp 624w, https:\/\/ichef.bbci.co.uk\/ace\/ws\/800\/cpsprodpb\/6AB3\/production\/_106551372_gettyimages-993706166.jpg.webp 800w\" sizes=\"auto, (min-width: 1008px) 760px, 100vw\" alt=\"Hombre mira a una mujer con duda.\" loading=\"lazy\" width=\"976\" height=\"549\" style=\"aspect-ratio:976 \/ 549\" class=\"bbc-139onq\"\/><\/p>\n<p class=\"bbc-by8ykd\" role=\"text\"><span class=\"bbc-m04vo2\">Fuente de la imagen, <\/span><span lang=\"en-GB\">Getty Images<\/span><\/p>\n<\/div><figcaption class=\"bbc-15f1ujd\" dir=\"ltr\"><span role=\"text\"><span class=\"bbc-m04vo2\">Pie de foto, <\/span><span data-testid=\"caption-paragraph\">\u00bfCu\u00e1n inclusiva es la forma en que hablas o que escribes?<\/span><\/span><\/figcaption><\/figure>\n<div dir=\"ltr\" class=\"bbc-19j92fr ebmt73l0\">\n<p dir=\"ltr\" class=\"bbc-hhl7in e17g058b0\">&#8220;Cuando hablamos de lenguaje inclusivo en cuanto al g\u00e9nero, de lo que hablamos es de utilizar la lengua, ya sea bien en el oral o el escrito, de una manera que no discrimine ning\u00fan sexo, g\u00e9nero o identidad de g\u00e9nero&#8221;, dice Ana Garc\u00eda \u00c1lvarez, coordinadora de formaci\u00f3n, divulgaci\u00f3n y asuntos de g\u00e9nero del Departamento de Gesti\u00f3n de Conferencias de las Naciones Unidas. <\/p>\n<\/div>\n<div dir=\"ltr\" class=\"bbc-19j92fr ebmt73l0\">\n<p dir=\"ltr\" class=\"bbc-hhl7in e17g058b0\">La ONU public\u00f3 una gu\u00eda de recursos y orientaciones para emplear un lenguaje inclusivo en cuanto al g\u00e9nero en todo tipo de situaci\u00f3n comunicativa. <\/p>\n<\/div>\n<div dir=\"ltr\" class=\"bbc-19j92fr ebmt73l0\">\n<p dir=\"ltr\" class=\"bbc-hhl7in e17g058b0\">&#8220;No estamos intentando imponer un estilo de comunicaci\u00f3n. Solo estamos diciendo que si cambiamos el tipo de comunicaci\u00f3n podemos promover mucho m\u00e1s la igualdad de g\u00e9nero&#8221;, a\u00f1ade Garc\u00eda \u00c1lvarez en la p\u00e1gina web de la ONU.<\/p>\n<\/div>\n<div dir=\"ltr\" class=\"bbc-19j92fr ebmt73l0\">\n<p dir=\"ltr\" class=\"bbc-hhl7in e17g058b0\">En BBC Mundo tomamos parte de esas recomendaciones y las transformamos en un quiz para que midas cu\u00e1n inclusivo es tu lenguaje y tengas herramientas si quieres modificarlo. <\/p>\n<\/div>\n<figure class=\"bbc-1qn0xuy\">\n<div class=\"bbc-j1srjl\" style=\"padding-bottom:34.63%\"><img loading=\"lazy\" decoding=\"async\" src=\"https:\/\/ichef.bbci.co.uk\/ace\/ws\/640\/cpsprodpb\/B045\/production\/_106552154_pregunta.png.webp\" srcset=\"https:\/\/ichef.bbci.co.uk\/ace\/ws\/240\/cpsprodpb\/B045\/production\/_106552154_pregunta.png.webp 240w, https:\/\/ichef.bbci.co.uk\/ace\/ws\/320\/cpsprodpb\/B045\/production\/_106552154_pregunta.png.webp 320w, https:\/\/ichef.bbci.co.uk\/ace\/ws\/480\/cpsprodpb\/B045\/production\/_106552154_pregunta.png.webp 480w, https:\/\/ichef.bbci.co.uk\/ace\/ws\/624\/cpsprodpb\/B045\/production\/_106552154_pregunta.png.webp 624w, https:\/\/ichef.bbci.co.uk\/ace\/ws\/800\/cpsprodpb\/B045\/production\/_106552154_pregunta.png.webp 800w\" sizes=\"auto, (min-width: 1008px) 760px, 100vw\" alt=\"Signo de pregunta.\" loading=\"lazy\" width=\"976\" height=\"338\" style=\"aspect-ratio:976 \/ 338\" class=\"bbc-139onq\"\/><\/p>\n<p class=\"bbc-by8ykd\" role=\"text\"><span class=\"bbc-m04vo2\">Fuente de la imagen, <\/span><span lang=\"en-GB\">Getty Images<\/span><\/p>\n<\/div>\n<\/figure>\n<div dir=\"ltr\" class=\"bbc-19j92fr ebmt73l0\">\n<p dir=\"ltr\" class=\"bbc-hhl7in e17g058b0\">\u00bfTe interesa saber m\u00e1s sobre el idioma espa\u00f1ol? Aqu\u00ed te dejamos m\u00e1s pruebas:<\/p>\n<\/div>\n<figure class=\"bbc-1qn0xuy\">\n<div class=\"bbc-j1srjl\" style=\"padding-bottom:0.43%\"><img loading=\"lazy\" decoding=\"async\" src=\"https:\/\/ichef.bbci.co.uk\/ace\/ws\/640\/cpsprodpb\/AD77\/production\/_106170444_line976.jpg.webp\" srcset=\"https:\/\/ichef.bbci.co.uk\/ace\/ws\/240\/cpsprodpb\/AD77\/production\/_106170444_line976.jpg.webp 240w, https:\/\/ichef.bbci.co.uk\/ace\/ws\/320\/cpsprodpb\/AD77\/production\/_106170444_line976.jpg.webp 320w, https:\/\/ichef.bbci.co.uk\/ace\/ws\/464\/cpsprodpb\/AD77\/production\/_106170444_line976.jpg.webp 464w\" sizes=\"auto, (min-width: 1008px) 760px, 100vw\" alt=\"line\" loading=\"lazy\" width=\"464\" height=\"2\" style=\"aspect-ratio:464 \/ 2\" class=\"bbc-139onq\"\/><\/div>\n<\/figure>\n<div dir=\"ltr\" class=\"bbc-19j92fr ebmt73l0\">\n<p dir=\"ltr\" class=\"bbc-hhl7in e17g058b0\">Ahora puedes recibir notificaciones de BBC Mundo. Descarga la nueva versi\u00f3n de nuestra app y act\u00edvalas para no perderte nuestro mejor contenido.<\/p>\n<\/div>\n<div dir=\"ltr\" class=\"bbc-19j92fr ebmt73l0\">\n<div data-e2e=\"youtube-embed-https:\/\/www.youtube.com\/watch?v=ZEX-s3z3Vp8\" class=\"bbc-itm2oc e19v6olm0\">\n<div class=\"bbc-7zw6iy e10dhiml2\"><span>Saltar contenido de YouTube, 1<\/span><\/p>\n<div class=\"bbc-e78w4i ejs9cgv1\">\n<div data-testid=\"consentBanner\" id=\"consentBanner-ZEX-s3z3Vp8\" class=\"bbc-1xyz7v2\">\u00bfPermitir el contenido de Google YouTube?<\/p>\n<p class=\"bbc-cyyweh\" data-testid=\"banner-body\">Este art\u00edculo contiene contenido proporcionado por Google YouTube. Solicitamos tu permiso antes de que algo  se cargue, ya que ese sitio  puede estar usando cookies y otras tecnolog\u00edas. Es posible que quieras leer pol\u00edtica de cookies y pol\u00edtica de privacidad de Google YouTube antes de aceptar. Para ver este contenido, selecciona &#8216;aceptar y continuar&#8217;.<\/p>\n<p>Aceptar y continuar<\/p><\/div>\n<p>Advertencia: El contenido de sitios externos y terceras partes puede contener publicidad<\/p><\/div>\n<p tabindex=\"-1\" id=\"end-of-youtube-content-1\" class=\"bbc-10a2avq e10dhiml0\">Fin del contenido de YouTube, 1<\/p>\n<\/div>\n<\/div>\n<\/div>\n<div dir=\"ltr\" class=\"bbc-19j92fr ebmt73l0\">\n<div data-e2e=\"youtube-embed-https:\/\/www.youtube.com\/watch?v=xurBmYHtD-c\" class=\"bbc-itm2oc e19v6olm0\">\n<div class=\"bbc-7zw6iy e10dhiml2\"><span>Saltar contenido de YouTube, 2<\/span><\/p>\n<div class=\"bbc-e78w4i ejs9cgv1\">\n<div data-testid=\"consentBanner\" id=\"consentBanner-xurBmYHtD-c\" class=\"bbc-1xyz7v2\">\u00bfPermitir el contenido de Google YouTube?<\/p>\n<p class=\"bbc-cyyweh\" data-testid=\"banner-body\">Este art\u00edculo contiene contenido proporcionado por Google YouTube. Solicitamos tu permiso antes de que algo  se cargue, ya que ese sitio  puede estar usando cookies y otras tecnolog\u00edas. Es posible que quieras leer pol\u00edtica de cookies y pol\u00edtica de privacidad de Google YouTube antes de aceptar. Para ver este contenido, selecciona &#8216;aceptar y continuar&#8217;.<\/p>\n<p>Aceptar y continuar<\/p><\/div>\n<p>Advertencia: El contenido de sitios externos y terceras partes puede contener publicidad<\/p><\/div>\n<p tabindex=\"-1\" id=\"end-of-youtube-content-2\" class=\"bbc-10a2avq e10dhiml0\">Fin del contenido de YouTube, 2<\/p>\n<\/div>\n<\/div>\n<\/div>\n<div dir=\"ltr\" class=\"bbc-19j92fr ebmt73l0\">\n<div data-e2e=\"youtube-embed-https:\/\/www.youtube.com\/watch?v=QWwnV83nGzY\" class=\"bbc-itm2oc e19v6olm0\">\n<div class=\"bbc-7zw6iy e10dhiml2\"><span>Saltar contenido de YouTube, 3<\/span><\/p>\n<div class=\"bbc-e78w4i ejs9cgv1\">\n<div data-testid=\"consentBanner\" id=\"consentBanner-QWwnV83nGzY\" class=\"bbc-1xyz7v2\">\u00bfPermitir el contenido de Google YouTube?<\/p>\n<p class=\"bbc-cyyweh\" data-testid=\"banner-body\">Este art\u00edculo contiene contenido proporcionado por Google YouTube. Solicitamos tu permiso antes de que algo  se cargue, ya que ese sitio  puede estar usando cookies y otras tecnolog\u00edas. Es posible que quieras leer pol\u00edtica de cookies y pol\u00edtica de privacidad de Google YouTube antes de aceptar. Para ver este contenido, selecciona &#8216;aceptar y continuar&#8217;.<\/p>\n<p>Aceptar y continuar<\/p><\/div>\n<p>Advertencia: El contenido de sitios externos y terceras partes puede contener publicidad<\/p><\/div>\n<p tabindex=\"-1\" id=\"end-of-youtube-content-3\" class=\"bbc-10a2avq e10dhiml0\">Fin del contenido de YouTube, 3<\/p>\n<\/div>\n<\/div>\n<\/div>\n<\/div>\n","protected":false},"excerpt":{"rendered":"<p>Fuente de la imagen, Getty Images\/BBC Pie de foto, Este 23 de abril se celebra el D\u00eda de la lengua espa\u00f1ola. Informaci\u00f3n del art\u00edculoAutor, Redacci\u00f3n T\u00edtulo del autor, BBC News Mundo 23 abril 2019 &#8220;Muchos de los que est\u00e1n en contra del uso del lenguaje con perspectiva de g\u00e9nero argumentan desde el lugar de una [&hellip;]<\/p>\n","protected":false},"author":1,"featured_media":4952,"comment_status":"open","ping_status":"open","sticky":false,"template":"","format":"standard","meta":{"slim_seo":{"title":"D\u00eda del idioma espa\u00f1ol: \u00bfusas un lenguaje inclusivo? - PrensaHoy.com- Noticias de Chile y el Mundo","description":"Fuente de la imagen, Getty Images\/BBC Pie de foto, Este 23 de abril se celebra el D\u00eda de la lengua espa\u00f1ola. Informaci\u00f3n del art\u00edculo Autor, Redacci\u00f3n T\u00edtulo de"},"footnotes":""},"categories":[32],"tags":[51,555,763,965,1098,1097,1096],"class_list":["post-4951","post","type-post","status-publish","format-standard","has-post-thumbnail","hentry","category-noticias-del-mundo","tag-del","tag-dia","tag-espanol","tag-idioma","tag-inclusivo","tag-lenguaje","tag-usas"],"_links":{"self":[{"href":"https:\/\/prensahoy.com\/index.php\/wp-json\/wp\/v2\/posts\/4951","targetHints":{"allow":["GET"]}}],"collection":[{"href":"https:\/\/prensahoy.com\/index.php\/wp-json\/wp\/v2\/posts"}],"about":[{"href":"https:\/\/prensahoy.com\/index.php\/wp-json\/wp\/v2\/types\/post"}],"author":[{"embeddable":true,"href":"https:\/\/prensahoy.com\/index.php\/wp-json\/wp\/v2\/users\/1"}],"replies":[{"embeddable":true,"href":"https:\/\/prensahoy.com\/index.php\/wp-json\/wp\/v2\/comments?post=4951"}],"version-history":[{"count":0,"href":"https:\/\/prensahoy.com\/index.php\/wp-json\/wp\/v2\/posts\/4951\/revisions"}],"wp:featuredmedia":[{"embeddable":true,"href":"https:\/\/prensahoy.com\/index.php\/wp-json\/wp\/v2\/media\/4952"}],"wp:attachment":[{"href":"https:\/\/prensahoy.com\/index.php\/wp-json\/wp\/v2\/media?parent=4951"}],"wp:term":[{"taxonomy":"category","embeddable":true,"href":"https:\/\/prensahoy.com\/index.php\/wp-json\/wp\/v2\/categories?post=4951"},{"taxonomy":"post_tag","embeddable":true,"href":"https:\/\/prensahoy.com\/index.php\/wp-json\/wp\/v2\/tags?post=4951"}],"curies":[{"name":"wp","href":"https:\/\/api.w.org\/{rel}","templated":true}]}}