{"id":4948,"date":"2025-03-22T23:16:17","date_gmt":"2025-03-23T02:16:17","guid":{"rendered":"https:\/\/prensahoy.com\/index.php\/2025\/03\/22\/la-fiscalia-chilena-acusa-al-gobierno-de-venezuela-de-pagar-por-el-asesinato-del-opositor-ronald-ojeda-en-chile\/"},"modified":"2025-03-22T23:16:17","modified_gmt":"2025-03-23T02:16:17","slug":"la-fiscalia-chilena-acusa-al-gobierno-de-venezuela-de-pagar-por-el-asesinato-del-opositor-ronald-ojeda-en-chile","status":"publish","type":"post","link":"https:\/\/prensahoy.com\/index.php\/2025\/03\/22\/la-fiscalia-chilena-acusa-al-gobierno-de-venezuela-de-pagar-por-el-asesinato-del-opositor-ronald-ojeda-en-chile\/","title":{"rendered":"La Fiscal\u00eda chilena acusa al gobierno de Venezuela de pagar por el asesinato del opositor Ronald Ojeda en Chile"},"content":{"rendered":"<div id=\"\">\n<figure class=\"bbc-1qn0xuy\">\n<div class=\"bbc-j1srjl\" style=\"padding-bottom:56.25%\"><\/p>\n<p class=\"bbc-by8ykd\" role=\"text\"><span class=\"bbc-m04vo2\">Fuente de la imagen, <\/span><span lang=\"en-GB\">X<\/span><\/p>\n<\/div><figcaption class=\"bbc-15f1ujd\" dir=\"ltr\"><span role=\"text\"><span class=\"bbc-m04vo2\">Pie de foto, <\/span><span data-testid=\"caption-paragraph\">Ojeda formaba parte de un grupo de militares que apoy\u00f3 un documento en el que desconoc\u00edan a Nicol\u00e1s Maduro como jefe de las Fuerzas Armadas de Venezuela.<\/span><\/span><\/figcaption><\/figure>\n<p>Informaci\u00f3n del art\u00edculo<span role=\"text\"><span class=\"bbc-m04vo2\">Autor, <\/span><span class=\"bbc-1ypcc2\">Redacci\u00f3n<\/span><\/span><span role=\"text\"><span class=\"bbc-m04vo2\">T\u00edtulo del autor,  <\/span><span class=\"bbc-1y5sx98\">BBC News Mundo<\/span><\/span><\/p>\n<p>23 enero 2025<\/p>\n<div dir=\"ltr\" class=\"bbc-19j92fr ebmt73l0\">\n<p dir=\"ltr\" class=\"bbc-hhl7in e17g058b0\">La Fiscal\u00eda chilena se\u00f1al\u00f3 al gobierno de Nicol\u00e1s Maduro por su presunta participaci\u00f3n en el asesinato del exmilitar opositor venezolano Ronald Ojeda, cuyo cad\u00e1ver fue hallado en marzo de 2024 enterrado en una barriada informal de Santiago de Chile despu\u00e9s de haber sido secuestrado d\u00edas antes por delincuentes disfrazados de polic\u00edas chilenos.<\/p>\n<\/div>\n<div dir=\"ltr\" class=\"bbc-19j92fr ebmt73l0\">\n<p dir=\"ltr\" class=\"bbc-hhl7in e17g058b0\">Una informaci\u00f3n de la cadena Chilevisi\u00f3n revel\u00f3 este mi\u00e9rcoles que uno de los testigos clave del caso dijo a los investigadores que Diosdado Cabello, dirigente clave y ministro del Interior de la Venezuela chavista, hab\u00eda encargado y pagado el secuestro de Ojeda a criminales de la banda conocida como Tren de Aragua en Chile y a quien entonces se consideraba su m\u00e1ximo responsable local, H\u00e9ctor Rusthenford Guerrero, alias &#8220;Ni\u00f1o&#8221; Guerrero.<\/p>\n<\/div>\n<div dir=\"ltr\" class=\"bbc-19j92fr ebmt73l0\">\n<p dir=\"ltr\" class=\"bbc-hhl7in e17g058b0\">&#8220;Se me dijo que Diosdado Cabello, quien es un pol\u00edtico venezolano, dio la instrucci\u00f3n de hacer el secuestro por medio del &#8220;Ni\u00f1o&#8221; Guerrero, pagando a trav\u00e9s de \u00e9l&#8221;, declar\u00f3 este testigo seg\u00fan los documentos obtenidos por Chilevisi\u00f3n.<\/p>\n<\/div>\n<div dir=\"ltr\" class=\"bbc-19j92fr ebmt73l0\">\n<p dir=\"ltr\" class=\"bbc-hhl7in e17g058b0\">A H\u00e9ctor Barros, coordinador del Equipo de Crimen Organizado y Homicidios de la Fiscal\u00eda Nacional, le preguntaron si ten\u00eda la convicci\u00f3n de que la muerte de Ojeda hab\u00eda sido ordenada por el Gobierno de Venezuela y por Diosdado Cabello, y respondi\u00f3. &#8220;De acuerdo con los antecedentes de la investigaci\u00f3n, s\u00ed. Dijimos en un principio que por el perfil de la v\u00edctima esto era un hecho pol\u00edtico, pero los antecedentes que ahora existen en la investigaci\u00f3n dan cuenta que ya no solo es por el perfil de la v\u00edctima, sino que los pagos habr\u00edan sido realizados por el Gobierno venezolano&#8221;.<\/p>\n<\/div>\n<div dir=\"ltr\" class=\"bbc-19j92fr ebmt73l0\">\n<p dir=\"ltr\" class=\"bbc-hhl7in e17g058b0\">\u00c1ngel Valencia, fiscal nacional, tambi\u00e9n se refiri\u00f3 a la presunta implicaci\u00f3n del Gobierno venezolano en el crimen: &#8220;No es una opini\u00f3n que est\u00e9 construida sobre la base de una simple especulaci\u00f3n; es una hip\u00f3tesis de investigaci\u00f3n que tiene sustento en la evidencia que se ha ido recopilando&#8221;.<\/p>\n<\/div>\n<div dir=\"ltr\" class=\"bbc-19j92fr ebmt73l0\">\n<p dir=\"ltr\" class=\"bbc-hhl7in e17g058b0\">El Gobierno de Nicol\u00e1s Maduro ha negado en el pasado toda relaci\u00f3n con la muerte de Ojeda. En abril, su canciller, Yv\u00e1n Gil, tach\u00f3 de &#8220;c\u00famulo de falsedades y relato inveros\u00edmil&#8221;, las informaciones period\u00edsticas que se\u00f1alaban esa presunta implicaci\u00f3n.<\/p>\n<\/div>\n<div dir=\"ltr\" class=\"bbc-19j92fr ebmt73l0\">\n<p dir=\"ltr\" class=\"bbc-hhl7in e17g058b0\">&#8220;Cuando se conozcan los detalles de la investigaci\u00f3n van a llegar a la luz muchos antecedentes que van a ser muy reveladores de c\u00f3mo operan estos grupos, de cu\u00e1les son sus v\u00ednculos&#8221;, dijo la ministra chilena de Interior, Carolina Toh\u00e1, que dijo estar segura de que van a generar &#8220;atenci\u00f3n internacional&#8221;.<\/p>\n<\/div>\n<p><h2 id=\"Qui\u00e9n-era-Ronald-Ojeda-y-c\u00f3mo-muri\u00f3\" tabindex=\"-1\" class=\"bbc-1lgzob2 eglt09e0\">Qui\u00e9n era Ronald Ojeda y c\u00f3mo muri\u00f3<\/h2>\n<\/p>\n<div dir=\"ltr\" class=\"bbc-19j92fr ebmt73l0\">\n<p dir=\"ltr\" class=\"bbc-hhl7in e17g058b0\">Ojeda era parte de un grupo de militares opositores al gobierno de Maduro autodenominado Movimiento por la Libertad y la Democracia, que firm\u00f3 un documento en el que le negaban su autoridad como presidente y comandante en jefe de las Fuerzas Armadas venezolanas.<\/p>\n<\/div>\n<div dir=\"ltr\" class=\"bbc-19j92fr ebmt73l0\">\n<p dir=\"ltr\" class=\"bbc-hhl7in e17g058b0\">Fue arrestado por las autoridades venezolanas en abril de 2017 junto con otros tres militares por su presunta implicaci\u00f3n en actos con &#8220;fines conspirativos y planificaci\u00f3n de acciones terroristas&#8221;. A los cuatro se les imputaron los delitos de rebeli\u00f3n, instigaci\u00f3n a la rebeli\u00f3n, mot\u00edn y traici\u00f3n a la patria.<\/p>\n<\/div>\n<div dir=\"ltr\" class=\"bbc-19j92fr ebmt73l0\">\n<p dir=\"ltr\" class=\"bbc-hhl7in e17g058b0\">Ojeda escap\u00f3 en noviembre de 2017 durante un traslado y asegur\u00f3 haber sido sometido a torturas durante su estancia en prisi\u00f3n.<\/p>\n<\/div>\n<div dir=\"ltr\" class=\"bbc-19j92fr ebmt73l0\">\n<p dir=\"ltr\" class=\"bbc-hhl7in e17g058b0\">Un a\u00f1o despu\u00e9s, el gobierno de Maduro public\u00f3 un decreto en el que degrad\u00f3 y expuls\u00f3 sin juicio previo a 24 oficiales, entre ellos \u00e9l.<\/p>\n<\/div>\n<div dir=\"ltr\" class=\"bbc-19j92fr ebmt73l0\">\n<p dir=\"ltr\" class=\"bbc-hhl7in e17g058b0\">Ya en Chile, el exmilitar alcanz\u00f3 cierta notoriedad cuando en noviembre de 2022 se manifest\u00f3 de rodillas y con una bolsa en la cabeza frente al Palacio de la Moneda para condenar el di\u00e1logo entre el chavismo y opositores y exigir la liberaci\u00f3n de presos pol\u00edticos.<\/p>\n<\/div>\n<div dir=\"ltr\" class=\"bbc-19j92fr ebmt73l0\">\n<p dir=\"ltr\" class=\"bbc-hhl7in e17g058b0\">En 2023, el gobierno chileno le concedi\u00f3 asilo pol\u00edtico.<\/p>\n<\/div>\n<div dir=\"ltr\" class=\"bbc-19j92fr ebmt73l0\">\n<p dir=\"ltr\" class=\"bbc-hhl7in e17g058b0\">El 21 de febrero de 2024 fue secuestrado por un grupo de hombres vestidos como agentes de la Polic\u00eda De Investigaciones chilena (PDI). Las c\u00e1maras del edificio captaron como lo sacaban en calzoncillos de su apartamento en la comuna de Independencia.<\/p>\n<\/div>\n<figure class=\"bbc-1qn0xuy\">\n<div class=\"bbc-j1srjl\" style=\"padding-bottom:66.7%\"><img loading=\"lazy\" decoding=\"async\" src=\"https:\/\/ichef.bbci.co.uk\/ace\/ws\/640\/cpsprodpb\/2cae\/live\/150889c0-d9af-11ef-a37f-eba91255dc3d.jpg.webp\" srcset=\"https:\/\/ichef.bbci.co.uk\/ace\/ws\/240\/cpsprodpb\/2cae\/live\/150889c0-d9af-11ef-a37f-eba91255dc3d.jpg.webp 240w, https:\/\/ichef.bbci.co.uk\/ace\/ws\/320\/cpsprodpb\/2cae\/live\/150889c0-d9af-11ef-a37f-eba91255dc3d.jpg.webp 320w, https:\/\/ichef.bbci.co.uk\/ace\/ws\/480\/cpsprodpb\/2cae\/live\/150889c0-d9af-11ef-a37f-eba91255dc3d.jpg.webp 480w, https:\/\/ichef.bbci.co.uk\/ace\/ws\/624\/cpsprodpb\/2cae\/live\/150889c0-d9af-11ef-a37f-eba91255dc3d.jpg.webp 624w, https:\/\/ichef.bbci.co.uk\/ace\/ws\/800\/cpsprodpb\/2cae\/live\/150889c0-d9af-11ef-a37f-eba91255dc3d.jpg.webp 800w\" sizes=\"auto, (min-width: 1008px) 760px, 100vw\" alt=\"Agentes chilenos junto a un veh\u00edculo policial. \" loading=\"lazy\" width=\"1024\" height=\"683\" style=\"aspect-ratio:1024 \/ 683\" class=\"bbc-139onq\"\/><\/p>\n<p class=\"bbc-by8ykd\" role=\"text\"><span class=\"bbc-m04vo2\">Fuente de la imagen, <\/span><span lang=\"en-GB\">Getty Images<\/span><\/p>\n<\/div><figcaption class=\"bbc-15f1ujd\" dir=\"ltr\"><span role=\"text\"><span class=\"bbc-m04vo2\">Pie de foto, <\/span><span data-testid=\"caption-paragraph\">La Polic\u00eda chilena llev\u00f3 a cabo un gran operativo contra el Tren de Aragua en la comuna de Maip\u00fa. <\/span><\/span><\/figcaption><\/figure>\n<p><h2 id=\"Las-\u00faltimas-novedades-del-caso-de-Ronald-Ojeda\" tabindex=\"-1\" class=\"bbc-1lgzob2 eglt09e0\">Las \u00faltimas novedades del caso de Ronald Ojeda<\/h2>\n<\/p>\n<div dir=\"ltr\" class=\"bbc-19j92fr ebmt73l0\">\n<p dir=\"ltr\" class=\"bbc-hhl7in e17g058b0\">Las \u00faltimas revelaciones en torno al caso de la muerte de Ojeda llegan despu\u00e9s de que la Polic\u00eda de Investigaciones y Carabineros de Chile llevaran a cabo este mi\u00e9rcoles un amplio operativo en varias comunas del \u00e1rea metropolitana de Santiago en el que fueron detenidas 23 personas sospechosas de pertenecer a Los Piratas, la rama local del Tren de Aragua a la que la polic\u00eda atribuye el asesinato de Ojeda.<\/p>\n<\/div>\n<div dir=\"ltr\" class=\"bbc-19j92fr ebmt73l0\">\n<p dir=\"ltr\" class=\"bbc-hhl7in e17g058b0\">Las autoridades chilenas tambi\u00e9n informaron de la detenci\u00f3n en Texas, Estados Unidos, del delincuente conocido bajo el alias &#8220;El Turko&#8221;, al que la investigaci\u00f3n apunta como el autor intelectual del asesinato por encargo de Ojeda.<\/p>\n<\/div>\n<div dir=\"ltr\" class=\"bbc-19j92fr ebmt73l0\">\n<p dir=\"ltr\" class=\"bbc-hhl7in e17g058b0\">&#8220;La detenci\u00f3n de Turko es una noticia muy buena para nuestra investigaci\u00f3n porque finalmente nos va a permitir tener la estructura completa&#8221;, dijo el fiscal Barros.<\/p>\n<\/div>\n<figure class=\"bbc-1qn0xuy\">\n<div class=\"bbc-j1srjl\" style=\"padding-bottom:12.5%\"><img loading=\"lazy\" decoding=\"async\" src=\"https:\/\/ichef.bbci.co.uk\/ace\/ws\/640\/cpsprodpb\/292c\/live\/7614e600-d9af-11ef-902e-cf9b84dc1357.png.webp\" srcset=\"https:\/\/ichef.bbci.co.uk\/ace\/ws\/240\/cpsprodpb\/292c\/live\/7614e600-d9af-11ef-902e-cf9b84dc1357.png.webp 240w, https:\/\/ichef.bbci.co.uk\/ace\/ws\/320\/cpsprodpb\/292c\/live\/7614e600-d9af-11ef-902e-cf9b84dc1357.png.webp 320w, https:\/\/ichef.bbci.co.uk\/ace\/ws\/480\/cpsprodpb\/292c\/live\/7614e600-d9af-11ef-902e-cf9b84dc1357.png.webp 480w, https:\/\/ichef.bbci.co.uk\/ace\/ws\/624\/cpsprodpb\/292c\/live\/7614e600-d9af-11ef-902e-cf9b84dc1357.png.webp 624w, https:\/\/ichef.bbci.co.uk\/ace\/ws\/800\/cpsprodpb\/292c\/live\/7614e600-d9af-11ef-902e-cf9b84dc1357.png.webp 800w\" sizes=\"auto, (min-width: 1008px) 760px, 100vw\" alt=\"L\u00ednea\" loading=\"lazy\" width=\"800\" height=\"100\" style=\"aspect-ratio:800 \/ 100\" class=\"bbc-139onq\"\/><\/div>\n<\/figure>\n<div dir=\"ltr\" class=\"bbc-19j92fr ebmt73l0\">\n<p dir=\"ltr\" class=\"bbc-hhl7in e17g058b0\">Suscr\u00edbete aqu\u00ed a nuestro nuevo newsletter para recibir cada viernes una selecci\u00f3n de nuestro mejor contenido de la semana.<\/p>\n<\/div>\n<div dir=\"ltr\" class=\"bbc-19j92fr ebmt73l0\">\n<p dir=\"ltr\" class=\"bbc-hhl7in e17g058b0\">Y recuerda que puedes recibir notificaciones en nuestra app. Descarga la \u00faltima versi\u00f3n y act\u00edvalas.<\/p>\n<\/div>\n<\/div>\n","protected":false},"excerpt":{"rendered":"<p>Fuente de la imagen, X Pie de foto, Ojeda formaba parte de un grupo de militares que apoy\u00f3 un documento en el que desconoc\u00edan a Nicol\u00e1s Maduro como jefe de las Fuerzas Armadas de Venezuela. Informaci\u00f3n del art\u00edculoAutor, Redacci\u00f3nT\u00edtulo del autor, BBC News Mundo 23 enero 2025 La Fiscal\u00eda chilena se\u00f1al\u00f3 al gobierno de Nicol\u00e1s [&hellip;]<\/p>\n","protected":false},"author":1,"featured_media":4949,"comment_status":"open","ping_status":"open","sticky":false,"template":"","format":"standard","meta":{"slim_seo":{"title":"La Fiscal\u00eda chilena acusa al gobierno de Venezuela de pagar por el asesinato del opositor Ronald Ojeda en Chile - PrensaHoy.com- Noticias de Chile y el Mundo","description":"Fuente de la imagen, X Pie de foto, Ojeda formaba parte de un grupo de militares que apoy\u00f3 un documento en el que desconoc\u00edan a Nicol\u00e1s Maduro como jefe de las"},"footnotes":""},"categories":[1],"tags":[1090,527,38,156,51,1089,72,1095,1093,1092,60,1094,1091],"class_list":["post-4948","post","type-post","status-publish","format-standard","has-post-thumbnail","hentry","category-sin-categoria","tag-acusa","tag-asesinato","tag-chile","tag-chilena","tag-del","tag-fiscalia","tag-gobierno","tag-ojeda","tag-opositor","tag-pagar","tag-por","tag-ronald","tag-venezuela"],"_links":{"self":[{"href":"https:\/\/prensahoy.com\/index.php\/wp-json\/wp\/v2\/posts\/4948","targetHints":{"allow":["GET"]}}],"collection":[{"href":"https:\/\/prensahoy.com\/index.php\/wp-json\/wp\/v2\/posts"}],"about":[{"href":"https:\/\/prensahoy.com\/index.php\/wp-json\/wp\/v2\/types\/post"}],"author":[{"embeddable":true,"href":"https:\/\/prensahoy.com\/index.php\/wp-json\/wp\/v2\/users\/1"}],"replies":[{"embeddable":true,"href":"https:\/\/prensahoy.com\/index.php\/wp-json\/wp\/v2\/comments?post=4948"}],"version-history":[{"count":0,"href":"https:\/\/prensahoy.com\/index.php\/wp-json\/wp\/v2\/posts\/4948\/revisions"}],"wp:featuredmedia":[{"embeddable":true,"href":"https:\/\/prensahoy.com\/index.php\/wp-json\/wp\/v2\/media\/4949"}],"wp:attachment":[{"href":"https:\/\/prensahoy.com\/index.php\/wp-json\/wp\/v2\/media?parent=4948"}],"wp:term":[{"taxonomy":"category","embeddable":true,"href":"https:\/\/prensahoy.com\/index.php\/wp-json\/wp\/v2\/categories?post=4948"},{"taxonomy":"post_tag","embeddable":true,"href":"https:\/\/prensahoy.com\/index.php\/wp-json\/wp\/v2\/tags?post=4948"}],"curies":[{"name":"wp","href":"https:\/\/api.w.org\/{rel}","templated":true}]}}