{"id":4897,"date":"2025-03-16T22:21:07","date_gmt":"2025-03-17T01:21:07","guid":{"rendered":"https:\/\/prensahoy.com\/index.php\/2025\/03\/16\/rinden-homenaje-en-chile-a-las-mujeres-palestinas-fotos\/"},"modified":"2025-03-16T22:21:07","modified_gmt":"2025-03-17T01:21:07","slug":"rinden-homenaje-en-chile-a-las-mujeres-palestinas-fotos","status":"publish","type":"post","link":"https:\/\/prensahoy.com\/index.php\/2025\/03\/16\/rinden-homenaje-en-chile-a-las-mujeres-palestinas-fotos\/","title":{"rendered":"Rinden homenaje en Chile a las mujeres palestinas (+Fotos)"},"content":{"rendered":"<div xmlns:default=\"http:\/\/www.w3.org\/2000\/svg\">\n<p>Durante la conmemoraci\u00f3n en la sede diplom\u00e1tica del D\u00eda Internacional de la Mujer, record\u00f3 Baboun que durante 77 a\u00f1os ellas han sufrido la ocupaci\u00f3n, el desplazamiento, el hambre, las humillaciones y agresiones de Israel.<\/p>\n<p><\/p>\n<p>Sobreviven en un territorio asediado, ocupado y bajo ataque, enfrentan restricciones en salud, educaci\u00f3n, saneamiento, acceso a la alimentaci\u00f3n y libertad de movimiento, dijo.<\/p>\n<p>Pero a pesar de la adversidad, afirm\u00f3, son resilientes, siguen luchando por el derecho a la paz, la justicia y la autodeterminaci\u00f3n, son madres, hijas, hermanas, protegen a su familia y al mismo tiempo mantienen viva la esperanza de un Estado soberano en el cual puedan vivir dignamente.<\/p>\n<p><img fetchpriority=\"high\" decoding=\"async\" class=\"alignnone wp-image-1533850 size-full\" src=\"https:\/\/www.prensa-latina.cu\/wp-content\/uploads\/2025\/03\/palestina-cuadro.jpg\" alt=\"\" width=\"1024\" height=\"554\" srcset=\"https:\/\/www.prensa-latina.cu\/wp-content\/uploads\/2025\/03\/palestina-cuadro.jpg 1024w, https:\/\/www.prensa-latina.cu\/wp-content\/uploads\/2025\/03\/palestina-cuadro-500x271.jpg 500w, https:\/\/www.prensa-latina.cu\/wp-content\/uploads\/2025\/03\/palestina-cuadro-768x416.jpg 768w\" sizes=\"(max-width: 1024px) 100vw, 1024px\"\/><\/p>\n<p>El acto en la embajada estuvo encabezado por la Ministra de Estado para Asuntos Exteriores y Expatriados de Palestina, doctora Varsen Aghabekian Shahin, y la subsecretaria de Relaciones Exteriores de Chile, Gloria de la Fuente.<\/p>\n<p>La ministra palestina llam\u00f3 a seguir condenando la opresi\u00f3n contra su pueblo y dijo que la perseverancia de sus mujeres prueba que la justicia llegar\u00e1.<\/p>\n<p>Shahin mantiene aqu\u00ed una serie de encuentros con autoridades, miembros de la sociedad civil y con la comunidad palestina, y esta semana inaugurar\u00e1 la exposici\u00f3n que muestra la restauraci\u00f3n de la Iglesia de la Natividad en Bel\u00e9n.<\/p>\n<p>A su turno, la subsecretaria de Relaciones Exteriores de Chile record\u00f3 que las mujeres palestinas han demostrado una valent\u00eda inquebrantable en circunstancias sumamente adversas.<\/p>\n<p>Seg\u00fan un informe de la Oficina del Alto Comisionado de Naciones Unidas para los Derechos Humanos, el 70 por ciento de las v\u00edctimas de la agresi\u00f3n israel\u00ed en Gaza son mujeres, ni\u00f1as y ni\u00f1os.<\/p>\n<p>La funcionaria record\u00f3 que el pasado a\u00f1o Chile envi\u00f3 100 mil d\u00f3lares a Gaza a trav\u00e9s del Fondo de Poblaci\u00f3n de la ONU, destinados a cubrir necesidades b\u00e1sicas de higiene mediante los llamados kits de dignidad.<\/p>\n<p>De la Fuente destac\u00f3 la visita de la ministra palestina, la cual \u2013declar\u00f3- es una muestra m\u00e1s del s\u00f3lido v\u00ednculo entre los dos pa\u00edses.<\/p>\n<p>Record\u00f3 que Chile mantiene una posici\u00f3n firme en su respaldo a los derechos del pueblo palestino y reafirma su compromiso con la soluci\u00f3n de dos Estados como \u00fanica v\u00eda para garantizar la paz, la seguridad y la dignidad.<\/p>\n<p>Tambi\u00e9n destac\u00f3 el valioso aporte en los distintos \u00e1mbitos de la sociedad de la comunidad palestina en este pa\u00eds, una de las m\u00e1s grandes fuera del mundo \u00e1rabe.<\/p>\n<p>Diplom\u00e1ticas, directoras, periodistas, artistas y mujeres solidarias con la causa de ese pueblo participaron en la conmemoraci\u00f3n, donde pudieron disfrutar de la presentaci\u00f3n del Conjunto Folkl\u00f3rico de Dabke del Club Palestino y de una muestra de trajes t\u00edpicos.<\/p>\n<p>arc\/car<\/p>\n<\/p><\/div>\n","protected":false},"excerpt":{"rendered":"<p>Durante la conmemoraci\u00f3n en la sede diplom\u00e1tica del D\u00eda Internacional de la Mujer, record\u00f3 Baboun que durante 77 a\u00f1os ellas han sufrido la ocupaci\u00f3n, el desplazamiento, el hambre, las humillaciones y agresiones de Israel. Sobreviven en un territorio asediado, ocupado y bajo ataque, enfrentan restricciones en salud, educaci\u00f3n, saneamiento, acceso a la alimentaci\u00f3n y libertad [&hellip;]<\/p>\n","protected":false},"author":1,"featured_media":4898,"comment_status":"open","ping_status":"open","sticky":false,"template":"","format":"standard","meta":{"slim_seo":{"title":"Rinden homenaje en Chile a las mujeres palestinas (+Fotos) - PrensaHoy.com- Noticias de Chile y el Mundo","description":"Durante la conmemoraci\u00f3n en la sede diplom\u00e1tica del D\u00eda Internacional de la Mujer, record\u00f3 Baboun que durante 77 a\u00f1os ellas han sufrido la ocupaci\u00f3n, el desplaz"},"footnotes":""},"categories":[1],"tags":[38,960,958,102,314,959,957],"class_list":["post-4897","post","type-post","status-publish","format-standard","has-post-thumbnail","hentry","category-sin-categoria","tag-chile","tag-fotos","tag-homenaje","tag-las","tag-mujeres","tag-palestinas","tag-rinden"],"_links":{"self":[{"href":"https:\/\/prensahoy.com\/index.php\/wp-json\/wp\/v2\/posts\/4897","targetHints":{"allow":["GET"]}}],"collection":[{"href":"https:\/\/prensahoy.com\/index.php\/wp-json\/wp\/v2\/posts"}],"about":[{"href":"https:\/\/prensahoy.com\/index.php\/wp-json\/wp\/v2\/types\/post"}],"author":[{"embeddable":true,"href":"https:\/\/prensahoy.com\/index.php\/wp-json\/wp\/v2\/users\/1"}],"replies":[{"embeddable":true,"href":"https:\/\/prensahoy.com\/index.php\/wp-json\/wp\/v2\/comments?post=4897"}],"version-history":[{"count":0,"href":"https:\/\/prensahoy.com\/index.php\/wp-json\/wp\/v2\/posts\/4897\/revisions"}],"wp:featuredmedia":[{"embeddable":true,"href":"https:\/\/prensahoy.com\/index.php\/wp-json\/wp\/v2\/media\/4898"}],"wp:attachment":[{"href":"https:\/\/prensahoy.com\/index.php\/wp-json\/wp\/v2\/media?parent=4897"}],"wp:term":[{"taxonomy":"category","embeddable":true,"href":"https:\/\/prensahoy.com\/index.php\/wp-json\/wp\/v2\/categories?post=4897"},{"taxonomy":"post_tag","embeddable":true,"href":"https:\/\/prensahoy.com\/index.php\/wp-json\/wp\/v2\/tags?post=4897"}],"curies":[{"name":"wp","href":"https:\/\/api.w.org\/{rel}","templated":true}]}}