{"id":4889,"date":"2025-03-15T22:17:33","date_gmt":"2025-03-16T01:17:33","guid":{"rendered":"https:\/\/prensahoy.com\/index.php\/2025\/03\/15\/llaman-en-chile-a-mantener-la-vigilancia-por-la-influenza-aviar\/"},"modified":"2025-03-15T22:17:33","modified_gmt":"2025-03-16T01:17:33","slug":"llaman-en-chile-a-mantener-la-vigilancia-por-la-influenza-aviar","status":"publish","type":"post","link":"https:\/\/prensahoy.com\/index.php\/2025\/03\/15\/llaman-en-chile-a-mantener-la-vigilancia-por-la-influenza-aviar\/","title":{"rendered":"Llaman en Chile a mantener la vigilancia por la Influenza Aviar"},"content":{"rendered":"<div xmlns:default=\"http:\/\/www.w3.org\/2000\/svg\" data-id=\"0aea3a0\" data-element_type=\"widget\" data-widget_type=\"theme-post-content.default\">\n<div class=\"elementor-widget-container\">\n<p>   En un comunicado publicado este mi\u00e9rcoles, advierte tambi\u00e9n la entidad sobre los recientes casos de bovinos infectados en Estados Unidos y las investigaciones de la Universidad de Chile que dan cuenta de la presencia del virus en la Ant\u00e1rtica.<\/p>\n<p>   Durante los \u00faltimos a\u00f1os, la influenza aviar expandi\u00f3 su alcance y afect\u00f3 no solo a aves dom\u00e9sticas y silvestres, sino tambi\u00e9n a mam\u00edferos, lo cual indica una mayor capacidad de adaptaci\u00f3n a nuevas especies y ecosistemas.<\/p>\n<p>   Si bien en este pa\u00eds no se han reportado casos recientes, la detecci\u00f3n en territorios vecinos sugiere que la amenaza sigue presente, dijo V\u00edctor Neira, vocero de la Comisi\u00f3n Una Salud, del Colmevet.<\/p>\n<p>   Chile ha tomado medidas preventivas importantes, con una coordinaci\u00f3n entre el Servicio Agr\u00edcola y Ganadero, la industria av\u00edcola y otras entidades, as\u00ed como la realizaci\u00f3n de mesas de trabajo donde participa el Colegio M\u00e9dico Veterinario.<\/p>\n<p>   Tambi\u00e9n se mantienen la vigilancia activa en aves dom\u00e9sticas y silvestres, los protocolos de bioseguridad en granjas y la capacitaci\u00f3n del personal.<\/p>\n<p>   No obstante, la situaci\u00f3n global exige que estas acciones se sigan fortaleciendo para mitigar riesgos, se\u00f1al\u00f3 el comunicado.<\/p>\n<p>   Recuerda que la Influenza Aviar Altamente Pat\u00f3gena provoca elevadas tasas de mortalidad en aves dom\u00e9sticas y silvestres, as\u00ed como en mam\u00edferos marinos, impactos en la biodiversidad y graves repercusiones econ\u00f3micas para la industria av\u00edcola.<\/p>\n<p>   Aunque la transmisi\u00f3n a humanos es poco frecuente, cuando ocurre puede ser grave y por ello la reciente expansi\u00f3n a otras especies debe ser vigilada con mucha atenci\u00f3n.<\/p>\n<p>rc\/car<\/p>\n<\/p><\/div>\n<\/p><\/div>\n","protected":false},"excerpt":{"rendered":"<p>En un comunicado publicado este mi\u00e9rcoles, advierte tambi\u00e9n la entidad sobre los recientes casos de bovinos infectados en Estados Unidos y las investigaciones de la Universidad de Chile que dan cuenta de la presencia del virus en la Ant\u00e1rtica. Durante los \u00faltimos a\u00f1os, la influenza aviar expandi\u00f3 su alcance y afect\u00f3 no solo a aves [&hellip;]<\/p>\n","protected":false},"author":1,"featured_media":4890,"comment_status":"open","ping_status":"open","sticky":false,"template":"","format":"standard","meta":{"slim_seo":{"title":"Llaman en Chile a mantener la vigilancia por la Influenza Aviar - PrensaHoy.com- Noticias de Chile y el Mundo","description":"En un comunicado publicado este mi\u00e9rcoles, advierte tambi\u00e9n la entidad sobre los recientes casos de bovinos infectados en Estados Unidos y las investigaciones d"},"footnotes":""},"categories":[1],"tags":[929,38,928,925,926,60,927],"class_list":["post-4889","post","type-post","status-publish","format-standard","has-post-thumbnail","hentry","category-sin-categoria","tag-aviar","tag-chile","tag-influenza","tag-llaman","tag-mantener","tag-por","tag-vigilancia"],"_links":{"self":[{"href":"https:\/\/prensahoy.com\/index.php\/wp-json\/wp\/v2\/posts\/4889","targetHints":{"allow":["GET"]}}],"collection":[{"href":"https:\/\/prensahoy.com\/index.php\/wp-json\/wp\/v2\/posts"}],"about":[{"href":"https:\/\/prensahoy.com\/index.php\/wp-json\/wp\/v2\/types\/post"}],"author":[{"embeddable":true,"href":"https:\/\/prensahoy.com\/index.php\/wp-json\/wp\/v2\/users\/1"}],"replies":[{"embeddable":true,"href":"https:\/\/prensahoy.com\/index.php\/wp-json\/wp\/v2\/comments?post=4889"}],"version-history":[{"count":0,"href":"https:\/\/prensahoy.com\/index.php\/wp-json\/wp\/v2\/posts\/4889\/revisions"}],"wp:featuredmedia":[{"embeddable":true,"href":"https:\/\/prensahoy.com\/index.php\/wp-json\/wp\/v2\/media\/4890"}],"wp:attachment":[{"href":"https:\/\/prensahoy.com\/index.php\/wp-json\/wp\/v2\/media?parent=4889"}],"wp:term":[{"taxonomy":"category","embeddable":true,"href":"https:\/\/prensahoy.com\/index.php\/wp-json\/wp\/v2\/categories?post=4889"},{"taxonomy":"post_tag","embeddable":true,"href":"https:\/\/prensahoy.com\/index.php\/wp-json\/wp\/v2\/tags?post=4889"}],"curies":[{"name":"wp","href":"https:\/\/api.w.org\/{rel}","templated":true}]}}